{"id":7859,"date":"2023-08-12T08:03:44","date_gmt":"2023-08-12T07:03:44","guid":{"rendered":"https:\/\/tjsokolkoberice.cz\/?p=7859"},"modified":"2025-10-14T11:48:19","modified_gmt":"2025-10-14T10:48:19","slug":"zacal-novy-rocnik-krajskeho-preboru","status":"publish","type":"post","link":"https:\/\/tjsokolkoberice.cz\/?p=7859","title":{"rendered":"Za\u010dal nov\u00fd ro\u010dn\u00edk Krajsk\u00e9ho p\u0159eboru"},"content":{"rendered":"<p><strong><span style=\"font-family: helvetica, arial, sans-serif; font-size: 14pt;\">Za\u010dal nov\u00fd ro\u010dn\u00edk Krajsk\u00e9ho p\u0159eboru<\/span><\/strong><\/p>\n<p>&nbsp;<\/p>\n<p style=\"text-align: justify;\"><span style=\"font-size: 12pt; font-family: helvetica, arial, sans-serif;\">O uplynul\u00e9m v\u00edkendu se po sedmit\u00fddenn\u00ed p\u0159est\u00e1vce op\u011bt rozb\u011bhnul fotbalov\u00fd Krajsk\u00fd p\u0159ebor. Po solidn\u00ed 8. p\u0159\u00ed\u010dce z&nbsp;minul\u00e9ho ro\u010dn\u00edku do n\u011bj vstoupili tak\u00e9 na\u0161i fotbalist\u00e9 pod veden\u00edm nov\u00e9ho tren\u00e9ra Petra Sou\u010dka &nbsp;&nbsp;a vedouc\u00edho Petra Schlischky.<\/span><\/p>\n<p style=\"text-align: justify;\"><span style=\"font-size: 12pt; font-family: helvetica, arial, sans-serif;\">\u00davodn\u00ed utk\u00e1n\u00ed jsme zvl\u00e1dli s&nbsp;p\u0159ehledem po v\u00edt\u011bzstv\u00ed 4:0 v&nbsp;Orlov\u00e9! (viz report z&nbsp;utk\u00e1n\u00ed).<\/span><\/p>\n<p style=\"text-align: justify;\"><span style=\"font-size: 12pt; font-family: helvetica, arial, sans-serif;\">B\u011bhem kr\u00e1tk\u00e9 t\u0159\u00edt\u00fddenn\u00ed p\u0159\u00edpravy sehr\u00e1li na\u0161i hr\u00e1\u010di \u010dty\u0159i p\u0159\u00edpravn\u00e1 utk\u00e1n\u00ed. Nejprve vysoko podlehli divizn\u00edmu Krnovu 1:6, pot\u00e9 zv\u00edt\u011bzili ve Strahovic\u00edch 4:3, porazili dorost Poruby 5:1 a v&nbsp;gener\u00e1lce remizovali bez branek s&nbsp;Krava\u0159emi.<\/span><\/p>\n<p style=\"text-align: justify;\"><span style=\"font-size: 12pt; font-family: helvetica, arial, sans-serif;\">Krajsk\u00fd p\u0159ebor opustily sousedn\u00ed Bolatice, kter\u00e9 sestoupily do 1.A t\u0159\u00eddy. Do divize postoupili \u0158epi\u0161t\u011b a Vratimov. Nov\u00fdmi celky v&nbsp;nov\u00e9m ro\u010dn\u00edku jsou Stonava, Kr\u00e1sn\u00e9 Pole a Krava\u0159e.<\/span><\/p>\n<p style=\"text-align: justify;\"><span style=\"font-size: 12pt; font-family: helvetica, arial, sans-serif;\">V&nbsp;k\u00e1dru na\u0161eho mu\u017estva do\u0161lo k&nbsp;n\u011bkolika zm\u011bn\u00e1m. S&nbsp;fotbalem skon\u010dili Buchta a \u0160evior, Sotorn\u00edk ode\u0161el do M\u011bsta Albrechtice a Kollek Luk\u00e1\u0161, kter\u00fd zkus\u00ed \u0161t\u011bst\u00ed na p\u016flro\u010dn\u00edm hostov\u00e1n\u00ed v&nbsp;divizn\u00edm B\u00edlovci. Novicemi v&nbsp;k\u00e1dru jsou Andreas Kolar\u010d\u00edk a Martin Schlischka, kter\u00fd se vr\u00e1til z&nbsp;hostov\u00e1n\u00ed ze Strahovic. Na posledn\u00ed chv\u00edli se poda\u0159ilo dojednat p\u0159\u00edchod talentovan\u00e9ho Vojt\u011bcha Petzucha, kter\u00fd naposledy hr\u00e1l v&nbsp;opavsk\u00e9m dorostu. Sv\u016fj prostor v&nbsp;p\u0159\u00edprav\u011b dostali tak\u00e9 na\u0161i nad\u011bjn\u00ed dorostenci Stare\u010dek, Biel\u00e1k, Slanina, Birtek, Hant\u00e1k, Tom\u00ed\u010dek, Breksa, Voln\u00fd &nbsp;&nbsp;&nbsp;&nbsp;&nbsp;&nbsp;&nbsp;&nbsp;&nbsp;&nbsp;a St\u0159\u00edbn\u00fd Vojta<\/span><\/p>\n<p style=\"text-align: justify;\"><span style=\"font-size: 12pt; font-family: helvetica, arial, sans-serif;\">Vstup do nov\u00e9ho ro\u010dn\u00edku zvl\u00e1dli na\u0161i hr\u00e1\u010di na v\u00fdbornou! Prvn\u00ed dom\u00e1c\u00ed utk\u00e1n\u00ed sehraj\u00ed v&nbsp;sobotu 12. srpna od 16 hodin doma proti Doln\u00ed Datyni. Na toto utk\u00e1n\u00ed V\u00e1s srde\u010dn\u011b zveme! P\u0159ejeme na\u0161im hr\u00e1\u010d\u016fm pevn\u00e9 zdrav\u00ed a hodn\u011b \u0161t\u011bst\u00ed v&nbsp;nadch\u00e1zej\u00edc\u00ed sez\u00f3n\u011b!<\/span><\/p>\n","protected":false},"excerpt":{"rendered":"<p>Za\u010dal nov\u00fd ro\u010dn\u00edk Krajsk\u00e9ho p\u0159eboru &nbsp; O uplynul\u00e9m v\u00edkendu se po sedmit\u00fddenn\u00ed p\u0159est\u00e1vce op\u011bt rozb\u011bhnul fotbalov\u00fd Krajsk\u00fd p\u0159ebor. Po solidn\u00ed 8. p\u0159\u00ed\u010dce z&nbsp;minul\u00e9ho ro\u010dn\u00edku do n\u011bj<span class=\"excerpt-hellip\"> [\u2026]<\/span><\/p>\n","protected":false},"author":3,"featured_media":3370,"comment_status":"closed","ping_status":"open","sticky":false,"template":"","format":"standard","meta":{"ngg_post_thumbnail":0,"footnotes":""},"categories":[115,107,104,102],"tags":[],"class_list":["post-7859","post","type-post","status-publish","format-standard","has-post-thumbnail","hentry","category-a-tym","category-fotbal","category-vysledky","category-zapasy"],"_links":{"self":[{"href":"https:\/\/tjsokolkoberice.cz\/index.php?rest_route=\/wp\/v2\/posts\/7859","targetHints":{"allow":["GET"]}}],"collection":[{"href":"https:\/\/tjsokolkoberice.cz\/index.php?rest_route=\/wp\/v2\/posts"}],"about":[{"href":"https:\/\/tjsokolkoberice.cz\/index.php?rest_route=\/wp\/v2\/types\/post"}],"author":[{"embeddable":true,"href":"https:\/\/tjsokolkoberice.cz\/index.php?rest_route=\/wp\/v2\/users\/3"}],"replies":[{"embeddable":true,"href":"https:\/\/tjsokolkoberice.cz\/index.php?rest_route=%2Fwp%2Fv2%2Fcomments&post=7859"}],"version-history":[{"count":2,"href":"https:\/\/tjsokolkoberice.cz\/index.php?rest_route=\/wp\/v2\/posts\/7859\/revisions"}],"predecessor-version":[{"id":7861,"href":"https:\/\/tjsokolkoberice.cz\/index.php?rest_route=\/wp\/v2\/posts\/7859\/revisions\/7861"}],"wp:featuredmedia":[{"embeddable":true,"href":"https:\/\/tjsokolkoberice.cz\/index.php?rest_route=\/wp\/v2\/media\/3370"}],"wp:attachment":[{"href":"https:\/\/tjsokolkoberice.cz\/index.php?rest_route=%2Fwp%2Fv2%2Fmedia&parent=7859"}],"wp:term":[{"taxonomy":"category","embeddable":true,"href":"https:\/\/tjsokolkoberice.cz\/index.php?rest_route=%2Fwp%2Fv2%2Fcategories&post=7859"},{"taxonomy":"post_tag","embeddable":true,"href":"https:\/\/tjsokolkoberice.cz\/index.php?rest_route=%2Fwp%2Fv2%2Ftags&post=7859"}],"curies":[{"name":"wp","href":"https:\/\/api.w.org\/{rel}","templated":true}]}}