{"id":7909,"date":"2023-09-08T12:19:19","date_gmt":"2023-09-08T11:19:19","guid":{"rendered":"https:\/\/tjsokolkoberice.cz\/?p=7909"},"modified":"2025-10-14T11:48:19","modified_gmt":"2025-10-14T10:48:19","slug":"vysledky-nasich-muzstev-30","status":"publish","type":"post","link":"https:\/\/tjsokolkoberice.cz\/?p=7909","title":{"rendered":"V\u00fdsledky na\u0161ich mu\u017estev"},"content":{"rendered":"<p><span style=\"font-family: helvetica, arial, sans-serif; font-size: 12pt;\">Ned\u011ble 3. z\u00e1\u0159\u00ed 2023<\/span><\/p>\n<p><span style=\"font-size: 12pt;\"><span style=\"font-family: helvetica, arial, sans-serif;\"><strong><span style=\"font-size: 14pt;\">A mu\u017ei \u2013 SK Moravan Old\u0159i\u0161ov&nbsp; 6:1 (2:1)<\/span> <\/strong><\/span><\/span><\/p>\n<p><span style=\"font-family: helvetica, arial, sans-serif; font-size: 12pt;\">V&nbsp;jednozna\u010dnou z\u00e1le\u017eitost se zm\u011bnilo derby krajsk\u00e9ho p\u0159eboru mezi Kobe\u0159icemi a Old\u0159i\u0161ovem. Dom\u00e1c\u00ed fotbalist\u00e9 si ve druh\u00e9m polo\u010dase otev\u0159eli st\u0159elnici. Kobe\u0159ice vyhr\u00e1ly 6:1. Kone\u010dn\u00fd v\u00fdsledek byl pro Moravan je\u0161t\u011b milosrdn\u00fd.<\/span><\/p>\n<p><span style=\"font-family: helvetica, arial, sans-serif; font-size: 12pt;\">Sk\u00f3re se m\u011bnilo u\u017e po sedmi minut\u00e1ch. Hartmann dal m\u00ed\u010d Ka\u0161n\u00e9mu a ten prost\u0159elil Hlav\u00e1\u010dka. \u201eDali jsme rychl\u00fd g\u00f3l. Vypracovali jsme si spoustu dal\u0161\u00edch \u0161anc\u00ed, kter\u00e9 jsme neprom\u011bnili,\u201c \u0159ekl dom\u00e1c\u00ed kou\u010d Petr Sou\u010dek. Ve 34.&nbsp;minut\u011b se k&nbsp;odra\u017een\u00e9mu m\u00ed\u010di dostal Bo\u0159uck\u00fd. Zjevil se s\u00e1m p\u0159ed \u0160tencelem a vyrovnal. P\u011bt minut p\u0159ed polo\u010dasem se ve skrum\u00e1\u017ei nejl\u00e9pe zorientoval \u0160ime\u010dek a vr\u00e1til Kobe\u0159ic\u00edm veden\u00ed. \u201eKobe\u0159ice byly lep\u0161\u00edm t\u00fdmem. Vypracovaly si spoustu \u0161anc\u00ed. My jsme mohli d\u00e1t na 2:2, ot\u00e1zkou je, zda by to n\u011bco \u0159e\u0161ilo. Soupe\u0159 n\u00e1s p\u0159ehr\u00e1val, hr\u00e1l opravdu dob\u0159e,\u201c uvedl k&nbsp;prvn\u00edmu polo\u010dasu hraj\u00edc\u00ed tren\u00e9r Old\u0159i\u0161ova Petr Hlav\u00e1\u010dek, kter\u00fd v&nbsp;\u00favodn\u00ed p\u011bta\u010dty\u0159icetiminutovce chytil minim\u00e1ln\u011b t\u0159i tutovky.<\/span><\/p>\n<p><span style=\"font-family: helvetica, arial, sans-serif; font-size: 12pt;\">Po p\u0159est\u00e1vce se kobe\u0159ick\u00e1 ma\u0161ina rozjela. Po g\u00f3lu na 3:1 u\u017e dom\u00e1c\u00ed d\u011bn\u00ed na tr\u00e1vn\u00edku ovl\u00e1dli. \u201eKluci hr\u00e1li opravdu dob\u0159e. Jsem spokojen\u00fd s&nbsp;jejich p\u0159\u00edstupem. Po dvou por\u00e1\u017ek\u00e1ch v&nbsp;\u0159ad\u011b, jsme dok\u00e1zali doma vyhr\u00e1t. Je vid\u011bt, \u017ee pr\u00e1ci, kterou d\u011bl\u00e1me na tr\u00e9ninc\u00edch, m\u00e1 smysl. Bav\u00ed to hr\u00e1\u010de, bav\u00ed to m\u011b a tak to m\u00e1 b\u00fdt,\u201c pochvaloval si Petr Sou\u010dek. \u201eV\u00fdsledek 1:6 je pro n\u00e1s je\u0161t\u011b milosrdn\u00fd. Petr Sou\u010dek sv\u016fj t\u00fdm na n\u00e1s dob\u0159e p\u0159ipravil. Kobe\u0159ice se prezentovaly dobr\u00fdm fotbalem,\u201c pochv\u00e1lil soupe\u0159e Petr Hlav\u00e1\u010dek a dodal: \u201ePro Old\u0159i\u0161ov byl tento z\u00e1pas ud\u00e1losti podzimu. My jsme ho v\u016fbec ale nezvl\u00e1dli. Na h\u0159i\u0161ti jsme vypadali jako dorostenci\u201c (zdroj opavsky.denik.cz).<\/span><\/p>\n<p><span style=\"font-family: helvetica, arial, sans-serif; font-size: 12pt;\"><strong>Branky:<\/strong>&nbsp;7.&nbsp;Ka\u0161n\u00fd, 40.&nbsp;\u0160ime\u010dek, 68.&nbsp;Kry\u0161tof, 74.&nbsp;a 82.&nbsp;Hartmann, 89.&nbsp;O. Stuchl\u00edk \u2013 34.&nbsp;Bo\u0159uck\u00fd.&nbsp;<\/span><\/p>\n<p><span style=\"font-family: helvetica, arial, sans-serif; font-size: 12pt;\"><strong>Rozhod\u010d\u00ed:<\/strong>&nbsp;Stankov \u2013 Tak\u00e1\u010d, Macrineanu.<\/span><\/p>\n<p><span style=\"font-family: helvetica, arial, sans-serif; font-size: 12pt;\"><strong>Div\u00e1ci:<\/strong>&nbsp;314.<\/span><\/p>\n<p><span style=\"font-family: helvetica, arial, sans-serif; font-size: 12pt;\"><strong>Kobe\u0159ice:<\/strong>&nbsp;\u0160tencel \u2013 Stare\u010dek, Robin Wirth, Ve\u010derek, P. Stuchl\u00edk (64.&nbsp;\u0160. St\u0159\u00edbn\u00fd) \u2013 Ren\u00e9 Wirth (75.&nbsp;Schlischka), Ka\u0161n\u00fd, Kry\u0161tof \u2013 Kubn\u00fd (75.&nbsp;O. Stuchl\u00edk), \u0160ime\u010dek (75.&nbsp;M. St\u0159\u00edbn\u00fd), A. Hartmann (83.&nbsp;V. St\u0159\u00edbn\u00fd). Tren\u00e9r: Petr Sou\u010dek.<\/span><\/p>\n<p><span style=\"color: #0000ff;\"><a style=\"color: #0000ff;\" href=\"https:\/\/souteze.fotbal.cz\/turnaje\/hlavni\/302f85e7-a4b6-4b0d-a664-2245a6578b09\"><span style=\"font-family: helvetica, arial, sans-serif; font-size: 12pt;\">Tabulka<\/span><\/a><\/span><\/p>\n<p><span style=\"font-family: helvetica, arial, sans-serif; font-size: 12pt;\"><strong>&nbsp;<\/strong><\/span><\/p>\n<p><span style=\"font-family: helvetica, arial, sans-serif; font-size: 14pt;\"><strong>Hn\u011bvo\u0161ice &#8211; B mu\u017ei&nbsp;&nbsp; 2:2 (1:1)<\/strong><\/span><\/p>\n<p><span style=\"font-family: helvetica, arial, sans-serif; font-size: 12pt;\"><strong>Branky: <\/strong>45., 84. Kubn\u00fd David<\/span><\/p>\n<p><span style=\"font-family: helvetica, arial, sans-serif; font-size: 12pt;\"><strong>Sestava<\/strong>: St\u0159\u00edbn\u00fd, Kolar\u010d\u00edk, Pa\u0161ek, Stuchl\u00edk R., Jur\u010dek L., Christoph, Halfar O., Kretek, Nov\u00e1k, Kaspar, Kubn\u00fd<\/span><\/p>\n<p><span style=\"font-family: helvetica, arial, sans-serif; font-size: 12pt;\"><strong>St\u0159\u00eddali<\/strong>: Latka, Moravec, N\u00e1vrat, V\u00e1clav\u00edk A., Kubn\u00fd<\/span><\/p>\n<p><a href=\"https:\/\/souteze.fotbal.cz\/turnaje\/hlavni\/7bc0ee01-5c83-44bb-9399-97e0f9ccef2a\"><span style=\"font-family: helvetica, arial, sans-serif; font-size: 12pt; color: #0000ff;\">Tabulka<\/span><\/a><\/p>\n<p>&nbsp;<\/p>\n<p>&nbsp;<\/p>\n<p><span style=\"font-family: helvetica, arial, sans-serif; font-size: 12pt;\"><strong>St. dorost \u2013 Horn\u00ed Such\u00e1 &nbsp;&nbsp;1:3&nbsp; (0:1)<\/strong><\/span><\/p>\n<p><span style=\"font-family: helvetica, arial, sans-serif; font-size: 12pt;\"><strong>Branky<\/strong>: 65. Breksa<\/span><\/p>\n<p><span style=\"font-family: helvetica, arial, sans-serif; font-size: 12pt;\"><strong>Sestava<\/strong>: Hartmann, St\u0159\u00edbn\u00fd V., Hant\u00e1k, Breksa, Slanina, Tom\u00ed\u010dek, &nbsp;Birtek, Gross, Stuchl\u00edk O., V\u00e1clav\u00edk &nbsp;A., Voln\u00fd<\/span><\/p>\n<p><span style=\"font-family: helvetica, arial, sans-serif; font-size: 12pt;\"><strong>St\u0159\u00eddali<\/strong>: Li\u0161ka, Kubn\u00fd, Stare\u010dek, Besta, Mrva, Grigar\u010d\u00edk, Hanzl\u00edk<\/span><\/p>\n<p><a href=\"https:\/\/souteze.fotbal.cz\/turnaje\/hlavni\/0201eee7-cb71-4133-bcac-1253000fbf43\"><span style=\"font-family: helvetica, arial, sans-serif; font-size: 12pt; color: #0000ff;\">Tabulka<\/span><\/a><\/p>\n<p>&nbsp;<\/p>\n<p><span style=\"font-family: helvetica, arial, sans-serif; font-size: 12pt;\"><strong>Ml. dorost \u2013 Horn\u00ed Such\u00e1 &nbsp;&nbsp;6:4&nbsp; (2:4)<\/strong><\/span><\/p>\n<p><span style=\"font-family: helvetica, arial, sans-serif; font-size: 12pt;\"><strong>Branky:&nbsp; <\/strong>8. Grigar\u010d\u00edk, 25. Hrb\u00e1\u010d, 65., 66., 78. Mrva, 75. Hanzl\u00edk<\/span><\/p>\n<p><span style=\"font-family: helvetica, arial, sans-serif; font-size: 12pt;\"><strong>Sestava<\/strong>: Pavlovi\u010d, Poni\u0161t, Hanzl\u00edk, Mac, Kamr\u00e1d, Grigar\u010d\u00edk, Pa\u0161ek, Mrva, Duda, Hald\u011bj, Herich<\/span><\/p>\n<p><span style=\"font-family: helvetica, arial, sans-serif; font-size: 12pt;\"><strong>St\u0159\u00eddali<\/strong>: St\u0159\u00edbn\u00fd V., Bolack\u00fd, Muller, Pla\u010dek, St\u0159\u00edbn\u00fd V., Hrb\u00e1\u010d<\/span><\/p>\n<p><a href=\"https:\/\/souteze.fotbal.cz\/turnaje\/hlavni\/0c16b02d-65e2-4697-b6e8-53861d1a1e7e\"><span style=\"font-family: helvetica, arial, sans-serif; font-size: 12pt; color: #0000ff;\">Tabulka<\/span><\/a><\/p>\n<p>&nbsp;<\/p>\n<p>&nbsp;<\/p>\n<p><span style=\"font-family: helvetica, arial, sans-serif; font-size: 12pt;\"><strong>He\u0159manice &#8211; St. \u017e\u00e1ci &nbsp;6:0&nbsp; (3:0)<\/strong><\/span><\/p>\n<p><span style=\"font-family: helvetica, arial, sans-serif; font-size: 12pt;\"><strong>Sestava<\/strong>: Malch\u00e1rek, St\u0159\u00edbn\u00fd V., Hald\u011bj, \u010cern\u00fd, Pla\u010dek, B\u0159emek, Sedl\u00e1\u010dek, Schweidler, Herudek, Herich, Kurka<\/span><\/p>\n<p><span style=\"font-size: 12pt;\"><span style=\"font-family: helvetica, arial, sans-serif;\"><strong>St\u0159\u00eddali<\/strong>: Krettek, Meleck\u00fd, Duda, \u010cir\u017e, Pavlovi\u010d, Hagen<\/span><span style=\"font-family: helvetica, arial, sans-serif;\"><strong>&nbsp;<\/strong><\/span><\/span><\/p>\n<p><a href=\"https:\/\/souteze.fotbal.cz\/turnaje\/hlavni\/b3b51ca5-e83a-4731-9298-50ad8e61789f\"><span style=\"font-family: helvetica, arial, sans-serif; font-size: 12pt; color: #0000ff;\">Tabulka<\/span><\/a><\/p>\n<p>&nbsp;<\/p>\n<p><span style=\"font-family: helvetica, arial, sans-serif; font-size: 12pt;\"><strong>He\u0159manice &#8211; Ml. \u017e\u00e1ci &nbsp;4:0&nbsp; (1:0)<\/strong><\/span><\/p>\n<p><span style=\"font-family: helvetica, arial, sans-serif; font-size: 12pt;\"><strong>Sestava<\/strong>: Malch\u00e1rek, Krettek, Kolod\u011bj, Pavlovi\u010d, Kermes, Juchelka, Herudek, Kurka, \u010cir\u017e, Mrovec, Kone\u010dn\u00fd<\/span><\/p>\n<p><span style=\"font-family: helvetica, arial, sans-serif; font-size: 12pt;\"><strong>St\u0159\u00eddali<\/strong>: Bialas, Vyb\u00edral<\/span><\/p>\n<p><a href=\"https:\/\/souteze.fotbal.cz\/turnaje\/hlavni\/3a93f513-d0a8-4277-af8c-1082eec0c80f\"><span style=\"font-family: helvetica, arial, sans-serif; font-size: 12pt; color: #0000ff;\">Tabulka<\/span><\/a><\/p>\n<p>&nbsp;<\/p>\n<p><span style=\"font-family: helvetica, arial, sans-serif; font-size: 12pt;\">\u00dater\u00fd 5. z\u00e1\u0159\u00ed &nbsp;2023&nbsp; (semifin\u00e1le poh\u00e1ru)<\/span><\/p>\n<p><span style=\"font-family: helvetica, arial, sans-serif; font-size: 14pt;\"><strong>St. dorost \u2013 Darkovi\u010dky 3:0&nbsp; (1:0)<\/strong><\/span><\/p>\n<p><span style=\"font-family: helvetica, arial, sans-serif; font-size: 12pt;\"><strong>Branky<\/strong>: Stuchl\u00edk O., Gross, Slanina<\/span><\/p>\n<p><span style=\"font-family: helvetica, arial, sans-serif; font-size: 12pt;\"><strong>Sestava<\/strong>: Hartmann, Hant\u00e1k, Breksa, Slanina, Tom\u00ed\u010dek, &nbsp;Birtek, Gross, Li\u0161ka, Voln\u00fd, Besta, Kubn\u00fd<\/span><\/p>\n<p><span style=\"font-family: helvetica, arial, sans-serif; font-size: 12pt;\"><strong>St\u0159\u00eddali<\/strong>: Stuchl\u00edk O., St\u0159\u00edbn\u00fd V., Cziepl\u00fd, Grigar\u010d\u00edk, Hanzl\u00edk<\/span><\/p>\n<p><a href=\"https:\/\/souteze.fotbal.cz\/turnaje\/hlavni\/0201eee7-cb71-4133-bcac-1253000fbf43\"><span style=\"font-family: helvetica, arial, sans-serif; font-size: 12pt; color: #0000ff;\">Tabulka<\/span><\/a><\/p>\n","protected":false},"excerpt":{"rendered":"<p>Ned\u011ble 3. z\u00e1\u0159\u00ed 2023 A mu\u017ei \u2013 SK Moravan Old\u0159i\u0161ov&nbsp; 6:1 (2:1) V&nbsp;jednozna\u010dnou z\u00e1le\u017eitost se zm\u011bnilo derby krajsk\u00e9ho p\u0159eboru mezi Kobe\u0159icemi a Old\u0159i\u0161ovem. Dom\u00e1c\u00ed fotbalist\u00e9 si<span class=\"excerpt-hellip\"> [\u2026]<\/span><\/p>\n","protected":false},"author":3,"featured_media":3288,"comment_status":"closed","ping_status":"open","sticky":false,"template":"","format":"standard","meta":{"ngg_post_thumbnail":0,"footnotes":""},"categories":[115,112,110,107,117,111,104,102],"tags":[],"class_list":["post-7909","post","type-post","status-publish","format-standard","has-post-thumbnail","hentry","category-a-tym","category-b-tym","category-dorost","category-fotbal","category-mladsi-zaci","category-starsi-zaci","category-vysledky","category-zapasy"],"_links":{"self":[{"href":"https:\/\/tjsokolkoberice.cz\/index.php?rest_route=\/wp\/v2\/posts\/7909","targetHints":{"allow":["GET"]}}],"collection":[{"href":"https:\/\/tjsokolkoberice.cz\/index.php?rest_route=\/wp\/v2\/posts"}],"about":[{"href":"https:\/\/tjsokolkoberice.cz\/index.php?rest_route=\/wp\/v2\/types\/post"}],"author":[{"embeddable":true,"href":"https:\/\/tjsokolkoberice.cz\/index.php?rest_route=\/wp\/v2\/users\/3"}],"replies":[{"embeddable":true,"href":"https:\/\/tjsokolkoberice.cz\/index.php?rest_route=%2Fwp%2Fv2%2Fcomments&post=7909"}],"version-history":[{"count":1,"href":"https:\/\/tjsokolkoberice.cz\/index.php?rest_route=\/wp\/v2\/posts\/7909\/revisions"}],"predecessor-version":[{"id":7910,"href":"https:\/\/tjsokolkoberice.cz\/index.php?rest_route=\/wp\/v2\/posts\/7909\/revisions\/7910"}],"wp:featuredmedia":[{"embeddable":true,"href":"https:\/\/tjsokolkoberice.cz\/index.php?rest_route=\/wp\/v2\/media\/3288"}],"wp:attachment":[{"href":"https:\/\/tjsokolkoberice.cz\/index.php?rest_route=%2Fwp%2Fv2%2Fmedia&parent=7909"}],"wp:term":[{"taxonomy":"category","embeddable":true,"href":"https:\/\/tjsokolkoberice.cz\/index.php?rest_route=%2Fwp%2Fv2%2Fcategories&post=7909"},{"taxonomy":"post_tag","embeddable":true,"href":"https:\/\/tjsokolkoberice.cz\/index.php?rest_route=%2Fwp%2Fv2%2Ftags&post=7909"}],"curies":[{"name":"wp","href":"https:\/\/api.w.org\/{rel}","templated":true}]}}