{"id":7913,"date":"2023-09-14T11:17:26","date_gmt":"2023-09-14T10:17:26","guid":{"rendered":"https:\/\/tjsokolkoberice.cz\/?p=7913"},"modified":"2025-10-14T11:48:18","modified_gmt":"2025-10-14T10:48:18","slug":"vysledky-nasich-muzstev-31","status":"publish","type":"post","link":"https:\/\/tjsokolkoberice.cz\/?p=7913","title":{"rendered":"V\u00fdsledky na\u0161ich mu\u017estev"},"content":{"rendered":"<p><span style=\"font-size: 14pt; font-family: helvetica, arial, sans-serif;\"><strong>A mu\u017ei nezvl\u00e1dli prajzsk\u00e9 derby, v&nbsp;Krava\u0159\u00edch prohr\u00e1li<\/strong><\/span><\/p>\n<p><span style=\"font-size: 12pt; font-family: helvetica, arial, sans-serif;\"><strong>&nbsp;<\/strong><\/span><\/p>\n<p><span style=\"font-size: 12pt; font-family: helvetica, arial, sans-serif;\">Ned\u011ble 10.9.2023<strong>&nbsp;<\/strong><\/span><\/p>\n<p><span style=\"font-size: 12pt; font-family: helvetica, arial, sans-serif;\"><strong>MFK Krava\u0159e &#8211; A mu\u017ei&nbsp;&nbsp; 2:0&nbsp; (2:0)<\/strong><\/span><\/p>\n<p>&nbsp;<\/p>\n<p><span style=\"font-size: 12pt; font-family: helvetica, arial, sans-serif;\">V&nbsp;Krava\u0159\u00edch bylo v&nbsp;ned\u011bli po\u0159\u00e1dn\u011b ru\u0161no. Dom\u00e1c\u00ed nov\u00e1\u010dek krajsk\u00e9ho p\u0159eboru hostil nedalek\u00e9 Kobe\u0159ice. \u00datuln\u00fd fotbalov\u00fd are\u00e1l hl\u00e1sil t\u00e9m\u011b\u0159 vyprod\u00e1no. Nechyb\u011blo ani pyro. Krava\u0159\u0161t\u00ed se na sv\u00e9ho protivn\u00edka dob\u0159e p\u0159ipravili a nakonec vyhr\u00e1li 2:0.<\/span><\/p>\n<p><span style=\"font-size: 12pt; font-family: helvetica, arial, sans-serif;\">Dom\u00e1c\u00ed ude\u0159ili b\u011bhem \u00favodn\u00edch t\u0159iceti minut hned dvakr\u00e1t. U\u017e v&nbsp;5. minut\u011b zazdil T\u011b\u017ek\u00fd velkou \u0161anci, o&nbsp;\u0161est minut pozd\u011bji u\u017e se radoval z&nbsp;g\u00f3lu. Narazil si bal\u00f3n a nedal \u0160tenclovi \u0161anci. Ve 29.&nbsp;minut\u011b se ve skrum\u00e1\u017ei nejl\u00e9pe zorientoval Hala\u0161ka a uklidil bal\u00f3n k&nbsp;ty\u010di \u2013 2:0. Nov\u00e1\u010dek m\u011bl ale i&nbsp;dal\u0161\u00ed \u0161ance. Ale Hala\u0161ka, Heger a ani Tesa\u0159\u00edk g\u00f3lmana \u0160tencla nep\u0159ekonali. \u201eZam\u011b\u0159ili jsme se kobe\u0159ick\u00e9 \u00fato\u010dn\u00edky \u0160ime\u010dka s&nbsp;Hartmannem. Hodn\u011b jsme je presovali a nedali jim v\u016fbec prostor,\u201c pochvaloval si tren\u00e9r Krava\u0159 Karel \u0160t\u011bp\u00e1n. \u201eHr\u00e1lo se ve vysok\u00e9m tempu. M\u011bl jsem trochu obavy z&nbsp;toho, abychom to vydr\u017eeli,\u201c pokra\u010doval dom\u00e1c\u00ed strat\u00e9g. \u201eJsem r\u00e1d, \u017ee se n\u00e1m poda\u0159ilo d\u00e1t dv\u011b branky. Soupe\u0159 se naopak k&nbsp;ni\u010demu nedostal,\u201c \u0159ekl je\u0161t\u011b tren\u00e9r Krava\u0159.<\/span><\/p>\n<p><span style=\"font-size: 12pt; font-family: helvetica, arial, sans-serif;\">\u201eKrava\u0159e se na n\u00e1s dob\u0159e p\u0159ipravily. My jsem nebyli schopni hr\u00e1t svou hru. Mo\u017en\u00e1 n\u011bkte\u0159\u00ed kluci podlehli i&nbsp;atmosf\u00e9\u0159e. Ta byla na krajsk\u00fd p\u0159ebor neskute\u010dn\u00e1,\u201c p\u0159idal sv\u016fj post\u0159eh tren\u00e9r Kobe\u0159ic Petr Sou\u010dek.<\/span><\/p>\n<p><span style=\"font-size: 12pt; font-family: helvetica, arial, sans-serif;\">Po p\u0159est\u00e1vce se obraz hry nezm\u011bnil. \u201eMy jsme si toho moc nevytvo\u0159ili. Jen jsme m\u011bli p\u00e1r n\u00e1znak\u016f \u0161anc\u00ed. Krava\u0159e n\u00e1s p\u0159ejely d\u016frazem a silou. Nav\u00edc v&nbsp;moment\u011b, kdy jsme hru otev\u0159eli si za\u010dal soupe\u0159 vytv\u00e1\u0159et g\u00f3lovky. Mus\u00edm uznat, \u017ee dom\u00e1c\u00ed vyhr\u00e1li zaslou\u017een\u011b,\u201c podotkl Petr Sou\u010dek. Na 3:0 mohl zv\u00fd\u0161it Silber, ale trefil ty\u010d. \u201eZaslou\u017een\u00e9 v\u00edt\u011bzstv\u00ed. Po dlouh\u00e9 dob\u011b jsem m\u011bl z&nbsp;fotbalu radost. Kluky mus\u00edm pochv\u00e1lit. Z\u00e1pas odmakali. Velk\u00fd d\u00edk pat\u0159\u00ed i&nbsp;na\u0161im fanou\u0161k\u016fm. Op\u011bt byli dvan\u00e1ct\u00fdm hr\u00e1\u010dem,\u201c zakon\u010dil Karel \u0160t\u011bp\u00e1n (zdroj Opavsky.denik.cz).<\/span><\/p>\n<p><span style=\"font-size: 12pt; font-family: helvetica, arial, sans-serif;\"><strong>Branky:<\/strong>&nbsp;11.&nbsp;T\u011b\u017ek\u00fd, 29.&nbsp;Hala\u0161ka.&nbsp;<strong>Rozhod\u010d\u00ed:<\/strong>&nbsp;Juryg\u00e1\u010dek \u2013 Svoboda, Lojek.&nbsp;<\/span><\/p>\n<p><span style=\"font-size: 12pt; font-family: helvetica, arial, sans-serif;\"><strong>\u017dK:<\/strong>&nbsp;T\u011b\u017ek\u00fd, Heger \u2013 Ve\u010derek, Schlischka.&nbsp;<\/span><\/p>\n<p><span style=\"font-size: 12pt; font-family: helvetica, arial, sans-serif;\"><strong>Div\u00e1ci:<\/strong>&nbsp;624.<\/span><\/p>\n<p><span style=\"font-size: 12pt; font-family: helvetica, arial, sans-serif;\"><strong>Krava\u0159e:<\/strong>&nbsp;Kurka \u2013 Mal\u00fd, Kutty, Barcal, Kudl\u00edk \u2013 Heger (77.&nbsp;Ferenz), Tesa\u0159\u00edk (77.&nbsp;Hrdli\u010dka), T\u011b\u017ek\u00fd (87.&nbsp;Bitomsk\u00fd), Silber (91.&nbsp;V. Kry\u0161tof) \u2013 Zapala\u010d, Hala\u0161ka (77.&nbsp;Peterek). Tren\u00e9r: Karel \u0160t\u011bp\u00e1n.<\/span><\/p>\n<p><span style=\"font-size: 12pt; font-family: helvetica, arial, sans-serif;\"><strong>Kobe\u0159ice:<\/strong>&nbsp;\u0160tencel \u2013 Stare\u010dek, Robin Wirth, Ve\u010derek, Z. Kry\u0161tof (72.&nbsp;V. St\u0159\u00edbn\u00fd)\u2013 Ren\u00e9 Wirth (34.&nbsp;Schlischka), Kubn\u00fd, Ka\u0161n\u00fd, \u0160. St\u0159\u00edbn\u00fd \u2013 A. Hartmann (66.&nbsp;M. St\u0159\u00edbn\u00fd), \u0160ime\u010dek (72.&nbsp;O. Stuchl\u00edk). Tren\u00e9r: Petr Sou\u010dek.<\/span><\/p>\n<p><span style=\"color: #0000ff;\"><a style=\"color: #0000ff;\" href=\"https:\/\/souteze.fotbal.cz\/turnaje\/hlavni\/302f85e7-a4b6-4b0d-a664-2245a6578b09\"><span style=\"font-size: 12pt; font-family: helvetica, arial, sans-serif;\">Tabulka<\/span><\/a><\/span><\/p>\n<p>&nbsp;<\/p>\n<p><span style=\"font-size: 12pt; font-family: helvetica, arial, sans-serif;\">Sobota 9.9.2023<\/span><\/p>\n<p><span style=\"font-size: 12pt; font-family: helvetica, arial, sans-serif;\"><strong>B mu\u017ei \u2013 Darkovi\u010dky B&nbsp; 2:0 (0:0)<\/strong><\/span><\/p>\n<p><span style=\"font-size: 12pt; font-family: helvetica, arial, sans-serif;\"><strong>&nbsp;<\/strong><\/span><\/p>\n<p><span style=\"font-size: 12pt; font-family: helvetica, arial, sans-serif;\"><strong>Branky: <\/strong>49. Jur\u010dek L., 75. Hahn<\/span><\/p>\n<p><span style=\"font-size: 12pt; font-family: helvetica, arial, sans-serif;\"><strong>Sestava<\/strong>: St\u0159\u00edbn\u00fd, Christoph, Kubn\u00fd, Halfar, Kollek F., V\u00e1clav\u00edk, \u0160van\u010dar, Stuchl\u00edk R., Jur\u010dek L., Stuchl\u00edk O., Slanina<\/span><\/p>\n<p><span style=\"font-size: 12pt; font-family: helvetica, arial, sans-serif;\"><strong>St\u0159\u00eddali<\/strong>: Moravec, Kone\u010dn\u00fd, Hahn, St\u0159\u00edbn\u00fd, Kaspar, Li\u0161ka, Jan\u00edk L.<\/span><\/p>\n<p><a href=\"https:\/\/souteze.fotbal.cz\/turnaje\/hlavni\/7bc0ee01-5c83-44bb-9399-97e0f9ccef2a\"><span style=\"font-size: 12pt; font-family: helvetica, arial, sans-serif; color: #0000ff;\">Tabulka<\/span><\/a><\/p>\n<p><span style=\"font-size: 12pt; font-family: helvetica, arial, sans-serif;\"><strong>&nbsp;<\/strong><\/span><\/p>\n<p><span style=\"font-size: 12pt; font-family: helvetica, arial, sans-serif;\"><strong>&nbsp;<\/strong><\/span><\/p>\n<p><span style=\"font-size: 12pt; font-family: helvetica, arial, sans-serif;\"><strong>St. \u017e\u00e1ci \u2013 D. Bene\u0161ov &nbsp;3:9&nbsp; (1:6)<\/strong><\/span><\/p>\n<p>&nbsp;<\/p>\n<p><span style=\"font-size: 12pt; font-family: helvetica, arial, sans-serif;\"><strong>Branky: <\/strong>35. Hald\u011bj, 38., 44. St\u0159\u00edbn\u00fd V.<\/span><\/p>\n<p><span style=\"font-size: 12pt; font-family: helvetica, arial, sans-serif;\"><strong>Sestava<\/strong>: Malch\u00e1rek, St\u0159\u00edbn\u00fd V., Hald\u011bj, \u010cern\u00fd, Pla\u010dek, Herich, Schweidler, Herudek, Sedl\u00e1\u010dek, Kurka, B\u0159emek<\/span><\/p>\n<p><span style=\"font-size: 12pt; font-family: helvetica, arial, sans-serif;\"><strong>St\u0159\u00eddali<\/strong>: Hagen, Duda, Litzka, Kry\u0161tof, Pavlovi\u010d, Kolod\u011bj<\/span><\/p>\n<p><a href=\"https:\/\/souteze.fotbal.cz\/turnaje\/hlavni\/b3b51ca5-e83a-4731-9298-50ad8e61789f\"><span style=\"font-size: 12pt; font-family: helvetica, arial, sans-serif; color: #0000ff;\">Tabulka<\/span><\/a><\/p>\n<p><span style=\"font-size: 12pt; font-family: helvetica, arial, sans-serif;\"><strong>&nbsp;<\/strong><\/span><\/p>\n<p><span style=\"font-size: 12pt; font-family: helvetica, arial, sans-serif;\"><strong>Ml. \u017e\u00e1ci \u2013 D. Bene\u0161ov &nbsp;2:4&nbsp; (2:2)<\/strong><\/span><\/p>\n<p>&nbsp;<\/p>\n<p><span style=\"font-size: 12pt; font-family: helvetica, arial, sans-serif;\"><strong>Branky: <\/strong>24. Kermes, 27. Herudek<\/span><\/p>\n<p><span style=\"font-size: 12pt; font-family: helvetica, arial, sans-serif;\"><strong>Sestava<\/strong>: Malch\u00e1rek, Krettek, Kolod\u011bj, Pavlovi\u010d, Kermes, Juchelka, Herudek, Mrovec, Kone\u010dn\u00fd, Kurka, Vyb\u00edral<\/span><\/p>\n<p><span style=\"font-size: 12pt; font-family: helvetica, arial, sans-serif;\"><strong>N\u00e1hradn\u00edci:<\/strong> Schweidler, \u010cir\u017e, Jen\u010d<\/span><\/p>\n<p><a href=\"https:\/\/souteze.fotbal.cz\/turnaje\/hlavni\/3a93f513-d0a8-4277-af8c-1082eec0c80f\"><span style=\"font-size: 12pt; font-family: helvetica, arial, sans-serif; color: #0000ff;\">Tabulka<\/span><\/a><\/p>\n<p>&nbsp;<\/p>\n<p><span style=\"font-size: 12pt; font-family: helvetica, arial, sans-serif;\">Dorostenci sv\u00e1 utk\u00e1n\u00ed ve Velk\u00e9 Polomi pro nemoc neodehr\u00e1li.<\/span><\/p>\n","protected":false},"excerpt":{"rendered":"<p>A mu\u017ei nezvl\u00e1dli prajzsk\u00e9 derby, v&nbsp;Krava\u0159\u00edch prohr\u00e1li &nbsp; Ned\u011ble 10.9.2023&nbsp; MFK Krava\u0159e &#8211; A mu\u017ei&nbsp;&nbsp; 2:0&nbsp; (2:0) &nbsp; V&nbsp;Krava\u0159\u00edch bylo v&nbsp;ned\u011bli po\u0159\u00e1dn\u011b ru\u0161no. Dom\u00e1c\u00ed nov\u00e1\u010dek krajsk\u00e9ho<span class=\"excerpt-hellip\"> [\u2026]<\/span><\/p>\n","protected":false},"author":3,"featured_media":3192,"comment_status":"closed","ping_status":"open","sticky":false,"template":"","format":"standard","meta":{"ngg_post_thumbnail":0,"footnotes":""},"categories":[115,112,107,117,111,104,102],"tags":[],"class_list":["post-7913","post","type-post","status-publish","format-standard","has-post-thumbnail","hentry","category-a-tym","category-b-tym","category-fotbal","category-mladsi-zaci","category-starsi-zaci","category-vysledky","category-zapasy"],"_links":{"self":[{"href":"https:\/\/tjsokolkoberice.cz\/index.php?rest_route=\/wp\/v2\/posts\/7913","targetHints":{"allow":["GET"]}}],"collection":[{"href":"https:\/\/tjsokolkoberice.cz\/index.php?rest_route=\/wp\/v2\/posts"}],"about":[{"href":"https:\/\/tjsokolkoberice.cz\/index.php?rest_route=\/wp\/v2\/types\/post"}],"author":[{"embeddable":true,"href":"https:\/\/tjsokolkoberice.cz\/index.php?rest_route=\/wp\/v2\/users\/3"}],"replies":[{"embeddable":true,"href":"https:\/\/tjsokolkoberice.cz\/index.php?rest_route=%2Fwp%2Fv2%2Fcomments&post=7913"}],"version-history":[{"count":2,"href":"https:\/\/tjsokolkoberice.cz\/index.php?rest_route=\/wp\/v2\/posts\/7913\/revisions"}],"predecessor-version":[{"id":7915,"href":"https:\/\/tjsokolkoberice.cz\/index.php?rest_route=\/wp\/v2\/posts\/7913\/revisions\/7915"}],"wp:featuredmedia":[{"embeddable":true,"href":"https:\/\/tjsokolkoberice.cz\/index.php?rest_route=\/wp\/v2\/media\/3192"}],"wp:attachment":[{"href":"https:\/\/tjsokolkoberice.cz\/index.php?rest_route=%2Fwp%2Fv2%2Fmedia&parent=7913"}],"wp:term":[{"taxonomy":"category","embeddable":true,"href":"https:\/\/tjsokolkoberice.cz\/index.php?rest_route=%2Fwp%2Fv2%2Fcategories&post=7913"},{"taxonomy":"post_tag","embeddable":true,"href":"https:\/\/tjsokolkoberice.cz\/index.php?rest_route=%2Fwp%2Fv2%2Ftags&post=7913"}],"curies":[{"name":"wp","href":"https:\/\/api.w.org\/{rel}","templated":true}]}}