{"id":7923,"date":"2023-09-21T10:28:23","date_gmt":"2023-09-21T09:28:23","guid":{"rendered":"https:\/\/tjsokolkoberice.cz\/?p=7923"},"modified":"2025-10-14T11:48:18","modified_gmt":"2025-10-14T10:48:18","slug":"a-muzi-prohrali-doma-s-hajem-ve-slezsku","status":"publish","type":"post","link":"https:\/\/tjsokolkoberice.cz\/?p=7923","title":{"rendered":"A mu\u017ei prohr\u00e1li doma s H\u00e1jem ve Slezsku"},"content":{"rendered":"<p><span style=\"font-family: helvetica, arial, sans-serif; font-size: 14pt;\"><strong>A mu\u017ei prohr\u00e1li doma s&nbsp;H\u00e1jem ve Slezsku<\/strong><\/span><\/p>\n<p><span style=\"font-family: helvetica, arial, sans-serif; font-size: 12pt;\">Ned\u011ble 17.9.2023<\/span><\/p>\n<p><span style=\"font-family: helvetica, arial, sans-serif; font-size: 12pt;\"><strong>A mu\u017ei \u2013 H\u00e1j ve Slezsku&nbsp; 0:3&nbsp; (0:2)<\/strong><\/span><\/p>\n<p><span style=\"font-family: helvetica, arial, sans-serif; font-size: 12pt;\">Nepoveden\u00e9 utk\u00e1n\u00ed maj\u00ed za sebou na\u0161i A mu\u017ei. Po prohran\u00e9m derby v&nbsp;Krava\u0159\u00edch se cht\u011bli rehabilitovat fanou\u0161k\u016fm poveden\u00fdm v\u00fdkonem, bohu\u017eel se tak nestalo.<\/span><\/p>\n<p><span style=\"font-family: helvetica, arial, sans-serif; font-size: 12pt;\">\u00davodn\u00ed d\u011bjstv\u00ed se hr\u00e1lo pod taktovkou host\u016f, kte\u0159\u00ed byli aktivn\u011bj\u0161\u00ed na m\u00ed\u010di a dost\u00e1vali se do nebezpe\u010dn\u00fdch situac\u00ed. Dom\u00e1c\u00edm jako by chyb\u011bla \u0161\u0165\u00e1va, p\u016fsobili ospal\u00fdm a pomal\u00fdm dojmem. Nebezpe\u010dn\u00ed byli host\u00e9, kte\u0159\u00ed si vypracovali n\u011bkolik n\u00e1znak\u016f \u0161anc\u00ed. Vedouc\u00ed branku zaznamenali ve 36. min., kdy\u017e po centru z&nbsp;prav\u00e9 strany zav\u00edral zadn\u00ed ty\u010d Bla\u017eej a H\u00e1j vedl 0:1.<\/span><\/p>\n<p><span style=\"font-family: helvetica, arial, sans-serif; font-size: 12pt;\">Do druh\u00e9ho polo\u010dasu cht\u011bli na\u0161i hr\u00e1\u010di vstoupit aktivn\u011b s&nbsp;c\u00edlem oto\u010dit v\u00fdsledek. Opak byl ale pravdou, proto\u017ee host\u00e9 nav\u00fd\u0161ili veden\u00ed ji\u017e ve 49. min. z\u00e1sluhou Dvo\u0159\u00e1\u010dka. Je\u0161t\u011b h\u016f\u0159 bylo o dal\u0161\u00ed 4 min. pozd\u011bji, kdy dal\u0161\u00ed chybu v&nbsp;zadn\u00edch \u0159ad\u00e1ch dom\u00e1c\u00edch potrestal svoji druhou brankou Bla\u017eej a bylo to 0:3. Frustraci dom\u00e1c\u00edch podtrhnul nepochopiteln\u00fdm zkratem Ka\u0161n\u00fd, kter\u00fd v&nbsp;55. min. po protestech a ur\u00e1\u017ek\u00e1ch sud\u00edho vid\u011bl rovnou \u010dervenou kartu. Od t\u00e9 doby se utk\u00e1n\u00ed sp\u00ed\u0161e dohr\u00e1valo. Host\u00e9 m\u011bli je\u0161t\u011b&nbsp; 2 obrovsk\u00e9 \u0161ance, kdy\u017e b\u011b\u017eeli sami na brank\u00e1\u0159e \u0160tencela, kter\u00fd dom\u00e1c\u00ed podr\u017eel. Na druh\u00e9 stran\u011b sp\u00e1lili tutovky Kry\u0161tof s&nbsp;Tom\u00ed\u010dkem, a tak H\u00e1j si odvez zaslou\u017eenou v\u00fdhru v&nbsp;pom\u011bru 3:0.<\/span><\/p>\n<p><span style=\"font-family: helvetica, arial, sans-serif; font-size: 12pt;\"><strong>Branky<\/strong>: 36., 53. Bla\u017eej, 49. Dvo\u0159\u00e1\u010dek<\/span><\/p>\n<p><span style=\"font-family: helvetica, arial, sans-serif; font-size: 12pt;\"><strong>Sestava<\/strong>: \u0160tencel, Stare\u010dek, Wirth Robin, Stuchl\u00edk P., Kry\u0161tof (76. Kraut), Ka\u0161n\u00fd, St\u0159\u00edbn\u00fd \u0160. (65. Slanina), Kolar\u010d\u00edk, Schlischka M., Hartmann A. (50. Tom\u00ed\u010dek), Kubn\u00fd (65. Wirth Ren\u00e9)<\/span><\/p>\n<p><span style=\"font-family: helvetica, arial, sans-serif; font-size: 12pt;\"><strong>St\u0159\u00eddali<\/strong>: Hartmann O.<\/span><\/p>\n<p><a href=\"https:\/\/souteze.fotbal.cz\/turnaje\/hlavni\/302f85e7-a4b6-4b0d-a664-2245a6578b09\"><span style=\"font-family: helvetica, arial, sans-serif; font-size: 12pt; color: #0000ff;\">Tabulka<\/span><\/a><\/p>\n<p>&nbsp;<\/p>\n<p><span style=\"font-family: helvetica, arial, sans-serif; font-size: 12pt;\"><strong>St. dorost \u2013 Polanka nad Odrou &nbsp;&nbsp;3:0&nbsp; (1:0)<\/strong><\/span><\/p>\n<p><span style=\"font-family: helvetica, arial, sans-serif; font-size: 12pt;\"><strong>Branky<\/strong>: 3.St\u0159\u00edbn\u00fd V., 55. Stuchl\u00edk O., 73. Gross<\/span><\/p>\n<p><span style=\"font-family: helvetica, arial, sans-serif; font-size: 12pt;\"><strong>Sestava<\/strong>: Hartmann, St\u0159\u00edbn\u00fd V. (74. Hanzl\u00edk), Breksa, Slanina, Tom\u00ed\u010dek, Birtek (62. V\u00e1clav\u00edk A.), Gross, Stuchl\u00edk O., Voln\u00fd, Li\u0161ka, Kubn\u00fd (78. Mrva)<\/span><\/p>\n<p><span style=\"font-family: helvetica, arial, sans-serif; font-size: 12pt;\"><strong>St\u0159\u00eddali<\/strong>: Cziepl\u00fd, Grigar\u010d\u00edk, Besta, Hant\u00e1k<\/span><\/p>\n<p><a href=\"https:\/\/souteze.fotbal.cz\/turnaje\/hlavni\/0201eee7-cb71-4133-bcac-1253000fbf43\"><span style=\"font-family: helvetica, arial, sans-serif; font-size: 12pt; color: #0000ff;\">Tabulka<\/span><\/a><\/p>\n<p>&nbsp;<\/p>\n<p><span style=\"font-family: helvetica, arial, sans-serif; font-size: 12pt;\"><strong>Ml. dorost \u2013 Polanka nad Odrou &nbsp;&nbsp;6:2&nbsp; (2:1)<\/strong><\/span><\/p>\n<p><span style=\"font-family: helvetica, arial, sans-serif; font-size: 12pt;\"><strong>Branky:&nbsp; <\/strong>3., 76. Herich, 15., 60., 68., 78. Mrva,<\/span><\/p>\n<p><span style=\"font-family: helvetica, arial, sans-serif; font-size: 12pt;\"><strong>Sestava<\/strong>: Pavlovi\u010d, Poni\u0161t, Hanzl\u00edk, Mac, Kamr\u00e1d, Grigar\u010d\u00edk, Pa\u0161ek, Mrva, Duda, Hald\u011bj, Herich<\/span><\/p>\n<p><span style=\"font-family: helvetica, arial, sans-serif; font-size: 12pt;\"><strong>St\u0159\u00eddali<\/strong>: St\u0159\u00edbn\u00fd V., Bolack\u00fd, Muller, Pla\u010dek, St\u0159\u00edbn\u00fd V., Hrb\u00e1\u010d<\/span><\/p>\n<p><a href=\"https:\/\/souteze.fotbal.cz\/turnaje\/hlavni\/0c16b02d-65e2-4697-b6e8-53861d1a1e7e\"><span style=\"font-family: helvetica, arial, sans-serif; font-size: 12pt; color: #0000ff;\">Tabulka<\/span><\/a><\/p>\n<p>&nbsp;<\/p>\n<p><span style=\"font-family: helvetica, arial, sans-serif; font-size: 12pt;\"><strong>B\u011bl\u00e1 &#8211; B mu\u017ei&nbsp; &nbsp;1:2 (0:0)<\/strong><\/span><\/p>\n<p><span style=\"font-family: helvetica, arial, sans-serif; font-size: 12pt;\"><strong>Branky: <\/strong>65. Hahn, 73. Kubn\u00fd<\/span><\/p>\n<p><span style=\"font-family: helvetica, arial, sans-serif; font-size: 12pt;\"><strong>Sestava<\/strong>: St\u0159\u00edbn\u00fd, N\u00e1vrat, Kretek, Kubn\u00fd, Mrovec, Halfar, V\u00e1clav\u00edk, Li\u0161ka, Stuchl\u00edk R., Jur\u010dek L., Hahn<\/span><\/p>\n<p><span style=\"font-family: helvetica, arial, sans-serif; font-size: 12pt;\"><strong>St\u0159\u00eddali<\/strong>: Moravec, Latka, Gross, Be\u010dica<\/span><\/p>\n<p><a href=\"https:\/\/souteze.fotbal.cz\/turnaje\/hlavni\/7bc0ee01-5c83-44bb-9399-97e0f9ccef2a\"><span style=\"font-family: helvetica, arial, sans-serif; font-size: 12pt; color: #0000ff;\">Tabulka<\/span><\/a><\/p>\n<p><span style=\"font-family: helvetica, arial, sans-serif; font-size: 12pt;\"><strong>&nbsp;<\/strong><\/span><\/p>\n<p><span style=\"font-family: helvetica, arial, sans-serif; font-size: 12pt;\"><strong>Velk\u00e1 Polom &#8211; St. \u017e\u00e1ci &nbsp;3:1&nbsp; (1:1)<\/strong><\/span><\/p>\n<p><span style=\"font-family: helvetica, arial, sans-serif; font-size: 12pt;\"><strong>Branka: <\/strong>11. Herudek<\/span><\/p>\n<p><span style=\"font-family: helvetica, arial, sans-serif; font-size: 12pt;\"><strong>Sestava<\/strong>: Herich, St\u0159\u00edbn\u00fd V., Hald\u011bj, \u010cern\u00fd, Pla\u010dek, Schweidler, Herudek, Sedl\u00e1\u010dek, Hagen, Wroblewski, B\u0159emek<\/span><\/p>\n<p><span style=\"font-family: helvetica, arial, sans-serif; font-size: 12pt;\"><strong>St\u0159\u00eddali<\/strong>: Krettek, Kry\u0161tof, Kurka, Kolod\u011bj, Mrovec<\/span><\/p>\n<p><a href=\"https:\/\/souteze.fotbal.cz\/turnaje\/hlavni\/b3b51ca5-e83a-4731-9298-50ad8e61789f\"><span style=\"font-family: helvetica, arial, sans-serif; font-size: 12pt; color: #0000ff;\">Tabulka<\/span><\/a><\/p>\n<p><span style=\"font-family: helvetica, arial, sans-serif; font-size: 12pt;\"><strong>&nbsp;<\/strong><\/span><\/p>\n<p><span style=\"font-family: helvetica, arial, sans-serif; font-size: 12pt;\"><strong>Velk\u00e1 Polom&nbsp; &#8211; Ml. \u017e\u00e1ci&nbsp; &nbsp;5:4&nbsp; (4:0)<\/strong><\/span><\/p>\n<p><span style=\"font-family: helvetica, arial, sans-serif; font-size: 12pt;\"><strong>Branky: <\/strong>36., 39., 53, 60. Schweidler<\/span><\/p>\n<p><span style=\"font-family: helvetica, arial, sans-serif; font-size: 12pt;\"><strong>Sestava<\/strong>: Pavlovi\u010d, Krettek, Kolod\u011bj, Kermes, Herudek, Mrovec, Kone\u010dn\u00fd, Kurka, Vyb\u00edral, Schweidler, St\u0159\u00edbn\u00fd M.<\/span><\/p>\n<p><span style=\"font-family: helvetica, arial, sans-serif; font-size: 12pt;\"><strong>N\u00e1hradn\u00edci:<\/strong> Jen\u010d<\/span><\/p>\n<p><a href=\"https:\/\/souteze.fotbal.cz\/turnaje\/hlavni\/3a93f513-d0a8-4277-af8c-1082eec0c80f\"><span style=\"font-family: helvetica, arial, sans-serif; font-size: 12pt; color: #0000ff;\">Tabulka<\/span><\/a><\/p>\n","protected":false},"excerpt":{"rendered":"<p>A mu\u017ei prohr\u00e1li doma s&nbsp;H\u00e1jem ve Slezsku Ned\u011ble 17.9.2023 A mu\u017ei \u2013 H\u00e1j ve Slezsku&nbsp; 0:3&nbsp; (0:2) Nepoveden\u00e9 utk\u00e1n\u00ed maj\u00ed za sebou na\u0161i A mu\u017ei. Po<span class=\"excerpt-hellip\"> [\u2026]<\/span><\/p>\n","protected":false},"author":3,"featured_media":2927,"comment_status":"closed","ping_status":"open","sticky":false,"template":"","format":"standard","meta":{"ngg_post_thumbnail":0,"footnotes":""},"categories":[115,112,110,107,117,111,104,102],"tags":[],"class_list":["post-7923","post","type-post","status-publish","format-standard","has-post-thumbnail","hentry","category-a-tym","category-b-tym","category-dorost","category-fotbal","category-mladsi-zaci","category-starsi-zaci","category-vysledky","category-zapasy"],"_links":{"self":[{"href":"https:\/\/tjsokolkoberice.cz\/index.php?rest_route=\/wp\/v2\/posts\/7923","targetHints":{"allow":["GET"]}}],"collection":[{"href":"https:\/\/tjsokolkoberice.cz\/index.php?rest_route=\/wp\/v2\/posts"}],"about":[{"href":"https:\/\/tjsokolkoberice.cz\/index.php?rest_route=\/wp\/v2\/types\/post"}],"author":[{"embeddable":true,"href":"https:\/\/tjsokolkoberice.cz\/index.php?rest_route=\/wp\/v2\/users\/3"}],"replies":[{"embeddable":true,"href":"https:\/\/tjsokolkoberice.cz\/index.php?rest_route=%2Fwp%2Fv2%2Fcomments&post=7923"}],"version-history":[{"count":2,"href":"https:\/\/tjsokolkoberice.cz\/index.php?rest_route=\/wp\/v2\/posts\/7923\/revisions"}],"predecessor-version":[{"id":7925,"href":"https:\/\/tjsokolkoberice.cz\/index.php?rest_route=\/wp\/v2\/posts\/7923\/revisions\/7925"}],"wp:featuredmedia":[{"embeddable":true,"href":"https:\/\/tjsokolkoberice.cz\/index.php?rest_route=\/wp\/v2\/media\/2927"}],"wp:attachment":[{"href":"https:\/\/tjsokolkoberice.cz\/index.php?rest_route=%2Fwp%2Fv2%2Fmedia&parent=7923"}],"wp:term":[{"taxonomy":"category","embeddable":true,"href":"https:\/\/tjsokolkoberice.cz\/index.php?rest_route=%2Fwp%2Fv2%2Fcategories&post=7923"},{"taxonomy":"post_tag","embeddable":true,"href":"https:\/\/tjsokolkoberice.cz\/index.php?rest_route=%2Fwp%2Fv2%2Ftags&post=7923"}],"curies":[{"name":"wp","href":"https:\/\/api.w.org\/{rel}","templated":true}]}}