{"id":7927,"date":"2023-09-27T11:31:28","date_gmt":"2023-09-27T10:31:28","guid":{"rendered":"https:\/\/tjsokolkoberice.cz\/?p=7927"},"modified":"2025-10-14T11:48:18","modified_gmt":"2025-10-14T10:48:18","slug":"a-muzi-po-bojovnem-vykonu-prohrali-v-puste-polomi","status":"publish","type":"post","link":"https:\/\/tjsokolkoberice.cz\/?p=7927","title":{"rendered":"A mu\u017ei po bojovn\u00e9m v\u00fdkonu prohr\u00e1li v Pust\u00e9 Polomi"},"content":{"rendered":"<p style=\"text-align: justify;\"><span style=\"font-size: 12pt; font-family: helvetica, arial, sans-serif;\">Ned\u011ble 24.9.2023<\/span><\/p>\n<p style=\"text-align: justify;\"><span style=\"font-size: 14pt; font-family: helvetica, arial, sans-serif;\"><strong>SC Pust\u00e1 Polom &#8211; A mu\u017ei 3:1 (1:1)<\/strong><\/span><\/p>\n<p style=\"text-align: justify;\"><span style=\"font-size: 12pt; font-family: helvetica, arial, sans-serif;\">Na Krajsk\u00fd p\u0159ebor nadstandardn\u00ed fotbal byl k&nbsp;vid\u011bn\u00ed v&nbsp;Pust\u00e9 Polomi. L\u00eddr sout\u011b\u017ee hostil Kobe\u0159ice a o&nbsp;zaj\u00edmav\u00e9 okam\u017eiky nebyla nouze. Dom\u00e1c\u00ed rychle inkasovali. Z\u00e1pas se jim ale poda\u0159ilo oto\u010dit. Pod v\u00edt\u011bzstv\u00ed 3:1 se v\u00fdraznou m\u011brou podepsal Milan Palatick\u00fd, autor dvou&nbsp;branek.<\/span><\/p>\n<p style=\"text-align: justify;\"><span style=\"font-size: 12pt; font-family: helvetica, arial, sans-serif;\">\u201eKobe\u0159ice byly na n\u00e1s dob\u0159e p\u0159ipraven\u00e9. V\u00fdborn\u011b br\u00e1nily a my jsme m\u011bli velk\u00fd probl\u00e9m se k&nbsp;nim dostat,\u201c p\u0159iznal dom\u00e1c\u00ed strat\u00e9g David \u0160tverka. Za\u010d\u00e1tek duelu pat\u0159il host\u016fm. \u201eZa\u010dali jsme velmi dob\u0159e. M\u011bli jsme hned dv\u011b dobr\u00e9 \u0161ance, do kter\u00fdch jsme dostali z&nbsp;brejkov\u00fdch situac\u00ed,\u201c vzal si slovo kobe\u0159ick\u00fd kou\u010d Petr Sou\u010dek. V&nbsp;7. minut\u011b kopaly Kobe\u0159ice rohov\u00fd kop a \u0160ime\u010dek p\u0159ekonal g\u00f3lmana Kozelsk\u00e9ho. O&nbsp;p\u00e1r okam\u017eiku pozd\u011bji to znovu v&nbsp;pokutov\u00e9m \u00fazem\u00ed Pust\u00e9 Polomi znovu ho\u0159elo. Po centru Kubn\u00e9ho zachra\u0148ovala od pohromy dom\u00e1c\u00ed celek ty\u010d. \u201eSoupe\u0159 pak do n\u00e1s bu\u0161il. M\u011bl dv\u011b velk\u00e9 \u0161ance, ty ale \u0160tencel pochytal,\u201c chv\u00e1lil Sou\u010dek. Zmi\u0148ovan\u00e9 g\u00f3lovky m\u011bli Gebauer s&nbsp;Palatick\u00fdm. Ve 45.&nbsp;minut\u011b vysunul Palatick\u00fd Gebauera, ten se dostal a\u017e p\u0159ed \u0160tencla, kter\u00fd ho fauloval a kopala se penalta. Tu Gebauer prom\u011bnil. \u201eVelmi d\u016fle\u017eit\u00e1 branka. Uklidnila n\u00e1s,\u201c vydechl si David \u0160tverka.<\/span><\/p>\n<p style=\"text-align: justify;\"><span style=\"font-size: 12pt; font-family: helvetica, arial, sans-serif;\">Kr\u00e1tce po zm\u011bn\u011b stran \u0161li dom\u00e1c\u00ed do veden\u00ed, kdy\u017e po centru z&nbsp;prav\u00e9 strany hlavi\u010dkoval zcela s\u00e1m Palatick\u00fd a dom\u00e1c\u00ed r\u00e1zem vedli. Vyrovn\u00e1no mohlo b\u00fdt v&nbsp;63. minut\u011b, kdy chybnou rozehr\u00e1vku dom\u00e1c\u00edch vystihl \u0160ime\u010dek, ale ke sm\u016fle host\u016f t\u011bsn\u011b minul dom\u00e1c\u00ed svatyni. A tak se potvrdilo ot\u0159epan\u00e9 \u201ened\u00e1\u0161 dostane\u0161\u201c, nebo\u0165 se podruh\u00e9 v&nbsp;z\u00e1pase prosadil Palatick\u00fd a upravil na kone\u010dn\u00fdch 3:1.<\/span><\/p>\n<p style=\"text-align: justify;\"><span style=\"font-size: 12pt; font-family: helvetica, arial, sans-serif;\">Kobe\u0159ice tak prohr\u00e1li pot\u0159et\u00ed v&nbsp;\u0159ad\u011b. Tuto nep\u0159\u00edznivou s\u00e9rii se budou sna\u017eit prolomit v&nbsp;dal\u0161\u00edm kole doma proti Kr\u00e1sn\u00e9mu Poli.<\/span><\/p>\n<p style=\"text-align: justify;\"><span style=\"font-size: 12pt; font-family: helvetica, arial, sans-serif;\"><strong>Branky<\/strong>: 45. Gebauer (pen.), 47., 65. Palatick\u00fd \u2013 7. \u0160ime\u010dek<\/span><\/p>\n<p style=\"text-align: justify;\"><span style=\"font-size: 12pt; font-family: helvetica, arial, sans-serif;\"><strong>Sestava<\/strong>: \u0160tencel, Stare\u010dek, Kolar\u010d\u00edk, Ve\u010derek, \u0160evior, Wirth Ren\u00e9 (68. Stuchl\u00edk O.), Wirth Robin, Kry\u0161tof (78. Schlischka M.), Kraut (13. Kubn\u00fd), St\u0159\u00edbn\u00fd \u0160. (78. Petzuch), \u0160ime\u010dek (78. Breksa)<\/span><\/p>\n<p style=\"text-align: justify;\"><span style=\"font-size: 12pt; font-family: helvetica, arial, sans-serif;\"><strong>St\u0159\u00eddali<\/strong>: Hartmann O.<\/span><\/p>\n<p style=\"text-align: justify;\"><a href=\"https:\/\/souteze.fotbal.cz\/turnaje\/hlavni\/302f85e7-a4b6-4b0d-a664-2245a6578b09\"><span style=\"font-size: 12pt; font-family: helvetica, arial, sans-serif; color: #0000ff;\">Tabulka<\/span><\/a><\/p>\n<p style=\"text-align: justify;\">&nbsp;<\/p>\n<p style=\"text-align: justify;\"><span style=\"font-size: 12pt; font-family: helvetica, arial, sans-serif;\"><strong>Hlubina &#8211; St. dorost &nbsp;&nbsp;0:12&nbsp; (0:2)<\/strong><\/span><\/p>\n<p style=\"text-align: justify;\"><span style=\"font-size: 12pt; font-family: helvetica, arial, sans-serif;\"><strong>Branky<\/strong>: 20., 45., 58., 60. Stuchl\u00edk O., 48., 69., 83. Birtek, 56. V\u00e1clav\u00edk A., 62., 68. Breksa, 63., 71. Slanina<\/span><\/p>\n<p style=\"text-align: justify;\"><span style=\"font-size: 12pt; font-family: helvetica, arial, sans-serif;\"><strong>Sestava<\/strong>: Hartmann O. (74. Pavlovi\u010d), St\u0159\u00edbn\u00fd V. (46. Birtek), Breksa (86. Mrva), V\u00e1clav\u00edk A., Gross, Stuchl\u00edk O. (65. Besta), Voln\u00fd, Li\u0161ka, Kubn\u00fd (86. Hanzl\u00edk), Slanina, Hant\u00e1k<\/span><\/p>\n<p style=\"text-align: justify;\"><span style=\"font-size: 12pt; font-family: helvetica, arial, sans-serif;\"><strong>St\u0159\u00eddali<\/strong>: Grigar\u010d\u00edk, Tom\u00ed\u010dek<\/span><\/p>\n<p style=\"text-align: justify;\"><a href=\"https:\/\/souteze.fotbal.cz\/turnaje\/hlavni\/0201eee7-cb71-4133-bcac-1253000fbf43\"><span style=\"font-size: 12pt; font-family: helvetica, arial, sans-serif; color: #0000ff;\">Tabulka<\/span><\/a><\/p>\n<p style=\"text-align: justify;\">&nbsp;<\/p>\n<p style=\"text-align: justify;\"><span style=\"font-size: 12pt; font-family: helvetica, arial, sans-serif;\"><strong>Hlubina &#8211; Ml. dorost&nbsp; 1:1&nbsp; (1:0)<\/strong><\/span><\/p>\n<p style=\"text-align: justify;\"><span style=\"font-size: 12pt; font-family: helvetica, arial, sans-serif;\"><strong>Branky:&nbsp; <\/strong>32. Horv\u00e1th \u2013 72. Hanzl\u00edk<\/span><\/p>\n<p style=\"text-align: justify;\"><span style=\"font-size: 12pt; font-family: helvetica, arial, sans-serif;\"><strong>Sestava<\/strong>: Pavlovi\u010d, Poni\u0161t, Hanzl\u00edk, Mac, Kamr\u00e1d, Grigar\u010d\u00edk, Pa\u0161ek, Mrva, Duda, Hald\u011bj, Herich<\/span><\/p>\n<p style=\"text-align: justify;\"><span style=\"font-size: 12pt; font-family: helvetica, arial, sans-serif;\"><strong>St\u0159\u00eddali<\/strong>: St\u0159\u00edbn\u00fd V., Bolack\u00fd, Muller, Schweidler, Litzka, St\u0159\u00edbn\u00fd V., Hrb\u00e1\u010d<\/span><span style=\"font-size: 12pt; font-family: helvetica, arial, sans-serif;\"><strong>&nbsp;<\/strong><\/span><\/p>\n<p style=\"text-align: justify;\"><a href=\"https:\/\/souteze.fotbal.cz\/turnaje\/hlavni\/0c16b02d-65e2-4697-b6e8-53861d1a1e7e\"><span style=\"font-size: 12pt; font-family: helvetica, arial, sans-serif; color: #0000ff;\">Tabulka<\/span><\/a><\/p>\n<p style=\"text-align: justify;\">&nbsp;<\/p>\n<p style=\"text-align: justify;\"><span style=\"font-size: 12pt; font-family: helvetica, arial, sans-serif;\">Sobota 23.9. 2023<\/span><\/p>\n<p style=\"text-align: justify;\"><span style=\"font-size: 12pt; font-family: helvetica, arial, sans-serif;\"><strong>B mu\u017ei \u2013 TJ Spartak Chucheln\u00e1&nbsp; &nbsp;1:3 (1:2)<\/strong><\/span><\/p>\n<p style=\"text-align: justify;\"><span style=\"font-size: 12pt; font-family: helvetica, arial, sans-serif;\"><strong>Branky: <\/strong>41. Kubn\u00fd<strong> &#8211; <\/strong>20., 25., 82. Hradil<\/span><\/p>\n<p style=\"text-align: justify;\"><span style=\"font-size: 12pt; font-family: helvetica, arial, sans-serif;\"><strong>Sestava<\/strong>: Hartmann O., Christoph, Kretek, Kubn\u00fd M., Hahn, Halfar, \u0160van\u010dar, Slanina, V\u00e1clav\u00edk, Stuchl\u00edk O., St\u0159\u00edbn\u00fd M.<\/span><\/p>\n<p style=\"text-align: justify;\"><span style=\"font-size: 12pt; font-family: helvetica, arial, sans-serif;\"><strong>St\u0159\u00eddali<\/strong>: Kubn\u00fd D., Pa\u0161ek, Nov\u00e1k, Mrovec, Moravec, Kaspar, Bedrich<\/span><\/p>\n<p style=\"text-align: justify;\"><a href=\"https:\/\/souteze.fotbal.cz\/turnaje\/hlavni\/7bc0ee01-5c83-44bb-9399-97e0f9ccef2a\"><span style=\"font-size: 12pt; font-family: helvetica, arial, sans-serif; color: #0000ff;\">Tabulka<\/span><\/a><\/p>\n<p style=\"text-align: justify;\"><span style=\"font-size: 12pt; font-family: helvetica, arial, sans-serif;\"><strong>&nbsp;<\/strong><\/span><\/p>\n<p style=\"text-align: justify;\"><span style=\"font-size: 12pt; font-family: helvetica, arial, sans-serif;\"><strong>St. \u017e\u00e1ci \u2013 Poruba B&nbsp;&nbsp; 2:5 (1:3)<\/strong><\/span><\/p>\n<p style=\"text-align: justify;\"><span style=\"font-size: 12pt; font-family: helvetica, arial, sans-serif;\"><strong>Branky: <\/strong>33. Ri\u0148o vl., 56. \u010cern\u00fd<\/span><\/p>\n<p style=\"text-align: justify;\"><span style=\"font-size: 12pt; font-family: helvetica, arial, sans-serif;\"><strong>Sestava<\/strong>: Malch\u00e1rek, Kry\u0161tof, Herich, St\u0159\u00edbn\u00fd V., Hald\u011bj, \u010cern\u00fd, Pla\u010dek, Schweidler, Herudek, Sedl\u00e1\u010dek, B\u0159emek<\/span><\/p>\n<p style=\"text-align: justify;\"><span style=\"font-size: 12pt; font-family: helvetica, arial, sans-serif;\"><strong>St\u0159\u00eddali<\/strong>: Krettek, Kurka, Kolod\u011bj, Hagen, Pavlovi\u010d, Juchelka<\/span><\/p>\n<p style=\"text-align: justify;\"><a href=\"https:\/\/souteze.fotbal.cz\/turnaje\/hlavni\/b3b51ca5-e83a-4731-9298-50ad8e61789f\"><span style=\"font-size: 12pt; font-family: helvetica, arial, sans-serif; color: #0000ff;\">Tabulka<\/span><\/a><\/p>\n<p style=\"text-align: justify;\"><span style=\"font-size: 12pt; font-family: helvetica, arial, sans-serif;\"><strong>&nbsp;<\/strong><\/span><\/p>\n<p style=\"text-align: justify;\"><span style=\"font-size: 12pt; font-family: helvetica, arial, sans-serif;\"><strong>Ml. \u017e\u00e1ci \u2013 Poruba B &nbsp;&nbsp;2:2&nbsp; (1:1)<\/strong><\/span><\/p>\n<p style=\"text-align: justify;\"><span style=\"font-size: 12pt; font-family: helvetica, arial, sans-serif;\"><strong>Branky: <\/strong>18. Pavlovi\u010d<strong>, <\/strong>48. Schweidler<\/span><\/p>\n<p style=\"text-align: justify;\"><span style=\"font-size: 12pt; font-family: helvetica, arial, sans-serif;\"><strong>Sestava<\/strong>: Malch\u00e1rek, Krettek, Kolod\u011bj, Kermes, Herudek, Kone\u010dn\u00fd, Kurka, Schweidler, Pavlovi\u010d, Juchelka, Jen\u010d<\/span><\/p>\n<p style=\"text-align: justify;\"><span style=\"font-size: 12pt; font-family: helvetica, arial, sans-serif;\"><strong>N\u00e1hradn\u00edci:<\/strong> Bialas, Vyb\u00edral, Urbansk\u00fd<\/span><\/p>\n<p style=\"text-align: justify;\"><a href=\"https:\/\/souteze.fotbal.cz\/turnaje\/hlavni\/3a93f513-d0a8-4277-af8c-1082eec0c80f\"><span style=\"font-size: 12pt; font-family: helvetica, arial, sans-serif; color: #0000ff;\">Tabulka<\/span><\/a><\/p>\n","protected":false},"excerpt":{"rendered":"<p>Ned\u011ble 24.9.2023 SC Pust\u00e1 Polom &#8211; A mu\u017ei 3:1 (1:1) Na Krajsk\u00fd p\u0159ebor nadstandardn\u00ed fotbal byl k&nbsp;vid\u011bn\u00ed v&nbsp;Pust\u00e9 Polomi. L\u00eddr sout\u011b\u017ee hostil Kobe\u0159ice a o&nbsp;zaj\u00edmav\u00e9 okam\u017eiky<span class=\"excerpt-hellip\"> [\u2026]<\/span><\/p>\n","protected":false},"author":3,"featured_media":3370,"comment_status":"closed","ping_status":"open","sticky":false,"template":"","format":"standard","meta":{"ngg_post_thumbnail":0,"footnotes":""},"categories":[115,112,110,107,117,111,104,102],"tags":[],"class_list":["post-7927","post","type-post","status-publish","format-standard","has-post-thumbnail","hentry","category-a-tym","category-b-tym","category-dorost","category-fotbal","category-mladsi-zaci","category-starsi-zaci","category-vysledky","category-zapasy"],"_links":{"self":[{"href":"https:\/\/tjsokolkoberice.cz\/index.php?rest_route=\/wp\/v2\/posts\/7927","targetHints":{"allow":["GET"]}}],"collection":[{"href":"https:\/\/tjsokolkoberice.cz\/index.php?rest_route=\/wp\/v2\/posts"}],"about":[{"href":"https:\/\/tjsokolkoberice.cz\/index.php?rest_route=\/wp\/v2\/types\/post"}],"author":[{"embeddable":true,"href":"https:\/\/tjsokolkoberice.cz\/index.php?rest_route=\/wp\/v2\/users\/3"}],"replies":[{"embeddable":true,"href":"https:\/\/tjsokolkoberice.cz\/index.php?rest_route=%2Fwp%2Fv2%2Fcomments&post=7927"}],"version-history":[{"count":1,"href":"https:\/\/tjsokolkoberice.cz\/index.php?rest_route=\/wp\/v2\/posts\/7927\/revisions"}],"predecessor-version":[{"id":7928,"href":"https:\/\/tjsokolkoberice.cz\/index.php?rest_route=\/wp\/v2\/posts\/7927\/revisions\/7928"}],"wp:featuredmedia":[{"embeddable":true,"href":"https:\/\/tjsokolkoberice.cz\/index.php?rest_route=\/wp\/v2\/media\/3370"}],"wp:attachment":[{"href":"https:\/\/tjsokolkoberice.cz\/index.php?rest_route=%2Fwp%2Fv2%2Fmedia&parent=7927"}],"wp:term":[{"taxonomy":"category","embeddable":true,"href":"https:\/\/tjsokolkoberice.cz\/index.php?rest_route=%2Fwp%2Fv2%2Fcategories&post=7927"},{"taxonomy":"post_tag","embeddable":true,"href":"https:\/\/tjsokolkoberice.cz\/index.php?rest_route=%2Fwp%2Fv2%2Ftags&post=7927"}],"curies":[{"name":"wp","href":"https:\/\/api.w.org\/{rel}","templated":true}]}}