{"id":7930,"date":"2023-10-06T13:40:56","date_gmt":"2023-10-06T12:40:56","guid":{"rendered":"https:\/\/tjsokolkoberice.cz\/?p=7930"},"modified":"2025-10-14T11:48:18","modified_gmt":"2025-10-14T10:48:18","slug":"a-muzi-po-trech-porazkach-porazili-krasne-pole","status":"publish","type":"post","link":"https:\/\/tjsokolkoberice.cz\/?p=7930","title":{"rendered":"A mu\u017ei po t\u0159ech por\u00e1\u017ek\u00e1ch porazili Kr\u00e1sn\u00e9 Pole"},"content":{"rendered":"<p style=\"text-align: justify;\"><span style=\"font-family: helvetica, arial, sans-serif; font-size: 12pt;\"><strong>A mu\u017ei po t\u0159ech por\u00e1\u017ek\u00e1ch porazili Kr\u00e1sn\u00e9 Pole <\/strong><\/span><\/p>\n<p style=\"text-align: justify;\"><span style=\"font-family: helvetica, arial, sans-serif; font-size: 12pt;\"><strong>&nbsp;<\/strong><\/span><\/p>\n<p style=\"text-align: justify;\"><span style=\"font-family: helvetica, arial, sans-serif; font-size: 12pt;\">Ned\u011ble 1.10.2023<\/span><\/p>\n<p style=\"text-align: justify;\"><span style=\"font-family: helvetica, arial, sans-serif; font-size: 12pt;\"><strong>A mu\u017ei \u2013 TJ Sokol Kr\u00e1sn\u00e9 Pole &nbsp;&nbsp;5:0 (3:0)<\/strong><\/span><\/p>\n<p style=\"text-align: justify;\"><span style=\"font-family: helvetica, arial, sans-serif; font-size: 12pt;\">Kobe\u0159ice se zvedly! Sv\u011b\u0159enci tren\u00e9ra Petra Sou\u010dka po t\u0159ech por\u00e1\u017ek\u00e1ch v&nbsp;\u0159ad\u011b zabrali. Na dom\u00e1c\u00ed tr\u00e1vn\u00edku sest\u0159elili Kr\u00e1sn\u00e9 Pole v&nbsp;pom\u011bru 5:0. Dom\u00e1c\u00ed o&nbsp;sv\u00e9m v\u00edt\u011bzstv\u00ed rozhodli u\u017e v&nbsp;prvn\u00edm polo\u010dase, kdy si vypracovali t\u0159\u00edbrankov\u00e9&nbsp;veden\u00ed. \u201ePot\u0159ebovali jsme za ka\u017edou cenu vyhr\u00e1t a p\u0159eru\u0161it tak s\u00e9rii t\u0159\u00ed por\u00e1\u017eek,\u201c podotkl tren\u00e9r Kobe\u0159ic Petr Sou\u010dek. \u201ePodle toho jsme tak\u00e9 do utk\u00e1n\u00ed vstoupili. Hr\u00e1li jsme aktivn\u011b a za\u010dali si vytv\u00e1\u0159et \u0161ance,\u201c pochvaloval si dom\u00e1c\u00ed kou\u010d. Ve 22.&nbsp;minut\u011b si ve v\u00e1pn\u011b ud\u011blal dva hr\u00e1\u010de Schlischka a st\u0159elou na zadn\u00ed ty\u010d otev\u0159el sk\u00f3re. \u201eTato branka n\u00e1s uklidnila. Narostla n\u00e1m k\u0159\u00eddla, dal\u0161\u00ed dv\u011b velk\u00e9 \u0161ance zahodili Kry\u0161tof s&nbsp;Kubn\u00fdm,\u201c podotkl Petr Sou\u010dek. Na konci prvn\u00edho polo\u010dasu dom\u00e1c\u00ed z\u00e1pas definitivn\u011b zlomili. Ve 38.&nbsp;minut\u011b kopal Petzuch standardn\u00ed situaci a Kubn\u00fd p\u0159esko\u010dil brank\u00e1\u0159e a hlavou zv\u00fd\u0161il na 2:0. Dv\u011b minuty p\u0159ed polo\u010dasem d\u00e1val Kry\u0161tof na 3:0.<\/span><\/p>\n<p style=\"text-align: justify;\"><span style=\"font-family: helvetica, arial, sans-serif; font-size: 12pt;\">Druh\u00fd polo\u010das ovl\u00e1dly Kobe\u0159ice hru \u00fapln\u011b. Nav\u00edc v&nbsp;54. minut\u011b fauloval \u017d\u00eddek \u0160ime\u010dka, kter\u00fd b\u011b\u017eel s\u00e1m na brank\u00e1\u0159e a byl vylou\u010den. \u201eOd tohoto momentu to byla hra na jednu br\u00e1nu. P\u0159idali jsme dva g\u00f3ly, spoustu dal\u0161\u00edch \u0161anc\u00ed jsme je\u0161t\u011b zahodili. S&nbsp;v\u00fdsledkem jsem spokojen\u00fd, s&nbsp;p\u0159edvedenou hrou tak na pades\u00e1t procent,\u201c zakon\u010dil hodnocen\u00ed z\u00e1pasu Petr Sou\u010dek (zdroj opavsky.denik.cz).<\/span><\/p>\n<p style=\"text-align: justify;\"><span style=\"font-family: helvetica, arial, sans-serif; font-size: 12pt;\"><strong>Branky<\/strong>: 22. Schlischka M., 38., 68. Kubn\u00fd, 43. Kry\u0161tof, 88. Hartmann A.<\/span><\/p>\n<p style=\"text-align: justify;\"><span style=\"font-family: helvetica, arial, sans-serif; font-size: 12pt;\"><strong>Div\u00e1ci:<\/strong> 155<\/span><\/p>\n<p style=\"text-align: justify;\"><span style=\"font-family: helvetica, arial, sans-serif; font-size: 12pt;\"><strong>Sestava<\/strong>: \u0160tencel, Stare\u010dek, \u0160evior, Ve\u010derek, Wirth Ren\u00e9 (82. Breksa), Wirth Robin, Kry\u0161tof, Schlischka M. (78. Stuchl\u00edk P.), Kubn\u00fd (72. Stuchl\u00edk O.), Petzuch (72. Kolar\u010d\u00edk), \u0160ime\u010dek (78. Hartmann A.)<\/span><\/p>\n<p style=\"text-align: justify;\"><span style=\"font-family: helvetica, arial, sans-serif; font-size: 12pt;\"><strong>St\u0159\u00eddali<\/strong>: Hartmann O.<\/span><\/p>\n<p style=\"text-align: justify;\"><a href=\"https:\/\/souteze.fotbal.cz\/turnaje\/hlavni\/302f85e7-a4b6-4b0d-a664-2245a6578b09\"><span style=\"font-family: helvetica, arial, sans-serif; font-size: 12pt; color: #000080;\">Tabulka<\/span><\/a><\/p>\n<p style=\"text-align: justify;\">&nbsp;<\/p>\n<p style=\"text-align: justify;\"><span style=\"font-family: helvetica, arial, sans-serif; font-size: 12pt;\"><strong>St. Dorost \u2013 FK Fr\u00fddek M\u00edstek B &nbsp;&nbsp;2:1&nbsp; (1:0)<\/strong><\/span><\/p>\n<p style=\"text-align: justify;\"><span style=\"font-family: helvetica, arial, sans-serif; font-size: 12pt;\"><strong>Branky<\/strong>: 27.Gross, 58. Tom\u00ed\u010dek \u2013 59. Bezukh<\/span><\/p>\n<p style=\"text-align: justify;\"><span style=\"font-family: helvetica, arial, sans-serif; font-size: 12pt;\"><strong>Sestava<\/strong>: Hartmann O., Breksa, V\u00e1clav\u00edk A. (Mrva), Gross, Stuchl\u00edk O. (69. Kubn\u00fd D.), Voln\u00fd, Li\u0161ka, Slanina (85. St\u0159\u00edbn\u00fd V.), Hant\u00e1k, Tom\u00ed\u010dek, Birtek<\/span><\/p>\n<p style=\"text-align: justify;\"><span style=\"font-family: helvetica, arial, sans-serif; font-size: 12pt;\"><strong>St\u0159\u00eddali<\/strong>: Grigar\u010d\u00edk, Besta, Hanzl\u00edk, Pavlovi\u010d<\/span><\/p>\n<p style=\"text-align: justify;\"><a href=\"https:\/\/souteze.fotbal.cz\/turnaje\/hlavni\/0201eee7-cb71-4133-bcac-1253000fbf43\"><span style=\"font-family: helvetica, arial, sans-serif; font-size: 12pt; color: #000080;\">Tabulka<\/span><\/a><\/p>\n<p style=\"text-align: justify;\">&nbsp;<\/p>\n<p style=\"text-align: justify;\"><span style=\"font-family: helvetica, arial, sans-serif; font-size: 12pt;\"><strong>Ml. dorost &#8211; FK Fr\u00fddek M\u00edstek B &nbsp;&nbsp;&nbsp;&nbsp;1:5&nbsp; (0:3)<\/strong><\/span><\/p>\n<p style=\"text-align: justify;\"><span style=\"font-family: helvetica, arial, sans-serif; font-size: 12pt;\"><strong>Branka:&nbsp; <\/strong>55. Grigar\u010d\u00edk<\/span><\/p>\n<p style=\"text-align: justify;\"><span style=\"font-family: helvetica, arial, sans-serif; font-size: 12pt;\"><strong>Sestava<\/strong>: Pavlovi\u010d, Poni\u0161t, Hanzl\u00edk, Mac, Kamr\u00e1d, Grigar\u010d\u00edk, Pa\u0161ek, Mrva, Duda, Hald\u011bj, Herich<\/span><\/p>\n<p style=\"text-align: justify;\"><span style=\"font-family: helvetica, arial, sans-serif; font-size: 12pt;\"><strong>St\u0159\u00eddali<\/strong>: St\u0159\u00edbn\u00fd V., Bolack\u00fd, Muller, Schweidler, Litzka, St\u0159\u00edbn\u00fd V., Hrb\u00e1\u010d<strong>&nbsp;<\/strong><\/span><\/p>\n<p style=\"text-align: justify;\"><a href=\"https:\/\/souteze.fotbal.cz\/turnaje\/hlavni\/0c16b02d-65e2-4697-b6e8-53861d1a1e7e\"><span style=\"font-family: helvetica, arial, sans-serif; font-size: 12pt; color: #000080;\">Tabulka<\/span><\/a><\/p>\n<p style=\"text-align: justify;\">&nbsp;<\/p>\n<p style=\"text-align: justify;\"><span style=\"font-family: helvetica, arial, sans-serif; font-size: 12pt;\"><strong>TJ Sokol Sudice &#8211; B mu\u017ei &nbsp;&nbsp;&nbsp;2:2 &nbsp;(2:0)<\/strong><\/span><\/p>\n<p style=\"text-align: justify;\"><span style=\"font-family: helvetica, arial, sans-serif; font-size: 12pt;\"><strong>Branky: <\/strong>43. Pitra, 45. Ti\u0161ler &#8211; 54. V\u00e1clav\u00edk D., 61. Biel\u00e1k T.<\/span><\/p>\n<p style=\"text-align: justify;\"><span style=\"font-family: helvetica, arial, sans-serif; font-size: 12pt;\"><strong>Sestava<\/strong>: St\u0159\u00edbn\u00fd, N\u00e1vrat, Kretek, Kubn\u00fd M., Pa\u0161ek, Halfar, \u0160van\u010dar, Biel\u00e1k, V\u00e1clav\u00edk D., Stuchl\u00edk R., St\u0159\u00edbn\u00fd M.<\/span><\/p>\n<p style=\"text-align: justify;\"><span style=\"font-family: helvetica, arial, sans-serif; font-size: 12pt;\"><strong>St\u0159\u00eddali<\/strong>: Slanina, Bedrich, Nov\u00e1k, Mrovec, Moravec, Kaspar, Hahn<\/span><\/p>\n<p style=\"text-align: justify;\"><a href=\"https:\/\/souteze.fotbal.cz\/turnaje\/hlavni\/7bc0ee01-5c83-44bb-9399-97e0f9ccef2a\"><span style=\"font-family: helvetica, arial, sans-serif; font-size: 12pt; color: #000080;\">Tabulka<\/span><\/a><\/p>\n<p style=\"text-align: justify;\"><span style=\"font-family: helvetica, arial, sans-serif; font-size: 12pt;\"><strong>&nbsp;<\/strong><\/span><\/p>\n<p style=\"text-align: justify;\"><span style=\"font-family: helvetica, arial, sans-serif; font-size: 12pt;\">Sobota 30.9.2023<\/span><\/p>\n<p style=\"text-align: justify;\"><span style=\"font-family: helvetica, arial, sans-serif; font-size: 12pt;\"><strong>FK M\u011bsto Albrechtice &#8211; St. \u017e\u00e1ci&nbsp;&nbsp; 1:2 (0:2)<\/strong><\/span><\/p>\n<p style=\"text-align: justify;\"><span style=\"font-family: helvetica, arial, sans-serif; font-size: 12pt;\"><strong>Branky: <\/strong>17., 20. St\u0159\u00edbn\u00fd V.<\/span><\/p>\n<p style=\"text-align: justify;\"><span style=\"font-family: helvetica, arial, sans-serif; font-size: 12pt;\"><strong>Sestava<\/strong>: Herich, Malch\u00e1rek, Kry\u0161tof, St\u0159\u00edbn\u00fd V., Hald\u011bj, \u010cern\u00fd, Pla\u010dek, Schweidler, Herudek, Kurka, Krettek<\/span><\/p>\n<p style=\"text-align: justify;\"><span style=\"font-family: helvetica, arial, sans-serif; font-size: 12pt;\"><strong>St\u0159\u00eddali<\/strong>: Juchelka, Wroblewski, Litzka, \u010cir\u017e, Duda<\/span><\/p>\n<p style=\"text-align: justify;\"><a href=\"https:\/\/souteze.fotbal.cz\/turnaje\/hlavni\/b3b51ca5-e83a-4731-9298-50ad8e61789f\"><span style=\"font-family: helvetica, arial, sans-serif; font-size: 12pt; color: #000080;\">Tabulka<\/span><\/a><\/p>\n<p style=\"text-align: justify;\"><span style=\"font-family: helvetica, arial, sans-serif; font-size: 12pt;\"><strong>&nbsp;<\/strong><\/span><\/p>\n<p style=\"text-align: justify;\"><span style=\"font-family: helvetica, arial, sans-serif; font-size: 12pt;\"><strong>FK M\u011bsto Albrechtice &#8211; Ml. \u017e\u00e1ci &nbsp;&nbsp;2:7&nbsp; (0:5)<\/strong><\/span><\/p>\n<p style=\"text-align: justify;\"><span style=\"font-family: helvetica, arial, sans-serif; font-size: 12pt;\"><strong>Branky: <\/strong>2. Juchelka, 16., 19., 49. Schweidler, 26. Kermes, 29. Kone\u010dn\u00fd, 42. Hol\u00edk<\/span><\/p>\n<p style=\"text-align: justify;\"><span style=\"font-family: helvetica, arial, sans-serif; font-size: 12pt;\"><strong>Sestava<\/strong>: Malch\u00e1rek, Krettek, Kermes, Herudek, Kone\u010dn\u00fd, Bialas, Vyb\u00edral, Schweidler, Pavlovi\u010d, Juchelka, Jen\u010d<\/span><\/p>\n<p style=\"text-align: justify;\"><span style=\"font-family: helvetica, arial, sans-serif; font-size: 12pt;\"><strong>N\u00e1hradn\u00edci:<\/strong> Hol\u00edk, \u010cir\u017e<\/span><\/p>\n<p style=\"text-align: justify;\"><a href=\"https:\/\/souteze.fotbal.cz\/turnaje\/hlavni\/3a93f513-d0a8-4277-af8c-1082eec0c80f\"><span style=\"font-family: helvetica, arial, sans-serif; font-size: 12pt; color: #000080;\">Tabulka<\/span><\/a><\/p>\n","protected":false},"excerpt":{"rendered":"<p>A mu\u017ei po t\u0159ech por\u00e1\u017ek\u00e1ch porazili Kr\u00e1sn\u00e9 Pole &nbsp; Ned\u011ble 1.10.2023 A mu\u017ei \u2013 TJ Sokol Kr\u00e1sn\u00e9 Pole &nbsp;&nbsp;5:0 (3:0) Kobe\u0159ice se zvedly! Sv\u011b\u0159enci tren\u00e9ra Petra<span class=\"excerpt-hellip\"> [\u2026]<\/span><\/p>\n","protected":false},"author":3,"featured_media":3787,"comment_status":"closed","ping_status":"open","sticky":false,"template":"","format":"standard","meta":{"ngg_post_thumbnail":0,"footnotes":""},"categories":[115,112,110,107,117,111],"tags":[],"class_list":["post-7930","post","type-post","status-publish","format-standard","has-post-thumbnail","hentry","category-a-tym","category-b-tym","category-dorost","category-fotbal","category-mladsi-zaci","category-starsi-zaci"],"_links":{"self":[{"href":"https:\/\/tjsokolkoberice.cz\/index.php?rest_route=\/wp\/v2\/posts\/7930","targetHints":{"allow":["GET"]}}],"collection":[{"href":"https:\/\/tjsokolkoberice.cz\/index.php?rest_route=\/wp\/v2\/posts"}],"about":[{"href":"https:\/\/tjsokolkoberice.cz\/index.php?rest_route=\/wp\/v2\/types\/post"}],"author":[{"embeddable":true,"href":"https:\/\/tjsokolkoberice.cz\/index.php?rest_route=\/wp\/v2\/users\/3"}],"replies":[{"embeddable":true,"href":"https:\/\/tjsokolkoberice.cz\/index.php?rest_route=%2Fwp%2Fv2%2Fcomments&post=7930"}],"version-history":[{"count":1,"href":"https:\/\/tjsokolkoberice.cz\/index.php?rest_route=\/wp\/v2\/posts\/7930\/revisions"}],"predecessor-version":[{"id":7931,"href":"https:\/\/tjsokolkoberice.cz\/index.php?rest_route=\/wp\/v2\/posts\/7930\/revisions\/7931"}],"wp:featuredmedia":[{"embeddable":true,"href":"https:\/\/tjsokolkoberice.cz\/index.php?rest_route=\/wp\/v2\/media\/3787"}],"wp:attachment":[{"href":"https:\/\/tjsokolkoberice.cz\/index.php?rest_route=%2Fwp%2Fv2%2Fmedia&parent=7930"}],"wp:term":[{"taxonomy":"category","embeddable":true,"href":"https:\/\/tjsokolkoberice.cz\/index.php?rest_route=%2Fwp%2Fv2%2Fcategories&post=7930"},{"taxonomy":"post_tag","embeddable":true,"href":"https:\/\/tjsokolkoberice.cz\/index.php?rest_route=%2Fwp%2Fv2%2Ftags&post=7930"}],"curies":[{"name":"wp","href":"https:\/\/api.w.org\/{rel}","templated":true}]}}