{"id":7932,"date":"2023-10-12T07:33:46","date_gmt":"2023-10-12T06:33:46","guid":{"rendered":"https:\/\/tjsokolkoberice.cz\/?p=7932"},"modified":"2025-10-14T11:48:18","modified_gmt":"2025-10-14T10:48:18","slug":"a-muzi-po-obratu-zvitezili-ve-vresine","status":"publish","type":"post","link":"https:\/\/tjsokolkoberice.cz\/?p=7932","title":{"rendered":"A mu\u017ei po obratu zv\u00edt\u011bzili ve V\u0159esin\u011b"},"content":{"rendered":"<p><span style=\"font-family: helvetica, arial, sans-serif; font-size: 12pt;\">Ned\u011ble 8.10.2023<\/span><\/p>\n<p><span style=\"font-family: helvetica, arial, sans-serif; font-size: 12pt;\"><strong>FC V\u0159esina &#8211; A mu\u017ei &nbsp;&nbsp;&nbsp;2:3 (2:1)<\/strong><\/span><\/p>\n<p><span style=\"font-family: helvetica, arial, sans-serif; font-size: 12pt;\">Fotbalist\u016fm Kobe\u0159ic se povedl ve V\u0159esin\u011b velk\u00fd obrat, nakonec si p\u0159ivezli t\u0159i body za v\u00edt\u011bzstv\u00ed 3:2. Prvn\u00ed polo\u010das ale host\u016fm v\u016fbec nevy\u0161el. Sice rychle vedli, pak ale \u00fapln\u011b vypnuli a jen d\u00edky dob\u0159e chytaj\u00edc\u00edmu \u0160tenclovi se dr\u017eeli ve h\u0159e. Nakopla je a\u017e polo\u010dasov\u00e1 bou\u0159ka v&nbsp;kabin\u011b.<\/span><\/p>\n<p><span style=\"font-family: helvetica, arial, sans-serif; font-size: 12pt;\">\u201eV\u011bd\u011bli jsme, \u017ee n\u00e1s \u010dek\u00e1 t\u011b\u017ek\u00e9 a bojovn\u00e9 utk\u00e1n\u00ed,\u201c \u0159ekl \u00favodem hostuj\u00edc\u00ed&nbsp;<a href=\"https:\/\/opavsky.denik.cz\/fotbal-kraj\/krajsky-prebor-fotbal-koberice-soucek-christoph.html\">tren\u00e9r Petr Sou\u010dek<\/a>. Jeho t\u00fdm za\u010dal skv\u011ble. Kubn\u00fd vysunul \u0160ime\u010dka, ten se dostal k&nbsp;brance a st\u0159elou&nbsp;<a href=\"https:\/\/d.vvbox.cz\/vv_show_url.php?idk=95156&amp;idc=11920882&amp;ids=1066&amp;idp=89320&amp;url=http%3A%2F%2Fwww.alcar.cz%2F3DKonfigurator%2Findex.php%3Flcs%3Dzly4htfjss\">kolem<\/a>&nbsp;g\u00f3lmana otev\u0159el sk\u00f3re. \u201eT\u00edm v\u0161e dobr\u00e9 z&nbsp;na\u0161eho pohledu v&nbsp;prvn\u00edm polo\u010dase skon\u010dilo. \u00dapln\u011b jsme p\u0159estali hr\u00e1t. Prvn\u00ed polo\u010das byl z&nbsp;na\u0161\u00ed strany \u0161\u00edlen\u00fd. V\u0161e odstartoval n\u00e1\u0161 nepochopiteln\u00fd vlastn\u00ed g\u00f3l. N\u00e1sledn\u011b jsme vyrobili chybu, kterou soupe\u0159 potrestal,\u201c kroutil hlavou kobe\u0159ick\u00fd kou\u010d. \u201eByli jsme bez d\u016frazu. V\u0159esina m\u011bla \u0161ance. N\u00e1s ve h\u0159e dr\u017eel sv\u00fdmi z\u00e1kroky brank\u00e1\u0159 \u0160tencel,\u201c podotkl Petr Sou\u010dek.<\/span><\/p>\n<p><span style=\"font-family: helvetica, arial, sans-serif; font-size: 12pt;\">V&nbsp;polo\u010dasov\u00e9 p\u0159est\u00e1vce byla v&nbsp;kobe\u0159ick\u00e9 kabin\u011b po\u0159\u00e1dn\u00e1 bou\u0159ka. \u201eMuseli jsme si \u0159adu v\u011bc\u00ed vy\u0159\u00edkat. Ud\u011blali jsme i&nbsp;t\u0159i zm\u011bny v&nbsp;sestav\u011b,\u201c pokra\u010doval zku\u0161en\u00fd kou\u010d. Po hodin\u011b hry op\u011bt Kubn\u00fd vysunul \u0160ime\u010dka a ten vyrovnal. Dev\u011bt minut p\u0159ed koncem se do v\u00e1pna dostal Adam Hartmann a trefil host\u016fm t\u0159i body. \u201eVe druh\u00e9 p\u016fli se na\u0161e hra zlep\u0161ila. Z\u00e1v\u011br jsme si u\u017e pohl\u00eddali. Spokojeni jsme s&nbsp;v\u00fdsledkem, ne v\u0161ak s&nbsp;p\u0159edvedenou hrou,\u201c zakon\u010dil Petr Sou\u010dek (zdroj opavsky.denik.cz).<\/span><\/p>\n<p><span style=\"font-family: helvetica, arial, sans-serif; font-size: 12pt;\"><strong>Branky:<\/strong>&nbsp;11.&nbsp;Ren\u00e9 Wirth (vlastn\u00ed), 16.&nbsp;Hruzik \u2013 2.&nbsp;a 60.&nbsp;\u0160ime\u010dek, 81.&nbsp;A. Hartmann.&nbsp;<\/span><\/p>\n<p><span style=\"font-family: helvetica, arial, sans-serif; font-size: 12pt;\"><strong>Rozhod\u010d\u00ed:<\/strong>&nbsp;Stankov \u2013 \u010cuba, Tab\u00e1\u0161ek.&nbsp;<\/span><\/p>\n<p><span style=\"font-family: helvetica, arial, sans-serif; font-size: 12pt;\"><strong>\u017dK:<\/strong>&nbsp;Kozelsk\u00fd \u2013 Robin Wirth, \u0160ime\u010dek.&nbsp;<\/span><\/p>\n<p><span style=\"font-family: helvetica, arial, sans-serif; font-size: 12pt;\"><strong>Div\u00e1ci:<\/strong>&nbsp;150.<\/span><br \/>\n<span style=\"font-family: helvetica, arial, sans-serif; font-size: 12pt;\"><strong>Kobe\u0159ice:<\/strong>&nbsp;\u0160tencel \u2013 Stare\u010dek (84.&nbsp;M. St\u0159\u00edbn\u00fd), \u0160evior, Ve\u010derek, Kry\u0161tof (46.&nbsp;A. Hartmann) \u2013 Ren\u00e9 Wirth (46.&nbsp;P. Stuchl\u00edk), Robin Wirth, Petzuch (46.&nbsp;Kolar\u010dik) , Schlischka \u2013 \u0160ime\u010dek, Kubn\u00fd (79.&nbsp;Breksa). Tren\u00e9r: Petr Sou\u010dek.<\/span><\/p>\n<p><a href=\"https:\/\/souteze.fotbal.cz\/turnaje\/hlavni\/302f85e7-a4b6-4b0d-a664-2245a6578b09\"><span style=\"font-family: helvetica, arial, sans-serif; font-size: 12pt; color: #0000ff;\">Tabulka<\/span><\/a><\/p>\n<p><span style=\"font-family: helvetica, arial, sans-serif; font-size: 12pt;\"><strong>&nbsp;<\/strong><\/span><\/p>\n<p><span style=\"font-family: helvetica, arial, sans-serif; font-size: 12pt;\"><strong>Slavia Opava &#8211; St. dorost &nbsp;&nbsp;1:5&nbsp; (0:4)<\/strong><\/span><\/p>\n<p><span style=\"font-family: helvetica, arial, sans-serif; font-size: 12pt;\"><strong>Branky<\/strong>: 10., 58. Gross, 18., 43. Birtek, 35. Kubn\u00fd D.<\/span><\/p>\n<p><span style=\"font-family: helvetica, arial, sans-serif; font-size: 12pt;\"><strong>Sestava<\/strong>: Hartmann O., Breksa (63. Cziepl\u00fd), V\u00e1clav\u00edk A. (83. Mrva), Gross, Stuchl\u00edk O. (83. Grigar\u010d\u00edk), Kubn\u00fd D., Voln\u00fd, Li\u0161ka (46. St\u0159\u00edbn\u00fd V.), Hant\u00e1k, Tom\u00ed\u010dek, Birtek<\/span><\/p>\n<p><span style=\"font-family: helvetica, arial, sans-serif; font-size: 12pt;\"><strong>St\u0159\u00eddali<\/strong>: Slanina, Hanzl\u00edk, Pavlovi\u010d<\/span><\/p>\n<p><a href=\"https:\/\/souteze.fotbal.cz\/turnaje\/hlavni\/0201eee7-cb71-4133-bcac-1253000fbf43\"><span style=\"font-family: helvetica, arial, sans-serif; font-size: 12pt; color: #0000ff;\">Tabulka<\/span><\/a><\/p>\n<p>&nbsp;<\/p>\n<p><span style=\"font-family: helvetica, arial, sans-serif; font-size: 12pt;\"><strong>Slavia Opava &#8211; Ml. dorost &nbsp;&nbsp;&nbsp;1:8&nbsp; (0:6)<\/strong><\/span><\/p>\n<p><span style=\"font-family: helvetica, arial, sans-serif; font-size: 12pt;\"><strong>Branka:&nbsp; <\/strong>2. Bolack\u00fd, 9., 68. Muller, 34., 36., 38., 66. Mrva, 40. Poni\u0161t<\/span><\/p>\n<p><span style=\"font-family: helvetica, arial, sans-serif; font-size: 12pt;\"><strong>Sestava<\/strong>: Pavlovi\u010d, Poni\u0161t, Hanzl\u00edk, Mac, Kamr\u00e1d, Grigar\u010d\u00edk, Pa\u0161ek, Mrva, Duda, Hald\u011bj, Herich<\/span><\/p>\n<p><span style=\"font-family: helvetica, arial, sans-serif; font-size: 12pt;\"><strong>St\u0159\u00eddali<\/strong>: St\u0159\u00edbn\u00fd V., Bolack\u00fd, Muller, Schweidler, Litzka, St\u0159\u00edbn\u00fd V., Hrb\u00e1\u010d<strong>&nbsp;<\/strong><\/span><\/p>\n<p><a href=\"https:\/\/souteze.fotbal.cz\/turnaje\/hlavni\/0c16b02d-65e2-4697-b6e8-53861d1a1e7e\"><span style=\"font-family: helvetica, arial, sans-serif; font-size: 12pt; color: #0000ff;\">Tabulka<\/span><\/a><\/p>\n<p>&nbsp;<\/p>\n<p><span style=\"font-family: helvetica, arial, sans-serif; font-size: 12pt;\"><strong>B mu\u017ei \u2013 TJ Sokol Z\u00e1vada &nbsp;&nbsp;&nbsp;3:0 &nbsp;(1:0)<\/strong><\/span><\/p>\n<p><span style=\"font-family: helvetica, arial, sans-serif; font-size: 12pt;\"><strong>Branky: <\/strong>24. Jur\u010dek L., 55. Stuchl\u00edk R., 78., St\u0159\u00edbn\u00fd M.<\/span><\/p>\n<p><span style=\"font-family: helvetica, arial, sans-serif; font-size: 12pt;\"><strong>Sestava<\/strong>: St\u0159\u00edbn\u00fd, Kaspar, Christoph, Nov\u00e1k, \u0160van\u010dar, Biel\u00e1k, V\u00e1clav\u00edk D., Stuchl\u00edk R., Moravec, Kubn\u00fd M., Jur\u010dek L.<\/span><\/p>\n<p><span style=\"font-family: helvetica, arial, sans-serif; font-size: 12pt;\"><strong>St\u0159\u00eddali<\/strong>: Latka, Kretek, Halfar, Mrovec, N\u00e1vrat, St\u0159\u00edb\u00fd V., Hahn<\/span><\/p>\n<p><a href=\"https:\/\/souteze.fotbal.cz\/turnaje\/hlavni\/7bc0ee01-5c83-44bb-9399-97e0f9ccef2a\"><span style=\"font-family: helvetica, arial, sans-serif; font-size: 12pt; color: #0000ff;\">Tabulka<\/span><\/a><\/p>\n<p>&nbsp;<\/p>\n<p><span style=\"font-family: helvetica, arial, sans-serif; font-size: 12pt;\">Sobota 7.10.2023<\/span><\/p>\n<p><span style=\"font-family: helvetica, arial, sans-serif; font-size: 12pt;\"><strong>Ml. \u017e\u00e1ci \u2013 FK Kyle\u0161ovice&nbsp;&nbsp; 1:3 &nbsp;(1:2)<\/strong><\/span><\/p>\n<p><span style=\"font-family: helvetica, arial, sans-serif; font-size: 12pt;\"><strong>Branky: <\/strong>9. Halama vl.<\/span><\/p>\n<p><span style=\"font-family: helvetica, arial, sans-serif; font-size: 12pt;\"><strong>Sestava<\/strong>: Malch\u00e1rek, Krettek, Kermes, Herudek, Kone\u010dn\u00fd, Bialas, Schweidler, Pavlovi\u010d, Juchelka, Hol\u00edk, \u010cir\u017e<\/span><\/p>\n<p><span style=\"font-family: helvetica, arial, sans-serif; font-size: 12pt;\"><strong>St\u0159\u00eddali<\/strong>: Kurka, Dejmek, Mrovec, \u010cernohorsk\u00fd<\/span><\/p>\n<p><a href=\"https:\/\/souteze.fotbal.cz\/turnaje\/hlavni\/3a93f513-d0a8-4277-af8c-1082eec0c80f\"><span style=\"font-family: helvetica, arial, sans-serif; font-size: 12pt; color: #0000ff;\">Tabulka<\/span><\/a><\/p>\n<p><span style=\"font-family: helvetica, arial, sans-serif; font-size: 12pt;\"><strong>&nbsp;<\/strong><\/span><\/p>\n<p><span style=\"font-family: helvetica, arial, sans-serif; font-size: 12pt;\">\u00dater\u00fd 10.10.2023<\/span><\/p>\n<p><span style=\"font-family: helvetica, arial, sans-serif; font-size: 12pt;\"><strong>St. \u017e\u00e1ci \u2013 FK Kyle\u0161ovice &nbsp;&nbsp;0:17&nbsp; (0:8)<\/strong><\/span><\/p>\n<p><span style=\"font-family: helvetica, arial, sans-serif; font-size: 12pt;\"><strong>Sestava<\/strong>: Herich, Pla\u010dek, Hald\u011bj, St\u0159\u00edbn\u00fd V., Herudek, \u010cern\u00fd, Kry\u0161tof, Krettek, Kurka, Wroblewski<\/span><\/p>\n<p><span style=\"font-family: helvetica, arial, sans-serif; font-size: 12pt;\"><strong>N\u00e1hradn\u00edci:<\/strong> Litzka, Duda, Hanzl\u00edk, Hagen, \u010cir\u017e, Juchelka, Sedl\u00e1\u010dek<\/span><\/p>\n<p><span style=\"color: #0000ff;\"><a style=\"color: #0000ff;\" href=\"https:\/\/souteze.fotbal.cz\/turnaje\/hlavni\/b3b51ca5-e83a-4731-9298-50ad8e61789f\"><span style=\"font-family: helvetica, arial, sans-serif; font-size: 12pt;\">Tabulka<\/span><\/a><\/span><\/p>\n","protected":false},"excerpt":{"rendered":"<p>Ned\u011ble 8.10.2023 FC V\u0159esina &#8211; A mu\u017ei &nbsp;&nbsp;&nbsp;2:3 (2:1) Fotbalist\u016fm Kobe\u0159ic se povedl ve V\u0159esin\u011b velk\u00fd obrat, nakonec si p\u0159ivezli t\u0159i body za v\u00edt\u011bzstv\u00ed 3:2. Prvn\u00ed<span class=\"excerpt-hellip\"> [\u2026]<\/span><\/p>\n","protected":false},"author":3,"featured_media":2993,"comment_status":"closed","ping_status":"open","sticky":false,"template":"","format":"standard","meta":{"ngg_post_thumbnail":0,"footnotes":""},"categories":[107,104,102],"tags":[],"class_list":["post-7932","post","type-post","status-publish","format-standard","has-post-thumbnail","hentry","category-fotbal","category-vysledky","category-zapasy"],"_links":{"self":[{"href":"https:\/\/tjsokolkoberice.cz\/index.php?rest_route=\/wp\/v2\/posts\/7932","targetHints":{"allow":["GET"]}}],"collection":[{"href":"https:\/\/tjsokolkoberice.cz\/index.php?rest_route=\/wp\/v2\/posts"}],"about":[{"href":"https:\/\/tjsokolkoberice.cz\/index.php?rest_route=\/wp\/v2\/types\/post"}],"author":[{"embeddable":true,"href":"https:\/\/tjsokolkoberice.cz\/index.php?rest_route=\/wp\/v2\/users\/3"}],"replies":[{"embeddable":true,"href":"https:\/\/tjsokolkoberice.cz\/index.php?rest_route=%2Fwp%2Fv2%2Fcomments&post=7932"}],"version-history":[{"count":2,"href":"https:\/\/tjsokolkoberice.cz\/index.php?rest_route=\/wp\/v2\/posts\/7932\/revisions"}],"predecessor-version":[{"id":7934,"href":"https:\/\/tjsokolkoberice.cz\/index.php?rest_route=\/wp\/v2\/posts\/7932\/revisions\/7934"}],"wp:featuredmedia":[{"embeddable":true,"href":"https:\/\/tjsokolkoberice.cz\/index.php?rest_route=\/wp\/v2\/media\/2993"}],"wp:attachment":[{"href":"https:\/\/tjsokolkoberice.cz\/index.php?rest_route=%2Fwp%2Fv2%2Fmedia&parent=7932"}],"wp:term":[{"taxonomy":"category","embeddable":true,"href":"https:\/\/tjsokolkoberice.cz\/index.php?rest_route=%2Fwp%2Fv2%2Fcategories&post=7932"},{"taxonomy":"post_tag","embeddable":true,"href":"https:\/\/tjsokolkoberice.cz\/index.php?rest_route=%2Fwp%2Fv2%2Ftags&post=7932"}],"curies":[{"name":"wp","href":"https:\/\/api.w.org\/{rel}","templated":true}]}}