{"id":7945,"date":"2023-10-26T08:01:04","date_gmt":"2023-10-26T07:01:04","guid":{"rendered":"https:\/\/tjsokolkoberice.cz\/?p=7945"},"modified":"2025-10-14T11:48:18","modified_gmt":"2025-10-14T10:48:18","slug":"a-muzi-nestacili-na-favorita-z-petrvaldu","status":"publish","type":"post","link":"https:\/\/tjsokolkoberice.cz\/?p=7945","title":{"rendered":"A mu\u017ei nesta\u010dili na favorita z Pet\u0159valdu"},"content":{"rendered":"<p style=\"text-align: justify;\"><span style=\"font-size: 14pt; font-family: helvetica, arial, sans-serif;\"><strong>A mu\u017ei nesta\u010dili na favorita z Pet\u0159valdu<\/strong><\/span><\/p>\n<p>&nbsp;<\/p>\n<p style=\"text-align: justify;\"><span style=\"font-size: 12pt; font-family: helvetica, arial, sans-serif;\">Sobota 21.10.2023<\/span><\/p>\n<p style=\"text-align: justify;\"><span style=\"font-size: 12pt; font-family: helvetica, arial, sans-serif;\"><strong>FK Pet\u0159vald na Morav\u011b &#8211; A mu\u017ei &nbsp;&nbsp;&nbsp;4:0 (2:0)<\/strong><\/span><\/p>\n<p style=\"text-align: justify;\"><span style=\"font-size: 12pt; font-family: helvetica, arial, sans-serif;\">Za velik\u00e9ho favorita platil v&nbsp;sobotn\u00edm utk\u00e1n\u00ed proti na\u0161emu A mu\u017estvu dom\u00e1c\u00ed Pet\u0159vald na Morav\u011b. P\u0159edz\u00e1pasov\u00e9 progn\u00f3zy se vyplnily, dom\u00e1c\u00ed zv\u00edt\u011bzili jednozna\u010dn\u011b 4:0.<\/span><\/p>\n<p style=\"text-align: justify;\"><span style=\"font-size: 12pt; font-family: helvetica, arial, sans-serif;\">Host\u00e9 vstoupili do utk\u00e1n\u00ed s&nbsp;velk\u00fdm respektem k&nbsp;soupe\u0159i, kter\u00fd hned ve &nbsp;&nbsp;2. min. zahodil penaltu po faulu \u0160eviora. Dom\u00e1c\u00ed to ale p\u0159\u00edli\u0161 nemuselo mrzet, nebo\u0165 hned v&nbsp;6. min. se v&nbsp;ide\u00e1ln\u00ed pozici nem\u00fdlil Kova\u0159\u00edk \u2013 1:0. Druh\u00e1 g\u00f3lov\u00e1 pohroma se na Kobe\u0159ice snesla v&nbsp;37. min. Ka\u0161n\u00fd s&nbsp;Ve\u010derkem si p\u0159i br\u00e1n\u011bn\u00ed po\u010d\u00ednali dosti ned\u016fsledn\u011b, \u010deho\u017e vyu\u017eil precizn\u00ed ranou z&nbsp;poza \u0161estn\u00e1ctky Veng\u0159\u00ednek \u2013 2:0.<\/span><\/p>\n<p style=\"text-align: justify;\"><span style=\"font-size: 12pt; font-family: helvetica, arial, sans-serif;\">Bodov\u00e9 nad\u011bje host\u016fm definitivn\u011b zhasly kr\u00e1tce po zm\u011bn\u011b stran, kdy smrt\u00edc\u00ed kontr dom\u00e1c\u00edch zakon\u010dil Bernatsk\u00fd a zv\u00fd\u0161il ji\u017e na 3:0. O sedm minut pozd\u011bji nav\u00fd\u0161il dom\u00e1c\u00ed veden\u00ed Dujs\u00edk a upravil na kone\u010dn\u00fdch 4:0. Pot\u00e9 ji\u017e znateln\u011b dom\u00e1c\u00ed polevili a tak se objevil prostor tak\u00e9 pro hosty, ale \u0160ime\u010dek dv\u011b slibn\u00e9 p\u0159\u00edle\u017eitosti nevyu\u017eil.<\/span><\/p>\n<p style=\"text-align: justify;\"><span style=\"font-size: 12pt; font-family: helvetica, arial, sans-serif;\">Dom\u00e1c\u00ed tak naprosto zaslou\u017een\u011b porazili Kobe\u0159ice pom\u011brn\u011b jednozna\u010dn\u00fdm v\u00fdsledkem 4:0 (zdroj Region Opavsko).<\/span><\/p>\n<p style=\"text-align: justify;\"><span style=\"font-size: 12pt; font-family: helvetica, arial, sans-serif;\"><strong>Branky:<\/strong>&nbsp;6. Kova\u0159\u00edk, 37. Veng\u0159\u00ednek, 55. Bernatsk\u00fd, 62. Dujs\u00edk<\/span><\/p>\n<p style=\"text-align: justify;\"><span style=\"font-size: 12pt; font-family: helvetica, arial, sans-serif;\"><strong>Rozhod\u010d\u00ed:<\/strong>&nbsp;Petro\u0161 Radim \u2013 \u0160vec Marek, Tak\u00e1\u010d Tibor<\/span><\/p>\n<p style=\"text-align: justify;\"><span style=\"font-size: 12pt; font-family: helvetica, arial, sans-serif;\"><strong>Div\u00e1ci:<\/strong>&nbsp;80<\/span><br \/>\n<span style=\"font-size: 12pt; font-family: helvetica, arial, sans-serif;\"><strong>Kobe\u0159ice:<\/strong>&nbsp;\u0160tencel \u2013 Stare\u010dek, \u0160evior, Wirth Robin, Ve\u010derek, Ka\u0161n\u00fd (75. St\u0159\u00edbn\u00fd M.), Kolar\u010d\u00edk (61. Wirth Ren\u00e9), Schlischka (61. St\u0159\u00edbn\u00fd V.), Kry\u0161tof (61. Petzuch) \u2013 Hartmann (32. Kubn\u00fd), \u0160ime\u010dek Tren\u00e9r: Petr Sou\u010dek.<\/span><\/p>\n<p style=\"text-align: justify;\"><a href=\"https:\/\/souteze.fotbal.cz\/turnaje\/hlavni\/302f85e7-a4b6-4b0d-a664-2245a6578b09\"><span style=\"font-size: 12pt; font-family: helvetica, arial, sans-serif; color: #000080;\">Tabulka<\/span><\/a><\/p>\n<p style=\"text-align: justify;\">&nbsp;<\/p>\n<p style=\"text-align: justify;\"><span style=\"font-size: 12pt; font-family: helvetica, arial, sans-serif;\"><strong>MFK Krava\u0159e &#8211; St. dorost &nbsp;&nbsp;&nbsp;2:1&nbsp; (0:1)<\/strong><\/span><\/p>\n<p style=\"text-align: justify;\"><span style=\"font-size: 12pt; font-family: helvetica, arial, sans-serif;\"><strong>Branky<\/strong>: 50. Dole\u017eal, 63. \u0160\u0165astn\u00fd \u2013 27. Birtek<\/span><\/p>\n<p style=\"text-align: justify;\"><span style=\"font-size: 12pt; font-family: helvetica, arial, sans-serif;\"><strong>Sestava<\/strong>: Hartmann O., Breksa, Gross, Kubn\u00fd D. (60. V\u00e1clav\u00edk A.), Voln\u00fd (46. Slanina), Li\u0161ka, St\u0159\u00edbn\u00fd V., Hant\u00e1k, Tom\u00ed\u010dek, Birtek, Stuchl\u00edk O.<\/span><\/p>\n<p style=\"text-align: justify;\"><span style=\"font-size: 12pt; font-family: helvetica, arial, sans-serif;\"><strong>St\u0159\u00eddali<\/strong>: Mrva, Grigar\u010d\u00edk, Pavlovi\u010d, Hanzl\u00edk, Besta<\/span><\/p>\n<p style=\"text-align: justify;\"><a href=\"https:\/\/souteze.fotbal.cz\/turnaje\/hlavni\/0201eee7-cb71-4133-bcac-1253000fbf43\"><span style=\"font-size: 12pt; font-family: helvetica, arial, sans-serif; color: #000080;\">Tabulka<\/span><\/a><\/p>\n<p style=\"text-align: justify;\">&nbsp;<\/p>\n<p style=\"text-align: justify;\"><span style=\"font-size: 12pt; font-family: helvetica, arial, sans-serif;\"><strong>MFK Krava\u0159e &#8211; Ml. dorost &nbsp;&nbsp;&nbsp;&nbsp;3:4&nbsp; (2:2)<\/strong><\/span><\/p>\n<p style=\"text-align: justify;\"><span style=\"font-size: 12pt; font-family: helvetica, arial, sans-serif;\"><strong>Branka:&nbsp; <\/strong>30. Halfar, 31. \u0160\u0165astn\u00fd, 65. K\u0159empek \u2013 9., 15. Mrva, 42. St\u0159\u00edbn\u00fd V., 70. Hrb\u00e1\u010d<\/span><\/p>\n<p style=\"text-align: justify;\"><span style=\"font-size: 12pt; font-family: helvetica, arial, sans-serif;\"><strong>Sestava<\/strong>: Pavlovi\u010d, Poni\u0161t, Hanzl\u00edk, Mac, Kamr\u00e1d, Grigar\u010d\u00edk, Pa\u0161ek, Mrva, Duda, Hald\u011bj, Herich<\/span><\/p>\n<p style=\"text-align: justify;\"><span style=\"font-size: 12pt; font-family: helvetica, arial, sans-serif;\"><strong>St\u0159\u00eddali<\/strong>: St\u0159\u00edbn\u00fd V., Bolack\u00fd, Muller, Schweidler, Litzka, St\u0159\u00edbn\u00fd V., Hrb\u00e1\u010d<\/span><\/p>\n<p style=\"text-align: justify;\"><a href=\"https:\/\/souteze.fotbal.cz\/turnaje\/hlavni\/0c16b02d-65e2-4697-b6e8-53861d1a1e7e\"><span style=\"font-size: 12pt; font-family: helvetica, arial, sans-serif; color: #000080;\">Tabulka<\/span><\/a><\/p>\n<p style=\"text-align: justify;\">&nbsp;<\/p>\n<p style=\"text-align: justify;\"><span style=\"font-size: 12pt; font-family: helvetica, arial, sans-serif;\"><strong>\u0160ilhe\u0159ovice B &#8211; B mu\u017ei &nbsp;&nbsp;&nbsp;&nbsp;0:2 &nbsp;(0:1)<\/strong><\/span><\/p>\n<p style=\"text-align: justify;\"><span style=\"font-size: 12pt; font-family: helvetica, arial, sans-serif;\"><strong>Branky: <\/strong>7. Slanina<strong> &#8211; <\/strong>85. Jur\u010dek L.<\/span><\/p>\n<p style=\"text-align: justify;\"><span style=\"font-size: 12pt; font-family: helvetica, arial, sans-serif;\"><strong>Sestava<\/strong>: St\u0159\u00edbn\u00fd, Christoph, Hahn, Oberherr A., Biel\u00e1k, Stuchl\u00edk R., Jur\u010dek L., Slanina, Halfar, Kubn\u00fd, V\u00e1clav\u00edk D.<\/span><\/p>\n<p style=\"text-align: justify;\"><span style=\"font-size: 12pt; font-family: helvetica, arial, sans-serif;\"><strong>St\u0159\u00eddali<\/strong>: Kretek, Kaspar, Moravec, Kubn\u00fd, Pa\u0161ek, Nov\u00e1k, Bedrich<\/span><\/p>\n<p style=\"text-align: justify;\"><a href=\"https:\/\/souteze.fotbal.cz\/turnaje\/hlavni\/7bc0ee01-5c83-44bb-9399-97e0f9ccef2a\"><span style=\"font-size: 12pt; font-family: helvetica, arial, sans-serif; color: #000080;\">Tabulka<\/span><\/a><\/p>\n<p style=\"text-align: justify;\">&nbsp;<\/p>\n<p style=\"text-align: justify;\"><span style=\"font-size: 12pt; font-family: helvetica, arial, sans-serif;\"><strong>St. \u017e\u00e1ci \u2013 MFK Krava\u0159e&nbsp; &nbsp;0:1&nbsp; (0:6)<\/strong><\/span><\/p>\n<p style=\"text-align: justify;\"><span style=\"font-size: 12pt; font-family: helvetica, arial, sans-serif;\"><strong>Sestava<\/strong>: Herich, Krettek, St\u0159\u00edbn\u00fd V., \u010cern\u00fd, Litzka, Wroblewski, Sedl\u00e1\u010dek, Hald\u011bj, \u010cir\u017e, Hartmann, B\u0159emek,<\/span><\/p>\n<p style=\"text-align: justify;\"><span style=\"font-size: 12pt; font-family: helvetica, arial, sans-serif;\"><strong>St\u0159\u00eddali<\/strong>: Kurka, Kry\u0161tof, Mrovec, Duda, Herudek<\/span><\/p>\n<p style=\"text-align: justify;\"><a href=\"https:\/\/souteze.fotbal.cz\/turnaje\/hlavni\/b3b51ca5-e83a-4731-9298-50ad8e61789f\"><span style=\"font-size: 12pt; font-family: helvetica, arial, sans-serif; color: #000080;\">Tabulka<\/span><\/a><\/p>\n<p style=\"text-align: justify;\"><span style=\"font-size: 12pt; font-family: helvetica, arial, sans-serif;\"><strong>&nbsp;<\/strong><\/span><\/p>\n<p style=\"text-align: justify;\"><span style=\"font-size: 12pt; font-family: helvetica, arial, sans-serif;\"><strong>Ml. \u017e\u00e1ci &#8211; MFK Krava\u0159e&nbsp;&nbsp; 0:4 &nbsp;(0:2)<\/strong><\/span><\/p>\n<p style=\"text-align: justify;\"><span style=\"font-size: 12pt; font-family: helvetica, arial, sans-serif;\"><strong>Sestava<\/strong>: Malch\u00e1rek, Krettek, Dejmek, Bialas, Juchelka, \u010cir\u017e, Kurka, Vyb\u00edral, Herudek, St\u0159\u00edbn\u00fd V., Mrovec<\/span><\/p>\n<p style=\"text-align: justify;\"><span style=\"font-size: 12pt; font-family: helvetica, arial, sans-serif;\"><strong>St\u0159\u00eddal: <\/strong>Hol\u00edk, Balarin<\/span><\/p>\n<p style=\"text-align: justify;\"><a href=\"https:\/\/souteze.fotbal.cz\/turnaje\/hlavni\/3a93f513-d0a8-4277-af8c-1082eec0c80f\"><span style=\"font-size: 12pt; font-family: helvetica, arial, sans-serif; color: #000080;\">Tabulka<\/span><\/a><\/p>\n","protected":false},"excerpt":{"rendered":"<p>A mu\u017ei nesta\u010dili na favorita z Pet\u0159valdu &nbsp; Sobota 21.10.2023 FK Pet\u0159vald na Morav\u011b &#8211; A mu\u017ei &nbsp;&nbsp;&nbsp;4:0 (2:0) Za velik\u00e9ho favorita platil v&nbsp;sobotn\u00edm utk\u00e1n\u00ed proti<span class=\"excerpt-hellip\"> [\u2026]<\/span><\/p>\n","protected":false},"author":3,"featured_media":3291,"comment_status":"closed","ping_status":"open","sticky":false,"template":"","format":"standard","meta":{"ngg_post_thumbnail":0,"footnotes":""},"categories":[115,112,110,107,117,111,104,102],"tags":[],"class_list":["post-7945","post","type-post","status-publish","format-standard","has-post-thumbnail","hentry","category-a-tym","category-b-tym","category-dorost","category-fotbal","category-mladsi-zaci","category-starsi-zaci","category-vysledky","category-zapasy"],"_links":{"self":[{"href":"https:\/\/tjsokolkoberice.cz\/index.php?rest_route=\/wp\/v2\/posts\/7945","targetHints":{"allow":["GET"]}}],"collection":[{"href":"https:\/\/tjsokolkoberice.cz\/index.php?rest_route=\/wp\/v2\/posts"}],"about":[{"href":"https:\/\/tjsokolkoberice.cz\/index.php?rest_route=\/wp\/v2\/types\/post"}],"author":[{"embeddable":true,"href":"https:\/\/tjsokolkoberice.cz\/index.php?rest_route=\/wp\/v2\/users\/3"}],"replies":[{"embeddable":true,"href":"https:\/\/tjsokolkoberice.cz\/index.php?rest_route=%2Fwp%2Fv2%2Fcomments&post=7945"}],"version-history":[{"count":2,"href":"https:\/\/tjsokolkoberice.cz\/index.php?rest_route=\/wp\/v2\/posts\/7945\/revisions"}],"predecessor-version":[{"id":7947,"href":"https:\/\/tjsokolkoberice.cz\/index.php?rest_route=\/wp\/v2\/posts\/7945\/revisions\/7947"}],"wp:featuredmedia":[{"embeddable":true,"href":"https:\/\/tjsokolkoberice.cz\/index.php?rest_route=\/wp\/v2\/media\/3291"}],"wp:attachment":[{"href":"https:\/\/tjsokolkoberice.cz\/index.php?rest_route=%2Fwp%2Fv2%2Fmedia&parent=7945"}],"wp:term":[{"taxonomy":"category","embeddable":true,"href":"https:\/\/tjsokolkoberice.cz\/index.php?rest_route=%2Fwp%2Fv2%2Fcategories&post=7945"},{"taxonomy":"post_tag","embeddable":true,"href":"https:\/\/tjsokolkoberice.cz\/index.php?rest_route=%2Fwp%2Fv2%2Ftags&post=7945"}],"curies":[{"name":"wp","href":"https:\/\/api.w.org\/{rel}","templated":true}]}}