{"id":7950,"date":"2023-11-03T20:00:03","date_gmt":"2023-11-03T19:00:03","guid":{"rendered":"https:\/\/tjsokolkoberice.cz\/?p=7950"},"modified":"2025-10-14T11:48:18","modified_gmt":"2025-10-14T10:48:18","slug":"vysledky-minuleho-tydne-a-muzi-presvedcive-porazili-hermanice","status":"publish","type":"post","link":"https:\/\/tjsokolkoberice.cz\/?p=7950","title":{"rendered":"V\u00fdsledky minul\u00e9ho t\u00fddne &#8211; A mu\u017ei p\u0159esv\u011bd\u010div\u011b porazili He\u0159manice"},"content":{"rendered":"<p style=\"text-align: justify;\"><span style=\"font-size: 14pt; font-family: helvetica, arial, sans-serif;\"><strong>A mu\u017ei p\u0159esv\u011bd\u010div\u011b porazili He\u0159manice <\/strong><\/span><\/p>\n<p style=\"text-align: justify;\"><span style=\"font-size: 12pt; font-family: helvetica, arial, sans-serif;\">Ned\u011ble 29.10.2023<\/span><\/p>\n<p style=\"text-align: justify;\"><span style=\"font-size: 14pt;\"><span style=\"font-family: helvetica, arial, sans-serif;\"><strong>&nbsp;<\/strong><\/span><span style=\"font-family: helvetica, arial, sans-serif;\"><strong>A mu\u017ei \u2013 He\u0159manice Slezsk\u00e1 &nbsp;&nbsp;&nbsp;3:0 (2:0)<\/strong><\/span><\/span><\/p>\n<p style=\"text-align: justify;\"><span style=\"font-size: 12pt; font-family: helvetica, arial, sans-serif;\">B\u011bhem t\u0159\u00ed minut poslali kobe\u0159i\u010dt\u00ed fotbalist\u00e9 He\u0159manice do kolen. Sv\u011b\u0159enci tren\u00e9ra Petra Sou\u010dka odehr\u00e1li v&nbsp;ned\u011bli poveden\u00fd z\u00e1pas. Sv\u00e9ho protivn\u00edka nakonec porazili 3:0.<\/span><\/p>\n<p style=\"text-align: justify;\"><span style=\"font-size: 12pt; font-family: helvetica, arial, sans-serif;\">\u201eZa\u010dali jsme velmi dob\u0159e. M\u011bli jsme tlak, dlouho se n\u00e1m ale nepoda\u0159ilo vst\u0159elit branku. Soupe\u0159 si vypracoval jednu velkou \u0161anci. N\u00e1s na\u0161t\u011bst\u00ed p\u0159i hlavi\u010dce z mal\u00e9ho v\u00e1pna podr\u017eel P\u00e9\u0165a \u0160tencel,\u201c poznamenal kou\u010d Kobe\u0159ic Petr Sou\u010dek. V 36. minut\u011b dostal balon za obranu \u0160ime\u010dek, b\u011b\u017eel s\u00e1m na g\u00f3lmana a poslal dom\u00e1c\u00ed do veden\u00ed. O t\u0159i minuty pozd\u011bji poslali dom\u00e1c\u00ed prudk\u00fd centr do v\u00e1pna, balon se odrazil od \u0160ime\u010dkovy paty ke Kubn\u00e9mu, kter\u00fd trefil \u0161ibenici \u2013 2:0. \u201eTy to dv\u011b branky rozhodly. Utk\u00e1n\u00ed se t\u00edm zlomilo. Po p\u0159est\u00e1vce jsme p\u0159idali je\u0161t\u011b jeden g\u00f3l a zaslou\u017een\u011b vyhr\u00e1li,\u201c byl spokojen\u00fd dom\u00e1c\u00ed kou\u010d. \u201eKluky mus\u00edm pochv\u00e1lit za p\u0159\u00edstup a nasazen\u00ed. He\u0159manic\u00edm jsme toho moc nedovolili,\u201c dodal Petr Sou\u010dek (zdroj opavsky.denik.cz).<\/span><\/p>\n<p style=\"text-align: justify;\"><span style=\"font-size: 12pt; font-family: helvetica, arial, sans-serif;\"><strong>Branky:<\/strong>&nbsp;36.&nbsp;\u0160ime\u010dek, 39.&nbsp;Kubn\u00fd, 57.&nbsp;Robin Wirth<\/span><\/p>\n<p style=\"text-align: justify;\"><span style=\"font-size: 12pt; font-family: helvetica, arial, sans-serif;\"><strong>Rozhod\u010d\u00ed:<\/strong>&nbsp;Tak\u00e1\u010d \u2013 \u0160i\u0161t\u00edk, L\u00e1ry\u0161<\/span><\/p>\n<p style=\"text-align: justify;\"><span style=\"font-size: 12pt; font-family: helvetica, arial, sans-serif;\"><strong>Div\u00e1ci:<\/strong>&nbsp;170.<\/span><br \/>\n<span style=\"font-size: 12pt; font-family: helvetica, arial, sans-serif;\"><strong>Kobe\u0159ice:<\/strong>&nbsp;\u0160tencel \u2013 Stare\u010dek, \u0160evior, Ve\u010derek, Schlischka (68.&nbsp;Kry\u0161tof) \u2013 Robin Wirth (75.&nbsp;Kolar\u010dik), Ka\u0161n\u00fd, Kubn\u00fd (80.&nbsp;M. St\u0159\u00edbn\u00fd), \u0160. St\u0159\u00edbn\u00fd (68.&nbsp;Petzuch) \u2013 A. Hartmann (75.&nbsp;Tom\u00ed\u010dek), \u0160ime\u010dek. Tren\u00e9r: Petr Sou\u010dek.<\/span><\/p>\n<p style=\"text-align: justify;\"><span style=\"color: #0000ff;\"><a style=\"color: #0000ff;\" href=\"https:\/\/souteze.fotbal.cz\/turnaje\/hlavni\/302f85e7-a4b6-4b0d-a664-2245a6578b09\"><span style=\"font-size: 12pt; font-family: helvetica, arial, sans-serif;\">Tabulka<\/span><\/a><\/span><\/p>\n<p style=\"text-align: justify;\">&nbsp;<\/p>\n<p style=\"text-align: justify;\"><span style=\"font-size: 12pt; font-family: helvetica, arial, sans-serif;\"><strong>St. dorost &#8211; Darkovi\u010dky &nbsp;&nbsp;&nbsp;5:1&nbsp; (1:0)<\/strong><\/span><\/p>\n<p style=\"text-align: justify;\"><span style=\"font-size: 12pt; font-family: helvetica, arial, sans-serif;\"><strong>Branky<\/strong>: 27., 68. Tom\u00ed\u010dek, 52. Li\u0161ka, 55., 78. Stuchl\u00edk O.<\/span><\/p>\n<p style=\"text-align: justify;\"><span style=\"font-size: 12pt; font-family: helvetica, arial, sans-serif;\"><strong>Sestava<\/strong>: Hartmann O., Breksa, Gross, Kubn\u00fd D., V\u00e1clav\u00edk A., Voln\u00fd, Slanina, Li\u0161ka, St\u0159\u00edbn\u00fd V., Tom\u00ed\u010dek, Stuchl\u00edk O.<\/span><\/p>\n<p style=\"text-align: justify;\"><span style=\"font-size: 12pt; font-family: helvetica, arial, sans-serif;\"><strong>St\u0159\u00eddali<\/strong>: Mrva, Grigar\u010d\u00edk, Pavlovi\u010d, Hanzl\u00edk, Besta, Hant\u00e1k,Birtek<\/span><\/p>\n<p style=\"text-align: justify;\"><span style=\"font-size: 12pt; font-family: helvetica, arial, sans-serif;\">Tabulka<\/span><\/p>\n<p style=\"text-align: justify;\">&nbsp;<\/p>\n<p style=\"text-align: justify;\"><span style=\"font-size: 12pt; font-family: helvetica, arial, sans-serif;\"><strong>Ml. dorost &#8211; Darkovi\u010dky &nbsp;&nbsp;&nbsp;&nbsp;7:0&nbsp; (4:0)<\/strong><\/span><\/p>\n<p style=\"text-align: justify;\"><span style=\"font-size: 12pt; font-family: helvetica, arial, sans-serif;\"><strong>Branka: <\/strong>32., 55. Mrva, 22., 45. 65. Muller,14. Hrb\u00e1\u010d, 39. Bolack\u00fd<\/span><\/p>\n<p style=\"text-align: justify;\"><span style=\"font-size: 12pt; font-family: helvetica, arial, sans-serif;\"><strong>Sestava<\/strong>: Pavlovi\u010d, Poni\u0161t, Hanzl\u00edk, Mac, Kamr\u00e1d, Grigar\u010d\u00edk, Pa\u0161ek, Mrva, Duda, Hald\u011bj, Herich<\/span><\/p>\n<p style=\"text-align: justify;\"><span style=\"font-size: 12pt; font-family: helvetica, arial, sans-serif;\"><strong>St\u0159\u00eddali<\/strong>: St\u0159\u00edbn\u00fd V., Bolack\u00fd, Muller, Schweidler, Litzka, St\u0159\u00edbn\u00fd V., Hrb\u00e1\u010d<\/span><\/p>\n<p style=\"text-align: justify;\"><span style=\"font-size: 12pt; font-family: helvetica, arial, sans-serif;\">Tabulka<\/span><\/p>\n<p style=\"text-align: justify;\">&nbsp;<\/p>\n<p style=\"text-align: justify;\"><span style=\"font-size: 12pt; font-family: helvetica, arial, sans-serif;\">Sobota 28.10.2023<\/span><\/p>\n<p style=\"text-align: justify;\"><span style=\"font-size: 12pt; font-family: helvetica, arial, sans-serif;\"><strong>Doln\u00ed Bene\u0161ov B &#8211; B mu\u017ei &nbsp;&nbsp;&nbsp;&nbsp;5:3 &nbsp;(3:1)<\/strong><\/span><\/p>\n<p style=\"text-align: justify;\"><span style=\"font-size: 12pt; font-family: helvetica, arial, sans-serif;\"><strong>Branky: <\/strong>20. Slanina, 64. Pa\u0161ek, 90. Kubn\u00fd<\/span><\/p>\n<p style=\"text-align: justify;\"><span style=\"font-size: 12pt; font-family: helvetica, arial, sans-serif;\"><strong>Sestava<\/strong>: Hartmann O., Christoph, Hahn, Stuchl\u00edk O., Biel\u00e1k, Stuchl\u00edk R., Jur\u010dek L., Slanina, Halfar, Kubn\u00fd, Kterek<\/span><\/p>\n<p style=\"text-align: justify;\"><span style=\"font-size: 12pt; font-family: helvetica, arial, sans-serif;\"><strong>St\u0159\u00eddali<\/strong>: Mrovec, Kaspar, Moravec, Latka, Pa\u0161ek, Nov\u00e1k, N\u00e1vrat<\/span><\/p>\n<p style=\"text-align: justify;\"><span style=\"font-size: 12pt; font-family: helvetica, arial, sans-serif;\">Tabulka<\/span><\/p>\n<p style=\"text-align: justify;\">&nbsp;<\/p>\n<p style=\"text-align: justify;\"><span style=\"font-size: 12pt; font-family: helvetica, arial, sans-serif;\"><strong>Polanka n\/O &#8211; St. \u017e\u00e1ci&nbsp; &nbsp;12:0&nbsp; (6:0)<\/strong><\/span><\/p>\n<p style=\"text-align: justify;\"><span style=\"font-size: 12pt; font-family: helvetica, arial, sans-serif;\"><strong>Sestava<\/strong>: Malcharek, Herich, Hagen, St\u0159\u00edbn\u00fd V., Kry\u0161tof, Litzka, Wroblewski, Sedl\u00e1\u010dek, Hald\u011bj, Herudek, B\u0159emek<\/span><\/p>\n<p style=\"text-align: justify;\"><span style=\"font-size: 12pt; font-family: helvetica, arial, sans-serif;\"><strong>St\u0159\u00eddali<\/strong>: Krettek, Kermes, Duda, Juchelka, Hartmann, \u010cir\u017e<\/span><\/p>\n<p style=\"text-align: justify;\"><span style=\"font-size: 12pt; font-family: helvetica, arial, sans-serif;\">Tabulka<\/span><\/p>\n<p style=\"text-align: justify;\">&nbsp;<\/p>\n<p style=\"text-align: justify;\"><span style=\"font-size: 12pt; font-family: helvetica, arial, sans-serif;\"><strong>Polanka n\/O &#8211; Ml. \u017e\u00e1ci&nbsp;&nbsp; 3:0 &nbsp;(1:0)<\/strong><\/span><\/p>\n<p style=\"text-align: justify;\"><span style=\"font-size: 12pt; font-family: helvetica, arial, sans-serif;\"><strong>Sestava<\/strong>: Malch\u00e1rek, Krettek, Pavlovi\u010d, Kermes, Dejmek, Juchelka, \u010cir\u017e, Vyb\u00edral, Herudek, St\u0159\u00edbn\u00fd M., Balarin<\/span><\/p>\n<p style=\"text-align: justify;\"><span style=\"font-size: 12pt; font-family: helvetica, arial, sans-serif;\"><strong>St\u0159\u00eddal: <\/strong>\u010cernohorsk\u00fd, Urbansk\u00fd<\/span><\/p>\n<p style=\"text-align: justify;\"><span style=\"font-size: 12pt; font-family: helvetica, arial, sans-serif;\">Tabulka<\/span><\/p>\n","protected":false},"excerpt":{"rendered":"<p>A mu\u017ei p\u0159esv\u011bd\u010div\u011b porazili He\u0159manice Ned\u011ble 29.10.2023 &nbsp;A mu\u017ei \u2013 He\u0159manice Slezsk\u00e1 &nbsp;&nbsp;&nbsp;3:0 (2:0) B\u011bhem t\u0159\u00ed minut poslali kobe\u0159i\u010dt\u00ed fotbalist\u00e9 He\u0159manice do kolen. Sv\u011b\u0159enci tren\u00e9ra Petra<span class=\"excerpt-hellip\"> [\u2026]<\/span><\/p>\n","protected":false},"author":3,"featured_media":3370,"comment_status":"closed","ping_status":"open","sticky":false,"template":"","format":"standard","meta":{"ngg_post_thumbnail":0,"footnotes":""},"categories":[115,112,110,107,117,111],"tags":[],"class_list":["post-7950","post","type-post","status-publish","format-standard","has-post-thumbnail","hentry","category-a-tym","category-b-tym","category-dorost","category-fotbal","category-mladsi-zaci","category-starsi-zaci"],"_links":{"self":[{"href":"https:\/\/tjsokolkoberice.cz\/index.php?rest_route=\/wp\/v2\/posts\/7950","targetHints":{"allow":["GET"]}}],"collection":[{"href":"https:\/\/tjsokolkoberice.cz\/index.php?rest_route=\/wp\/v2\/posts"}],"about":[{"href":"https:\/\/tjsokolkoberice.cz\/index.php?rest_route=\/wp\/v2\/types\/post"}],"author":[{"embeddable":true,"href":"https:\/\/tjsokolkoberice.cz\/index.php?rest_route=\/wp\/v2\/users\/3"}],"replies":[{"embeddable":true,"href":"https:\/\/tjsokolkoberice.cz\/index.php?rest_route=%2Fwp%2Fv2%2Fcomments&post=7950"}],"version-history":[{"count":1,"href":"https:\/\/tjsokolkoberice.cz\/index.php?rest_route=\/wp\/v2\/posts\/7950\/revisions"}],"predecessor-version":[{"id":7951,"href":"https:\/\/tjsokolkoberice.cz\/index.php?rest_route=\/wp\/v2\/posts\/7950\/revisions\/7951"}],"wp:featuredmedia":[{"embeddable":true,"href":"https:\/\/tjsokolkoberice.cz\/index.php?rest_route=\/wp\/v2\/media\/3370"}],"wp:attachment":[{"href":"https:\/\/tjsokolkoberice.cz\/index.php?rest_route=%2Fwp%2Fv2%2Fmedia&parent=7950"}],"wp:term":[{"taxonomy":"category","embeddable":true,"href":"https:\/\/tjsokolkoberice.cz\/index.php?rest_route=%2Fwp%2Fv2%2Fcategories&post=7950"},{"taxonomy":"post_tag","embeddable":true,"href":"https:\/\/tjsokolkoberice.cz\/index.php?rest_route=%2Fwp%2Fv2%2Ftags&post=7950"}],"curies":[{"name":"wp","href":"https:\/\/api.w.org\/{rel}","templated":true}]}}