{"id":8072,"date":"2024-02-02T18:39:19","date_gmt":"2024-02-02T17:39:19","guid":{"rendered":"https:\/\/tjsokolkoberice.cz\/?p=8072"},"modified":"2025-10-14T11:48:04","modified_gmt":"2025-10-14T10:48:04","slug":"zmena-na-pozici-trenera-a-muzstva","status":"publish","type":"post","link":"https:\/\/tjsokolkoberice.cz\/?p=8072","title":{"rendered":"Zm\u011bna na pozici tren\u00e9ra A mu\u017estva"},"content":{"rendered":"<p style=\"text-align: justify;\"><span style=\"font-size: 14pt; font-family: helvetica, arial, sans-serif;\"><strong><u>Zm\u011bna na pozici tren\u00e9ra A mu\u017estva<\/u><\/strong><\/span><\/p>\n<p style=\"text-align: justify;\"><span style=\"font-size: 12pt; font-family: helvetica, arial, sans-serif;\">Vzhledem k&nbsp;z\u00e1va\u017en\u00fdm zdravotn\u00edm komplikac\u00edm dosavadn\u00edho tren\u00e9ra Petra Sou\u010dka muselo v&nbsp;uplynul\u00fdch dnech veden\u00ed TJ Sokol Kobe\u0159ice \u0159e\u0161it pozici nov\u00e9ho tren\u00e9ra A mu\u017estva, kter\u00fdm se stal Vil\u00e9m Axmann.<\/span><\/p>\n<p style=\"text-align: justify;\"><span style=\"font-size: 12pt; font-family: helvetica, arial, sans-serif;\">Odchovanec&nbsp;chlebi\u010dovsk\u00e9ho&nbsp;a opavsk\u00e9ho fotbalu&nbsp;chytal v&nbsp;nejvy\u0161\u0161\u00ed sout\u011b\u017ei&nbsp;za&nbsp;Kau\u010duk Opava. Opavskou branku h\u00e1jil ve v\u016fbec prvn\u00edm utk\u00e1n\u00ed tohoto klubu mezi elitou (dom\u00e1c\u00ed prohra 1:2 s&nbsp;Drnovicemi v sez\u00f3n\u011b 1994\/95). V ni\u017e\u0161\u00edch sout\u011b\u017e\u00edch chytal za B-mu\u017estvo Opavy, Rudou hv\u011bzdu Hole\u0161ov&nbsp;(b\u011bhem&nbsp;ZVS),&nbsp;V\u00edtkovice,&nbsp;V\u00e1lcovny plechu Fr\u00fddek-M\u00edstek,&nbsp;P\u0159erov,&nbsp;Kyjov&nbsp;a&nbsp;1.HFK Olomouc. Od roku 2002 byl hr\u00e1\u010dem&nbsp;Mokr\u00fdch Lazc\u016f, kter\u00e9 ho ihned uvolnily na hostov\u00e1n\u00ed do&nbsp;Doln\u00edho Bene\u0161ova. Od roku 2005 byl hr\u00e1\u010dem Viktorie Chlebi\u010dov, odkud na ja\u0159e 2006 hostoval v SFC Opava.<\/span><\/p>\n<p style=\"text-align: justify;\"><span style=\"font-size: 12pt; font-family: helvetica, arial, sans-serif;\">Po skon\u010den\u00ed profesion\u00e1ln\u00ed hr\u00e1\u010dsk\u00e9 kari\u00e9ry se stal tren\u00e9rem.&nbsp;P\u016fsobil jako tren\u00e9r brank\u00e1\u0159\u016f a ml\u00e1de\u017ee v&nbsp;SFC Opava.&nbsp;V Opav\u011b byl tak\u00e9 vedouc\u00edm mu\u017estva tren\u00e9ra&nbsp;Karla Jar\u016f\u0161ka (2002-2003) a v letech 2009\u20132010 byl asistentem tren\u00e9ra&nbsp;Radoslava L\u00e1tala.&nbsp;V&nbsp;posledn\u00edch letech tr\u00e9noval t\u00fdm&nbsp;SK Viktorie Chlebi\u010dov.<\/span><\/p>\n<p style=\"text-align: justify;\"><span style=\"font-size: 12pt; font-family: helvetica, arial, sans-serif;\">Nov\u00e9ho tren\u00e9ra u n\u00e1s v&nbsp;Kobe\u0159ic\u00edch v\u00edt\u00e1me a p\u0159ejeme mu hodn\u011b \u00fasp\u011bch\u016f na lavi\u010dce na\u0161eho A mu\u017estva.<\/span><\/p>\n<p style=\"text-align: justify;\"><span style=\"font-size: 12pt; font-family: helvetica, arial, sans-serif;\">Petru Sou\u010dkovi a jeho rodin\u011b p\u0159ejeme v jeho nejt\u011b\u017e\u0161\u00edm \u017eivotn\u00edm z\u00e1pase hodn\u011b sil a trp\u011blivosti p\u0159i rekonvalescenci! V\u011b\u0159\u00edme, \u017ee se \u010dasem op\u011bt p\u0159ipoj\u00ed k na\u0161emu t\u00fdmu a nav\u00e1\u017ee tak na skv\u011ble rozd\u011blanou pr\u00e1ci! Pe\u0165o mysl\u00edme na Tebe a p\u0159ejeme hodn\u011b sil k zotaven\u00ed! A\u0165 se da\u0159\u00ed!!!<\/span><\/p>\n","protected":false},"excerpt":{"rendered":"<p>Zm\u011bna na pozici tren\u00e9ra A mu\u017estva Vzhledem k&nbsp;z\u00e1va\u017en\u00fdm zdravotn\u00edm komplikac\u00edm dosavadn\u00edho tren\u00e9ra Petra Sou\u010dka muselo v&nbsp;uplynul\u00fdch dnech veden\u00ed TJ Sokol Kobe\u0159ice \u0159e\u0161it pozici nov\u00e9ho tren\u00e9ra A<span class=\"excerpt-hellip\"> [\u2026]<\/span><\/p>\n","protected":false},"author":3,"featured_media":7976,"comment_status":"closed","ping_status":"open","sticky":false,"template":"","format":"standard","meta":{"ngg_post_thumbnail":0,"footnotes":""},"categories":[107,150],"tags":[],"class_list":["post-8072","post","type-post","status-publish","format-standard","has-post-thumbnail","hentry","category-fotbal","category-vse"],"_links":{"self":[{"href":"https:\/\/tjsokolkoberice.cz\/index.php?rest_route=\/wp\/v2\/posts\/8072","targetHints":{"allow":["GET"]}}],"collection":[{"href":"https:\/\/tjsokolkoberice.cz\/index.php?rest_route=\/wp\/v2\/posts"}],"about":[{"href":"https:\/\/tjsokolkoberice.cz\/index.php?rest_route=\/wp\/v2\/types\/post"}],"author":[{"embeddable":true,"href":"https:\/\/tjsokolkoberice.cz\/index.php?rest_route=\/wp\/v2\/users\/3"}],"replies":[{"embeddable":true,"href":"https:\/\/tjsokolkoberice.cz\/index.php?rest_route=%2Fwp%2Fv2%2Fcomments&post=8072"}],"version-history":[{"count":1,"href":"https:\/\/tjsokolkoberice.cz\/index.php?rest_route=\/wp\/v2\/posts\/8072\/revisions"}],"predecessor-version":[{"id":8073,"href":"https:\/\/tjsokolkoberice.cz\/index.php?rest_route=\/wp\/v2\/posts\/8072\/revisions\/8073"}],"wp:featuredmedia":[{"embeddable":true,"href":"https:\/\/tjsokolkoberice.cz\/index.php?rest_route=\/wp\/v2\/media\/7976"}],"wp:attachment":[{"href":"https:\/\/tjsokolkoberice.cz\/index.php?rest_route=%2Fwp%2Fv2%2Fmedia&parent=8072"}],"wp:term":[{"taxonomy":"category","embeddable":true,"href":"https:\/\/tjsokolkoberice.cz\/index.php?rest_route=%2Fwp%2Fv2%2Fcategories&post=8072"},{"taxonomy":"post_tag","embeddable":true,"href":"https:\/\/tjsokolkoberice.cz\/index.php?rest_route=%2Fwp%2Fv2%2Ftags&post=8072"}],"curies":[{"name":"wp","href":"https:\/\/api.w.org\/{rel}","templated":true}]}}