{"id":8139,"date":"2024-03-15T20:10:47","date_gmt":"2024-03-15T19:10:47","guid":{"rendered":"https:\/\/tjsokolkoberice.cz\/?p=8139"},"modified":"2025-10-14T11:48:04","modified_gmt":"2025-10-14T10:48:04","slug":"startuje-jarni-cast-krajskeho-preboru-muzu","status":"publish","type":"post","link":"https:\/\/tjsokolkoberice.cz\/?p=8139","title":{"rendered":"Startuje jarn\u00ed \u010d\u00e1st krajsk\u00e9ho p\u0159eboru mu\u017e\u016f!"},"content":{"rendered":"<div style=\"text-align: justify;\"><span style=\"font-size: 12pt; font-family: helvetica, arial, sans-serif;\">Po \u010dty\u0159m\u011bs\u00ed\u010dn\u00ed odmlce zah\u00e1j\u00ed o nadch\u00e1zej\u00edc\u00edm v\u00edkendu na\u0161i A mu\u017ei odvetn\u00e9 souboje v r\u00e1mci jarn\u00ed \u010d\u00e1sti krajsk\u00e9ho p\u0159eboru. Na\u0161im prvn\u00edm soupe\u0159em bude celek z Doln\u00ed Datyn\u011b.&nbsp;<\/span><\/div>\n<div style=\"text-align: justify;\">&nbsp;<\/div>\n<div style=\"text-align: justify;\"><span style=\"font-size: 12pt; font-family: helvetica, arial, sans-serif;\">Na\u0161e mu\u017estvo doznalo v zimn\u00ed p\u0159est\u00e1vce jednu v\u00fdraznou zm\u011bnu, kdy\u017e bylo nuceno \u0159e\u0161it n\u00e1hradu za nemocn\u00e9ho tren\u00e9ra Petra Sou\u010dka. T\u00fdm p\u0159evzal Vil\u00e9m Axmann, kter\u00fd vedl mu\u017estvo od za\u010d\u00e1tku zimn\u00ed p\u0159\u00edpravy. B\u011bhem dlouh\u00e9ho zimn\u00edho drilu odehr\u00e1lo na\u0161e mu\u017estvo 5 p\u0159\u00edpravn\u00fdch duel\u016f. Nejprve jsme prohr\u00e1li s Chlebi\u010dovem 4:5, pot\u00e9 jsme porazili M\u011bsto Albrechtice 2:1. N\u00e1sledovala por\u00e1\u017eka od polsk\u00fdch Branic 2:3, bezbrankov\u00e1 rem\u00edza s opavskou U19 a v gener\u00e1lce jsme p\u0159est\u0159\u00edleli H\u00e1j ve Slezsku 4:3. V\u011b\u0159\u00edme, \u017ee mu\u017estvo je kvalitn\u011b p\u0159ipraveno, co\u017e doufejme potvrd\u00ed v jarn\u00ed \u010d\u00e1sti sout\u011b\u017ee.<\/span><\/div>\n<div style=\"text-align: justify;\">&nbsp;<\/div>\n<div style=\"text-align: justify;\"><span style=\"font-size: 12pt; font-family: helvetica, arial, sans-serif;\">Co se k\u00e1dru t\u00fd\u010de, oproti podzimu nedoznalo v\u00fdrazn\u00fdch zm\u011bn. Nad\u00e1le z\u016fstala zku\u0161en\u00e1 osa t\u00fdmu, kter\u00e1 je dopln\u011bna mlad\u00edky z dorostu. T\u00edmto sm\u011brem, tedy za\u010dle\u0148ov\u00e1n\u00edm mlad\u00fdch nad\u011bjn\u00fdch kluk\u016f z dorostu, bude cht\u00edt nav\u00e1zat na pr\u00e1ci tren\u00e9ra Sou\u010dka i sou\u010dasn\u00fd tren\u00e9r Axmann.&nbsp;<\/span><\/div>\n<div style=\"text-align: justify;\">&nbsp;<\/div>\n<div style=\"text-align: justify;\"><span style=\"font-size: 12pt; font-family: helvetica, arial, sans-serif;\">Do prvn\u00edho jarn\u00edho utk\u00e1n\u00ed vstupujeme ze solidn\u00ed 4. pozice se ziskem 28 bod\u016f, kdy\u017e jsme v 16 utk\u00e1n\u00edch 9x zv\u00edt\u011bzili, jednou remizovali a prohr\u00e1li v 6 p\u0159\u00edpadech.&nbsp;N\u00e1\u0161 sobotn\u00ed soupe\u0159 se nach\u00e1z\u00ed na pr\u016fb\u011b\u017en\u00e9 12. p\u0159\u00ed\u010dce s bilanc\u00ed 4 v\u00fdher, 6 rem\u00edz a 6 por\u00e1\u017eek.&nbsp;<b>Utk\u00e1n\u00ed s Doln\u00ed Datyn\u00ed m\u00e1 v\u00fdkop v sobotu 16.3.2024 od 15 hod. Utk\u00e1n\u00ed se odehraje na um\u011bl\u00e9 tr\u00e1v\u011b v Horn\u00ed Such\u00e9!<\/b><\/span><\/div>\n<div style=\"text-align: justify;\"><span style=\"font-size: 12pt; font-family: helvetica, arial, sans-serif;\"><b>&nbsp;<\/b><\/span><\/div>\n<div style=\"text-align: justify;\"><span style=\"font-size: 12pt; font-family: helvetica, arial, sans-serif;\"><b>Aktu\u00e1ln\u00ed slo\u017een\u00ed k\u00e1dru A mu\u017estva:<\/b><\/span><\/div>\n<div style=\"text-align: justify;\"><span style=\"font-size: 12pt; font-family: helvetica, arial, sans-serif;\"><b>&nbsp;<\/b><\/span><\/div>\n<div style=\"text-align: justify;\"><span style=\"font-size: 12pt; font-family: helvetica, arial, sans-serif;\"><b>Brank\u00e1\u0159i:&nbsp;<\/b>\u0160tencel Petr, Hartmann Oliver<\/span><\/div>\n<div style=\"text-align: justify;\"><span style=\"font-size: 12pt; font-family: helvetica, arial, sans-serif;\"><b>Obr\u00e1nci:&nbsp;<\/b>\u0160evior Pavel, Wirth Ren\u00e9, Stare\u010dek Dominik, Stuchl\u00edk Petr, Ve\u010derek Ond\u0159ej, Gross Mat\u011bj, Hant\u00e1k Vojt\u011bch<\/span><\/div>\n<div style=\"text-align: justify;\"><span style=\"font-size: 12pt; font-family: helvetica, arial, sans-serif;\"><b>Z\u00e1lo\u017en\u00edci:&nbsp;<\/b>Kry\u0161tof Zden\u011bk, Schlischka Martin, Kubn\u00fd Anton\u00edn, Ka\u0161n\u00fd Petr, Wirth Robin, Petzuch Vojt\u011bch, Kolar\u010d\u00edk Andreas, St\u0159\u00edbn\u00fd Vojt\u011bch, Tom\u00ed\u010dek \u0160imon, St\u0159\u00edbn\u00fd \u0160t\u011bp\u00e1n, Breksa Tobias<\/span><\/div>\n<div style=\"text-align: justify;\"><span style=\"font-size: 12pt; font-family: helvetica, arial, sans-serif;\"><b>\u00dato\u010dn\u00edci:&nbsp;<\/b>\u0160ime\u010dek Adam, St\u0159\u00edbn\u00fd Martin, Stuchl\u00edk Ond\u0159ej, Hartmann Adam,&nbsp;Slanina Maxmili\u00e1n<\/span><\/div>\n","protected":false},"excerpt":{"rendered":"<p>Po \u010dty\u0159m\u011bs\u00ed\u010dn\u00ed odmlce zah\u00e1j\u00ed o nadch\u00e1zej\u00edc\u00edm v\u00edkendu na\u0161i A mu\u017ei odvetn\u00e9 souboje v r\u00e1mci jarn\u00ed \u010d\u00e1sti krajsk\u00e9ho p\u0159eboru. Na\u0161im prvn\u00edm soupe\u0159em bude celek z Doln\u00ed Datyn\u011b.&nbsp;<span class=\"excerpt-hellip\"> [\u2026]<\/span><\/p>\n","protected":false},"author":3,"featured_media":8043,"comment_status":"closed","ping_status":"open","sticky":false,"template":"","format":"standard","meta":{"ngg_post_thumbnail":0,"footnotes":""},"categories":[115,107],"tags":[],"class_list":["post-8139","post","type-post","status-publish","format-standard","has-post-thumbnail","hentry","category-a-tym","category-fotbal"],"_links":{"self":[{"href":"https:\/\/tjsokolkoberice.cz\/index.php?rest_route=\/wp\/v2\/posts\/8139","targetHints":{"allow":["GET"]}}],"collection":[{"href":"https:\/\/tjsokolkoberice.cz\/index.php?rest_route=\/wp\/v2\/posts"}],"about":[{"href":"https:\/\/tjsokolkoberice.cz\/index.php?rest_route=\/wp\/v2\/types\/post"}],"author":[{"embeddable":true,"href":"https:\/\/tjsokolkoberice.cz\/index.php?rest_route=\/wp\/v2\/users\/3"}],"replies":[{"embeddable":true,"href":"https:\/\/tjsokolkoberice.cz\/index.php?rest_route=%2Fwp%2Fv2%2Fcomments&post=8139"}],"version-history":[{"count":1,"href":"https:\/\/tjsokolkoberice.cz\/index.php?rest_route=\/wp\/v2\/posts\/8139\/revisions"}],"predecessor-version":[{"id":8140,"href":"https:\/\/tjsokolkoberice.cz\/index.php?rest_route=\/wp\/v2\/posts\/8139\/revisions\/8140"}],"wp:featuredmedia":[{"embeddable":true,"href":"https:\/\/tjsokolkoberice.cz\/index.php?rest_route=\/wp\/v2\/media\/8043"}],"wp:attachment":[{"href":"https:\/\/tjsokolkoberice.cz\/index.php?rest_route=%2Fwp%2Fv2%2Fmedia&parent=8139"}],"wp:term":[{"taxonomy":"category","embeddable":true,"href":"https:\/\/tjsokolkoberice.cz\/index.php?rest_route=%2Fwp%2Fv2%2Fcategories&post=8139"},{"taxonomy":"post_tag","embeddable":true,"href":"https:\/\/tjsokolkoberice.cz\/index.php?rest_route=%2Fwp%2Fv2%2Ftags&post=8139"}],"curies":[{"name":"wp","href":"https:\/\/api.w.org\/{rel}","templated":true}]}}