{"id":8159,"date":"2024-04-05T08:33:07","date_gmt":"2024-04-05T07:33:07","guid":{"rendered":"https:\/\/tjsokolkoberice.cz\/?p=8159"},"modified":"2025-10-14T11:47:52","modified_gmt":"2025-10-14T10:47:52","slug":"koberice-se-na-jare-trapi-dostavame-goly-z-niceho-rekl-trener","status":"publish","type":"post","link":"https:\/\/tjsokolkoberice.cz\/?p=8159","title":{"rendered":"Kobe\u0159ice se na ja\u0159e tr\u00e1p\u00ed. Dost\u00e1v\u00e1me g\u00f3ly z ni\u010deho, \u0159ekl tren\u00e9r"},"content":{"rendered":"<h1><span style=\"font-size: 14pt; font-family: helvetica, arial, sans-serif;\"><strong>Kobe\u0159ice se na ja\u0159e tr\u00e1p\u00ed. Dost\u00e1v\u00e1me g\u00f3ly z ni\u010deho, \u0159ekl tren\u00e9r<\/strong><\/span><\/h1>\n<p><span style=\"font-size: 12pt; font-family: helvetica, arial, sans-serif;\">Ned\u011ble 31.4.2024<\/span><\/p>\n<p><span style=\"font-size: 12pt; font-family: helvetica, arial, sans-serif;\"><strong>&nbsp;<\/strong><strong>A mu\u017ei \u2013 \u010cesk\u00fd T\u011b\u0161\u00edn&nbsp;&nbsp;&nbsp; 1:3 (0:2) <\/strong><\/span><\/p>\n<p><span style=\"font-size: 12pt; font-family: helvetica, arial, sans-serif;\">Jarn\u00ed tr\u00e1pen\u00ed kobe\u0159ick\u00fdch fotbalist\u016f napsalo dal\u0161\u00ed d\u00edl. T\u00fdm tren\u00e9ra Vil\u00e9ma Axmanna tentokr\u00e1t nesta\u010dil doma na \u010cesk\u00fd T\u011b\u0161\u00edn. Dom\u00e1c\u00ed rychle inkasovali, n\u00e1sledn\u011b si dali vlastn\u00ed branku. Nakonec z&nbsp;toho byla por\u00e1\u017eka 1:3.<\/span><\/p>\n<p><span style=\"font-size: 12pt; font-family: helvetica, arial, sans-serif;\">\u201e\u0160lo o&nbsp;nepoveden\u00fd z\u00e1pas se v\u0161\u00edm v\u0161udy,\u201c poznamenal tren\u00e9r Kobe\u0159ic Vil\u00e9m Axmann. \u201eM\u011bli jsme hororov\u00fd za\u010d\u00e1tek. Hned v&nbsp;\u00favodu jsme dostali balon za z\u00e1da, odvr\u00e1tili jsme ho je\u0161t\u011b na v\u00e1pno. Soupe\u0159 nakonec balon uklidil k&nbsp;ty\u010di,\u201c popisoval tren\u00e9r \u00favodn\u00ed inkasovan\u00fd g\u00f3l. Ve 23.&nbsp;minut\u011b kopal \u010cesk\u00fd T\u011b\u0161\u00edn rohov\u00fd kop a Kolar\u010d\u00edk usm\u011brnil balon do vlastn\u00ed s\u00edt\u011b. \u201eMy jsme byli sm\u011brem dop\u0159edu ne\u0161kodn\u00ed. T\u011b\u017ece jsme se k&nbsp;soupe\u0159ov\u011b br\u00e1n\u011b dost\u00e1vali,\u201c p\u0159iznal Vil\u00e9m Axmann.<\/span><\/p>\n<p><span style=\"font-size: 12pt; font-family: helvetica, arial, sans-serif;\">Po hodin\u011b hry svitla dom\u00e1c\u00edm nad\u011bje. \u0160ime\u010dek vysunul Schlischku a ten se kr\u00e1sn\u011b trefil. Jenom\u017ee neub\u011bhlo ani deset minut a host\u00e9 inkasovali znovu, po dlouh\u00e9m n\u00e1kopu se prosadil Lud\u011bk Mace\u010dek. \u201eOp\u011bt jsme dostali g\u00f3ly z&nbsp;ni\u010deho. Na\u0161im fanou\u0161k\u016fm bych se cht\u011bl omluvit za p\u0159edveden\u00fd v\u00fdkon. Bylo to z&nbsp;na\u0161\u00ed strany hrozn\u00e9,\u201c zakon\u010dil Vil\u00e9m Axmann. (zdroj opavskydenik.cz)&nbsp;<\/span><\/p>\n<p>&nbsp;<\/p>\n<p><span style=\"font-size: 12pt; font-family: helvetica, arial, sans-serif;\"><strong>Branky:<\/strong> 66.&nbsp;Schlischka \u2013 2.&nbsp;Chlo\u0148, 23.&nbsp;Kolar\u010d\u00edk (vlastn\u00ed), 75.&nbsp;L. Mace\u010dek. <\/span><\/p>\n<p><span style=\"font-size: 12pt; font-family: helvetica, arial, sans-serif;\"><strong>Rozhod\u010d\u00ed:<\/strong> Godfryd \u2013 Stankov, Tab\u00e1\u0161ek.<\/span><\/p>\n<p><span style=\"font-size: 12pt; font-family: helvetica, arial, sans-serif;\"><strong>\u017dK:<\/strong> Wirth Robin<\/span><\/p>\n<p><span style=\"font-size: 12pt; font-family: helvetica, arial, sans-serif;\"><strong>Div\u00e1ci:<\/strong> 200.<\/span><\/p>\n<p><span style=\"font-size: 12pt; font-family: helvetica, arial, sans-serif;\"><strong>Kobe\u0159ice:<\/strong> \u0160tencel \u2013 Stare\u010dek, \u0160evior, Kolar\u010d\u00edk (81.&nbsp;V. St\u0159\u00edbn\u00fd) \u2013 Schlischka (81.&nbsp;O. Stuchl\u00edk), Ka\u0161n\u00fd, Robin Wirth, Slanina (69.&nbsp;St\u0159\u00edbn\u00fd), Kry\u0161tof \u2013 A. Hartmann (63.&nbsp;Kubn\u00fd), \u0160ime\u010dek. Tren\u00e9r: Vil\u00e9m Axmann.<\/span><\/p>\n<p><a href=\"https:\/\/souteze.fotbal.cz\/turnaje\/hlavni\/302f85e7-a4b6-4b0d-a664-2245a6578b09\"><span style=\"font-size: 12pt; font-family: helvetica, arial, sans-serif;\">Tabulka<\/span><\/a><\/p>\n<p>&nbsp;<\/p>\n<p><span style=\"font-size: 12pt; font-family: helvetica, arial, sans-serif;\">Sobota 30.3.2024<\/span><\/p>\n<p><span style=\"font-size: 12pt; font-family: helvetica, arial, sans-serif;\"><strong>Mu\u017ei B \u2013 \u0160ilhe\u0159ovice B 5:0<\/strong><\/span><\/p>\n<p><span style=\"font-size: 12pt; font-family: helvetica, arial, sans-serif;\"><strong>Branky:<\/strong> 22., 59. Kubn\u00fd, 40. Pa\u0161ek, 61. Stuchl\u00edk R., 78. St\u0159\u00edbn\u00fd M.<\/span><\/p>\n<p><span style=\"font-size: 12pt; font-family: helvetica, arial, sans-serif;\"><strong>Sestava: <\/strong>St\u0159\u00edbn\u00fd J., \u0160van\u010dar, Bedrich, Oberherr, St\u0159\u00edbn\u00fd M., Biel\u00e1k, Kubn\u00fd, Stuchl\u00edk R., Kry\u0161tof, Jur\u010dek, Kubn\u00fd<\/span><\/p>\n<p><span style=\"font-size: 12pt; font-family: helvetica, arial, sans-serif;\"><strong>St\u0159\u00eddali: <\/strong>Krettek, Pa\u0161ek, Hahn, Halfar, Nov\u00e1k, Christoph, Moravec<\/span><\/p>\n<p><a href=\"https:\/\/souteze.fotbal.cz\/turnaje\/hlavni\/7bc0ee01-5c83-44bb-9399-97e0f9ccef2a\"><span style=\"font-size: 12pt; font-family: helvetica, arial, sans-serif;\">Tabulka<\/span><\/a><\/p>\n<p>&nbsp;<\/p>\n<p><span style=\"font-size: 12pt; font-family: helvetica, arial, sans-serif;\"><strong>Krnov \u2013 St. dorost 2:4<\/strong><\/span><\/p>\n<p><span style=\"font-size: 12pt; font-family: helvetica, arial, sans-serif;\"><strong>Branky: <\/strong>35. Kri\u0161tof, 54. Maty\u00e1\u0161 &#8211; 10. Stuchl\u00edk O., 70. Stare\u010dek, 85. Li\u0161ka, 87. Slanina<\/span><\/p>\n<p><span style=\"font-size: 12pt; font-family: helvetica, arial, sans-serif;\"><strong>Sestava:<\/strong> Hartmann O., Gross, St\u0159ibn\u00fd (62. Hanzl\u00edk), Stare\u010dek, Hant\u00e1k, Li\u0161ka, Kubn\u00fd (38. V\u00e1clav\u00edk), Birtek, Breksa (81. Poni\u0161t), Slanina, Stuchl\u00edk O.<\/span><\/p>\n<p><span style=\"font-size: 12pt; font-family: helvetica, arial, sans-serif;\"><strong>St\u0159\u00eddali: <\/strong>Pavlovi\u010d, Mrva, Grigar\u010d\u00edk, Voln\u00fd<\/span><\/p>\n<p><a href=\"https:\/\/souteze.fotbal.cz\/turnaje\/hlavni\/0201eee7-cb71-4133-bcac-1253000fbf43\"><span style=\"font-size: 12pt; font-family: helvetica, arial, sans-serif;\">Tabulka st. dorostu<\/span><\/a><\/p>\n<p>&nbsp;<\/p>\n<p><span style=\"font-size: 12pt; font-family: helvetica, arial, sans-serif;\"><strong>Krnov \u2013 Ml. dorost 1:1<\/strong><\/span><\/p>\n<p><span style=\"font-size: 12pt; font-family: helvetica, arial, sans-serif;\"><strong>Branky:<\/strong> 70. Krz\u00e1k &#8211; 67. Mac<\/span><\/p>\n<p><span style=\"font-size: 12pt; font-family: helvetica, arial, sans-serif;\"><strong>Sestava:<\/strong> Pavlovi\u010d, Poni\u0161t, Hanzl\u00edk, Mac, Kamr\u00e1d, Grigar\u010d\u00edk, Pa\u0161ek, Mrva, Hald\u011bj, Herich, Duda<\/span><\/p>\n<p><span style=\"font-size: 12pt; font-family: helvetica, arial, sans-serif;\"><strong>St\u0159\u00eddali:<\/strong> St\u0159\u00edbn\u00fd V., Bolack\u00fd, Muller, St\u0159\u00edbn\u00fd V., Hrb\u00e1\u010d, Litzka, Schweidler<\/span><\/p>\n<p><a href=\"https:\/\/souteze.fotbal.cz\/turnaje\/hlavni\/0c16b02d-65e2-4697-b6e8-53861d1a1e7e\"><span style=\"font-size: 12pt; font-family: helvetica, arial, sans-serif;\">Tabulka ml. dorostu<\/span><\/a><\/p>\n<p>&nbsp;<\/p>\n<p><span style=\"font-size: 12pt; font-family: helvetica, arial, sans-serif;\">Sobota 30.3.2024<\/span><\/p>\n<p><span style=\"font-size: 12pt; font-family: helvetica, arial, sans-serif;\"><strong>St. \u017e\u00e1ci \u2013 Brunt\u00e1l B 1:4<\/strong><\/span><\/p>\n<p><span style=\"font-size: 12pt; font-family: helvetica, arial, sans-serif;\"><strong>Branky: <\/strong>15. St\u0159\u00edbn\u00fd \u2013 28., 35., 36. \u0160prtel, 51. Kole\u010dk\u00e1\u0159<\/span><\/p>\n<p><span style=\"font-size: 12pt; font-family: helvetica, arial, sans-serif;\"><strong>Sestava: <\/strong>Malch\u00e1rek, St\u0159\u00edbn\u00fd, Schweidler, Herudek, \u010cern\u00fd, Wr\u00f3blewski, Sedl\u00e1\u010dek, Herich, Krettek, Pla\u010dek, Hartmann<\/span><\/p>\n<p><span style=\"font-size: 12pt; font-family: helvetica, arial, sans-serif;\"><strong>St\u0159\u00eddali:<\/strong> \u010cir\u017e, Hald\u011bj, Meleck\u00fd, Juchelka, Mrovec<\/span><\/p>\n<p><a href=\"https:\/\/souteze.fotbal.cz\/turnaje\/hlavni\/b3b51ca5-e83a-4731-9298-50ad8e61789f\"><span style=\"font-size: 12pt; font-family: helvetica, arial, sans-serif;\">Tabulka<\/span><\/a><\/p>\n<p>&nbsp;<\/p>\n<p><span style=\"font-size: 12pt; font-family: helvetica, arial, sans-serif;\"><strong>Ml. \u017e\u00e1ci \u2013 Brunt\u00e1l B 4:0<\/strong><\/span><\/p>\n<p><span style=\"font-size: 12pt; font-family: helvetica, arial, sans-serif;\"><strong>Branky: <\/strong>24., 35. Meleck\u00fd, 43. Schweidler, 60. Juchelka<\/span><\/p>\n<p><span style=\"font-size: 12pt; font-family: helvetica, arial, sans-serif;\"><strong>Sestava: <\/strong>Malch\u00e1rek, \u010cir\u017e, Herudek, Krettek, Mrovec, Juchelka, Meleck\u00fd, Kone\u010dn\u00fd, St\u0159\u00edbn\u00fd, Schweidler, Pavlovi\u010d<\/span><\/p>\n<p><a href=\"https:\/\/souteze.fotbal.cz\/turnaje\/hlavni\/3a93f513-d0a8-4277-af8c-1082eec0c80f\"><span style=\"font-size: 12pt; font-family: helvetica, arial, sans-serif;\">Tabulka<\/span><\/a><\/p>\n","protected":false},"excerpt":{"rendered":"<p>Kobe\u0159ice se na ja\u0159e tr\u00e1p\u00ed. Dost\u00e1v\u00e1me g\u00f3ly z ni\u010deho, \u0159ekl tren\u00e9r Ned\u011ble 31.4.2024 &nbsp;A mu\u017ei \u2013 \u010cesk\u00fd T\u011b\u0161\u00edn&nbsp;&nbsp;&nbsp; 1:3 (0:2) Jarn\u00ed tr\u00e1pen\u00ed kobe\u0159ick\u00fdch fotbalist\u016f napsalo dal\u0161\u00ed<span class=\"excerpt-hellip\"> [\u2026]<\/span><\/p>\n","protected":false},"author":3,"featured_media":7976,"comment_status":"closed","ping_status":"open","sticky":false,"template":"","format":"standard","meta":{"ngg_post_thumbnail":0,"footnotes":""},"categories":[115,112,110,107,117,111,104,102],"tags":[],"class_list":["post-8159","post","type-post","status-publish","format-standard","has-post-thumbnail","hentry","category-a-tym","category-b-tym","category-dorost","category-fotbal","category-mladsi-zaci","category-starsi-zaci","category-vysledky","category-zapasy"],"_links":{"self":[{"href":"https:\/\/tjsokolkoberice.cz\/index.php?rest_route=\/wp\/v2\/posts\/8159","targetHints":{"allow":["GET"]}}],"collection":[{"href":"https:\/\/tjsokolkoberice.cz\/index.php?rest_route=\/wp\/v2\/posts"}],"about":[{"href":"https:\/\/tjsokolkoberice.cz\/index.php?rest_route=\/wp\/v2\/types\/post"}],"author":[{"embeddable":true,"href":"https:\/\/tjsokolkoberice.cz\/index.php?rest_route=\/wp\/v2\/users\/3"}],"replies":[{"embeddable":true,"href":"https:\/\/tjsokolkoberice.cz\/index.php?rest_route=%2Fwp%2Fv2%2Fcomments&post=8159"}],"version-history":[{"count":1,"href":"https:\/\/tjsokolkoberice.cz\/index.php?rest_route=\/wp\/v2\/posts\/8159\/revisions"}],"predecessor-version":[{"id":8160,"href":"https:\/\/tjsokolkoberice.cz\/index.php?rest_route=\/wp\/v2\/posts\/8159\/revisions\/8160"}],"wp:featuredmedia":[{"embeddable":true,"href":"https:\/\/tjsokolkoberice.cz\/index.php?rest_route=\/wp\/v2\/media\/7976"}],"wp:attachment":[{"href":"https:\/\/tjsokolkoberice.cz\/index.php?rest_route=%2Fwp%2Fv2%2Fmedia&parent=8159"}],"wp:term":[{"taxonomy":"category","embeddable":true,"href":"https:\/\/tjsokolkoberice.cz\/index.php?rest_route=%2Fwp%2Fv2%2Fcategories&post=8159"},{"taxonomy":"post_tag","embeddable":true,"href":"https:\/\/tjsokolkoberice.cz\/index.php?rest_route=%2Fwp%2Fv2%2Ftags&post=8159"}],"curies":[{"name":"wp","href":"https:\/\/api.w.org\/{rel}","templated":true}]}}