{"id":8166,"date":"2024-04-11T10:18:01","date_gmt":"2024-04-11T09:18:01","guid":{"rendered":"https:\/\/tjsokolkoberice.cz\/?p=8166"},"modified":"2025-10-14T11:47:52","modified_gmt":"2025-10-14T10:47:52","slug":"vysledky-nasich-muzstev-33","status":"publish","type":"post","link":"https:\/\/tjsokolkoberice.cz\/?p=8166","title":{"rendered":"V\u00fdsledky na\u0161ich mu\u017estev"},"content":{"rendered":"<p style=\"text-align: justify;\"><span style=\"font-family: helvetica, arial, sans-serif; font-size: 14pt;\"><strong>Derby rozhodl nastaven\u00fd \u010das<\/strong><\/span><\/p>\n<p style=\"text-align: justify;\"><span style=\"font-family: helvetica, arial, sans-serif; font-size: 12pt;\">Ned\u011ble 7.4.2024<\/span><\/p>\n<p style=\"text-align: justify;\"><span style=\"font-family: helvetica, arial, sans-serif; font-size: 12pt;\"><strong>Old\u0159i\u0161ov \u2013 A mu\u017ei&nbsp;&nbsp;&nbsp; 0:1 (0:0) <\/strong><\/span><\/p>\n<p style=\"text-align: justify;\"><span style=\"font-family: helvetica, arial, sans-serif; font-size: 12pt;\">&nbsp;Zraky v\u011bt\u0161iny region\u00e1ln\u00edch fanou\u0161k\u016f sm\u011b\u0159ovaly v ned\u011bli odpoledne do Old\u0159i\u0161ova, kde dom\u00e1c\u00ed fotbalist\u00e9 narazili v presti\u017en\u00edm derby na nedalek\u00e9 Kobe\u0159ice. Ani jednomu mu\u017estvu nevy\u0161el vstup do jarn\u00ed \u010d\u00e1st\u00ed sout\u011b\u017ee, co\u017e se odrazilo v n\u00edzk\u00e9 \u00farovni z\u00e1pasu, kter\u00fd v nastaven\u00ed rozhodl hostuj\u00edc\u00ed Kubn\u00fd.<\/span><\/p>\n<p style=\"text-align: justify;\"><span style=\"font-family: helvetica, arial, sans-serif; font-size: 12pt;\">Hlavn\u011b prvn\u00ed polo\u010das nudil, kdy\u017e st\u00e1ly za zm\u00ednku pouze nebezpe\u010dn\u00e9 pokusy Ka\u0161n\u00e9ho a \u0160ime\u010dka z Kobe\u0159ic Po p\u0159est\u00e1vce u\u017e se div\u00e1k\u016fm serv\u00edrovalo mnohem chutn\u011bj\u0161\u00ed fotbalov\u00e9 menu. Old\u0159i\u0161ov sice zazlobil p\u0159i \u0161anc\u00edch Tom\u00e1nka s Kurkou, ale do v\u011bt\u0161\u00edch p\u0159\u00edle\u017eitost\u00ed se dost\u00e1vali host\u00e9. Nejprve na\u0161el \u0160t\u011bp\u00e1n St\u0159\u00edbn\u00fd ve v\u00e1pn\u011b \u0160ime\u010dka, kter\u00fd ov\u0161em ani nezakon\u010dil. Pot\u00e9 se st\u0159elecky osm\u011blili Slanina s Kry\u0161tofem, jen\u017ee ani tentokr\u00e1t se sk\u00f3re nem\u011bnilo. O chv\u00edli pozd\u011b ji se Kobe\u0159ice po z\u00e1kroku na \u0160ime\u010dka marn\u011b do\u017eadovaly penalty a n\u00e1ladu jim nevylep\u0161il ani Ve\u010derek, kter\u00fd p\u00e1lil nad b\u0159evno. Kl\u00ed\u010dov\u00fd moment cel\u00e9ho utk\u00e1n\u00ed se zrodil a\u017e v nastaven\u00e9m \u010dase. Hostuj\u00edc\u00ed Kubn\u00fd se kr\u00e1sn\u011b uvolnil v \u0161estn\u00e1ctce a poslal m\u00ed\u010d precizn\u011b k vzd\u00e1len\u011bj\u0161\u00ed ty\u010di 0:1.<\/span><\/p>\n<p style=\"text-align: justify;\"><span style=\"font-family: helvetica, arial, sans-serif; font-size: 12pt;\">,,Pokud budeme pod\u00e1vat takov\u00e9 v\u00fdkony, tak v krajsk\u00e9m p\u0159eboru nem\u00e1me co d\u011blat. Na podobn\u00e9 derby by se hr\u00e1\u010di m\u011bli automaticky nahecovat, ale soupe\u0159 \u0161el za body mnohem hladov\u011bji. Kobe\u0159ice zv\u00edt\u011bzily naprosto zaslou\u017een\u00e9,&#8220; p\u0159iznal old\u0159i\u0161ovsk\u00fd kou\u010d Tom\u00e1\u0161 Horsinka,<\/span><\/p>\n<p style=\"text-align: justify;\"><span style=\"font-family: helvetica, arial, sans-serif; font-size: 12pt;\">Jeho tren\u00e9rsk\u00fd prot\u011bj\u0161ek Vil\u00e9m Axmann ohodnotil z\u00e1pas podobn\u00fdmi slovy. \u201eByli jsme lep\u0161\u00edm t\u00fdmem, kdy\u017e jsme Old\u0159i\u0161ov prakticky nepustili ke st\u0159ele. Bohu\u017eel na\u0161e koncovka byla op\u011bt mizern\u00e1, tak\u017ee jsme rozhodli a\u017e v nastaven\u00e9m \u010dase. Kluci na\u0161t\u011bst\u00ed byli za svou snahu odm\u011bn\u011bni,&#8220; oddechl si Axmann. (zdroj Region Opavsko)&nbsp;<\/span><\/p>\n<p style=\"text-align: justify;\"><span style=\"font-family: helvetica, arial, sans-serif; font-size: 12pt;\"><strong>Branky:<\/strong> 90+2. Kubn\u00fd<\/span><\/p>\n<p style=\"text-align: justify;\"><span style=\"font-family: helvetica, arial, sans-serif; font-size: 12pt;\"><strong>Rozhod\u010d\u00ed:<\/strong> Slan\u00fd \u2013 Tab\u00e1\u0161ek, Ivansk\u00fd. <\/span><\/p>\n<p style=\"text-align: justify;\"><span style=\"font-family: helvetica, arial, sans-serif; font-size: 12pt;\"><strong>Deleg\u00e1t:<\/strong>&nbsp;Malinovsk\u00fd<\/span><\/p>\n<p style=\"text-align: justify;\"><span style=\"font-family: helvetica, arial, sans-serif; font-size: 12pt;\"><strong>\u017dK:<\/strong> Wirth Robin, \u0160ime\u010dek.&nbsp; <strong>Div\u00e1ci:<\/strong> 275.<\/span><\/p>\n<p style=\"text-align: justify;\"><span style=\"font-family: helvetica, arial, sans-serif; font-size: 12pt;\"><strong>Kobe\u0159ice:<\/strong> \u0160tencel &#8211; Schlischka, Ve\u010derek, \u0160evior, Stare\u010dek &#8211; Robin Wirth, Ka\u0161n\u00fd (27. Petzuch) &#8211; \u0160ime\u010dek (83. M. St\u0159\u00edbn\u00fd), Slanina (77. Kubn\u00fd), Kry\u0161tof \u2013 A. Hartmann (46. S. St\u0159\u00edbn\u00fd). Tren\u00e9r: Vil\u00e9m Axmann.<\/span><\/p>\n<p style=\"text-align: justify;\"><a href=\"https:\/\/souteze.fotbal.cz\/turnaje\/hlavni\/302f85e7-a4b6-4b0d-a664-2245a6578b09\"><span style=\"font-family: helvetica, arial, sans-serif; font-size: 12pt; color: #0000ff;\">Tabulka<\/span><\/a><\/p>\n<p style=\"text-align: justify;\">&nbsp;<\/p>\n<p style=\"text-align: justify;\"><span style=\"font-family: helvetica, arial, sans-serif; font-size: 12pt;\">Sobota 6. 4. 2024<\/span><\/p>\n<p style=\"text-align: justify;\"><span style=\"font-family: helvetica, arial, sans-serif; font-size: 12pt;\"><strong>Bolatice B \u2013 Mu\u017ei B 0:4<\/strong><\/span><\/p>\n<p style=\"text-align: justify;\"><span style=\"font-family: helvetica, arial, sans-serif; font-size: 12pt;\"><strong>Branky: <\/strong>27. Jur\u010dek, 45. Kolar\u010d\u00edk, 59. Moravec, 69. Biel\u00e1k<\/span><\/p>\n<p style=\"text-align: justify;\"><span style=\"font-family: helvetica, arial, sans-serif; font-size: 12pt;\"><strong>Sestava:<\/strong> St\u0159\u00edbn\u00fd, Halfar, Oberherr, Bedrich, St\u0159\u00edbn\u00fd, Kolar\u010d\u00edk, Kubn\u00fd, Nov\u00e1k, Stuchl\u00edk, Jur\u010dek, Pa\u0161ek.<\/span><\/p>\n<p style=\"text-align: justify;\"><span style=\"font-family: helvetica, arial, sans-serif; font-size: 12pt;\"><strong>St\u0159\u00eddali: <\/strong>Christoph, Biel\u00e1k, Kretek, N\u00e1vrat, Hahn, Moravec, Latka<\/span><\/p>\n<p style=\"text-align: justify;\"><a href=\"https:\/\/souteze.fotbal.cz\/turnaje\/hlavni\/7bc0ee01-5c83-44bb-9399-97e0f9ccef2a\"><span style=\"font-family: helvetica, arial, sans-serif; font-size: 12pt; color: #0000ff;\">Tabulka<\/span><\/a><\/p>\n<p style=\"text-align: justify;\">&nbsp;<\/p>\n<p style=\"text-align: justify;\"><span style=\"font-family: helvetica, arial, sans-serif; font-size: 12pt;\">Ned\u011ble 7.4.2024<\/span><\/p>\n<p style=\"text-align: justify;\"><span style=\"font-family: helvetica, arial, sans-serif; font-size: 12pt;\"><strong>St. dorost \u2013 Fren\u0161t\u00e1t p R. 4:4<\/strong><\/span><\/p>\n<p style=\"text-align: justify;\"><span style=\"font-family: helvetica, arial, sans-serif; font-size: 12pt;\"><strong>Branky: <\/strong>58. V\u00e1clav\u00edk, 61. Li\u0161ka, 85. Stuchl\u00edk O., 90+3. Birtek (p) \u2013 22., 45+2. Bezloja, 75. \u0160mondrik, 89. Baletka<\/span><\/p>\n<p style=\"text-align: justify;\"><span style=\"font-family: helvetica, arial, sans-serif; font-size: 12pt;\"><strong>Sestava:<\/strong> Hartmann O., Gross, St\u0159ibn\u00fd (75. Cziepl\u00fd), Hant\u00e1k, Li\u0161ka, Tom\u00ed\u010dek (87. Poni\u0161t), Kubn\u00fd (56. Breksa), Birtek, Voln\u00fd, V\u00e1clav\u00edk A., Stuchl\u00edk O.<\/span><\/p>\n<p style=\"text-align: justify;\"><span style=\"font-family: helvetica, arial, sans-serif; font-size: 12pt;\"><strong>St\u0159\u00eddali: <\/strong>Pavlovi\u010d, Mrva, Hanzl\u00edk<\/span><\/p>\n<p style=\"text-align: justify;\"><a href=\"https:\/\/souteze.fotbal.cz\/turnaje\/hlavni\/0201eee7-cb71-4133-bcac-1253000fbf43\"><span style=\"font-family: helvetica, arial, sans-serif; font-size: 12pt; color: #0000ff;\">Tabulka<\/span><\/a><\/p>\n<p style=\"text-align: justify;\"><span style=\"font-family: helvetica, arial, sans-serif; font-size: 12pt;\"><strong>&nbsp;<\/strong><\/span><\/p>\n<p style=\"text-align: justify;\"><span style=\"font-family: helvetica, arial, sans-serif; font-size: 12pt;\"><strong>&nbsp;<\/strong><\/span><\/p>\n<p style=\"text-align: justify;\"><span style=\"font-family: helvetica, arial, sans-serif; font-size: 12pt;\"><strong>Ml. dorost \u2013 Fren\u0161t\u00e1t p R.&nbsp; 1:5<\/strong><\/span><\/p>\n<p style=\"text-align: justify;\"><span style=\"font-family: helvetica, arial, sans-serif; font-size: 12pt;\"><strong>Branky:<\/strong> 67. Schweidler &#8211; 21. Genzer, 39. Sedl\u00e1\u010dek, 50. Bordovsk\u00fd, 61., 72. Terentil<\/span><\/p>\n<p style=\"text-align: justify;\"><span style=\"font-family: helvetica, arial, sans-serif; font-size: 12pt;\"><strong>Sestava:<\/strong> Pavlovi\u010d, Poni\u0161t, Hanzl\u00edk, Mac, Kamr\u00e1d, Grygar\u010d\u00edk, Pa\u0161ek, Mrva, Hald\u011bj, Herich, Duda<\/span><\/p>\n<p style=\"text-align: justify;\"><span style=\"font-family: helvetica, arial, sans-serif; font-size: 12pt;\"><strong>St\u0159\u00eddali:<\/strong> St\u0159\u00edbn\u00fd V., Bolack\u00fd, Muller, St\u0159\u00edbn\u00fd V., Hrb\u00e1\u010d, Litzka, Schweidler<\/span><\/p>\n<p style=\"text-align: justify;\"><a href=\"https:\/\/souteze.fotbal.cz\/turnaje\/hlavni\/0c16b02d-65e2-4697-b6e8-53861d1a1e7e\"><span style=\"font-family: helvetica, arial, sans-serif; font-size: 12pt; color: #0000ff;\">Tabulka ml. dorostu<\/span><\/a><\/p>\n<p style=\"text-align: justify;\">&nbsp;<\/p>\n<p style=\"text-align: justify;\"><span style=\"font-family: helvetica, arial, sans-serif; font-size: 12pt;\">Sobota 6.4.2024<\/span><\/p>\n<p style=\"text-align: justify;\"><span style=\"font-family: helvetica, arial, sans-serif; font-size: 12pt;\"><strong>Bolatice \u2013 St. \u017e\u00e1ci 11:0<\/strong><\/span><\/p>\n<p style=\"text-align: justify;\"><span style=\"font-family: helvetica, arial, sans-serif; font-size: 12pt;\"><strong>Sestava: <\/strong>Malch\u00e1rek, Schweidler, \u010cern\u00fd, Herudek, Wr\u00f3blewski, Sedl\u00e1\u010dek, Hartmann, St\u0159\u00edbn\u00fd V., Herich, Litzka, \u010cir\u017e<\/span><\/p>\n<p style=\"text-align: justify;\"><span style=\"font-family: helvetica, arial, sans-serif; font-size: 12pt;\"><strong>St\u0159\u00eddali:<\/strong> Meleck\u00fd, Juchelka, Krettek, Kry\u0161tof, Hanzl\u00edk<\/span><\/p>\n<p style=\"text-align: justify;\"><a href=\"https:\/\/souteze.fotbal.cz\/turnaje\/hlavni\/b3b51ca5-e83a-4731-9298-50ad8e61789f\"><span style=\"font-family: helvetica, arial, sans-serif; font-size: 12pt; color: #0000ff;\">Tabulka<\/span><\/a><\/p>\n<p style=\"text-align: justify;\">&nbsp;<\/p>\n<p style=\"text-align: justify;\"><span style=\"font-family: helvetica, arial, sans-serif; font-size: 12pt;\"><strong>Bolatice \u2013 Ml. \u017e\u00e1ci 3:3<\/strong><\/span><\/p>\n<p style=\"text-align: justify;\"><span style=\"font-family: helvetica, arial, sans-serif; font-size: 12pt;\"><strong>Branky: <\/strong>9. Meleck\u00fd, 59., 60. Schweidler<\/span><\/p>\n<p style=\"text-align: justify;\"><span style=\"font-family: helvetica, arial, sans-serif; font-size: 12pt;\"><strong>Sestava: <\/strong>Malch\u00e1rek, Krettek, Schweidler, \u010cir\u017e, Bialas, Juchelka, Herudek, Meleck\u00fd, Kone\u010dn\u00fd, Vyb\u00edral, Ja\u0161ek<\/span><\/p>\n<p style=\"text-align: justify;\"><span style=\"font-family: helvetica, arial, sans-serif; font-size: 12pt;\"><strong>St\u0159\u00eddal:<\/strong> St\u0159\u00edbn\u00fd M.<\/span><\/p>\n<p style=\"text-align: justify;\"><a href=\"https:\/\/souteze.fotbal.cz\/turnaje\/hlavni\/3a93f513-d0a8-4277-af8c-1082eec0c80f\"><span style=\"font-family: helvetica, arial, sans-serif; font-size: 12pt; color: #0000ff;\">Tabulka<\/span><\/a><\/p>\n","protected":false},"excerpt":{"rendered":"<p>Derby rozhodl nastaven\u00fd \u010das Ned\u011ble 7.4.2024 Old\u0159i\u0161ov \u2013 A mu\u017ei&nbsp;&nbsp;&nbsp; 0:1 (0:0) &nbsp;Zraky v\u011bt\u0161iny region\u00e1ln\u00edch fanou\u0161k\u016f sm\u011b\u0159ovaly v ned\u011bli odpoledne do Old\u0159i\u0161ova, kde dom\u00e1c\u00ed fotbalist\u00e9 narazili<span class=\"excerpt-hellip\"> [\u2026]<\/span><\/p>\n","protected":false},"author":3,"featured_media":8005,"comment_status":"closed","ping_status":"open","sticky":false,"template":"","format":"standard","meta":{"ngg_post_thumbnail":0,"footnotes":""},"categories":[115,112,110,107,117,111],"tags":[],"class_list":["post-8166","post","type-post","status-publish","format-standard","has-post-thumbnail","hentry","category-a-tym","category-b-tym","category-dorost","category-fotbal","category-mladsi-zaci","category-starsi-zaci"],"_links":{"self":[{"href":"https:\/\/tjsokolkoberice.cz\/index.php?rest_route=\/wp\/v2\/posts\/8166","targetHints":{"allow":["GET"]}}],"collection":[{"href":"https:\/\/tjsokolkoberice.cz\/index.php?rest_route=\/wp\/v2\/posts"}],"about":[{"href":"https:\/\/tjsokolkoberice.cz\/index.php?rest_route=\/wp\/v2\/types\/post"}],"author":[{"embeddable":true,"href":"https:\/\/tjsokolkoberice.cz\/index.php?rest_route=\/wp\/v2\/users\/3"}],"replies":[{"embeddable":true,"href":"https:\/\/tjsokolkoberice.cz\/index.php?rest_route=%2Fwp%2Fv2%2Fcomments&post=8166"}],"version-history":[{"count":1,"href":"https:\/\/tjsokolkoberice.cz\/index.php?rest_route=\/wp\/v2\/posts\/8166\/revisions"}],"predecessor-version":[{"id":8167,"href":"https:\/\/tjsokolkoberice.cz\/index.php?rest_route=\/wp\/v2\/posts\/8166\/revisions\/8167"}],"wp:featuredmedia":[{"embeddable":true,"href":"https:\/\/tjsokolkoberice.cz\/index.php?rest_route=\/wp\/v2\/media\/8005"}],"wp:attachment":[{"href":"https:\/\/tjsokolkoberice.cz\/index.php?rest_route=%2Fwp%2Fv2%2Fmedia&parent=8166"}],"wp:term":[{"taxonomy":"category","embeddable":true,"href":"https:\/\/tjsokolkoberice.cz\/index.php?rest_route=%2Fwp%2Fv2%2Fcategories&post=8166"},{"taxonomy":"post_tag","embeddable":true,"href":"https:\/\/tjsokolkoberice.cz\/index.php?rest_route=%2Fwp%2Fv2%2Ftags&post=8166"}],"curies":[{"name":"wp","href":"https:\/\/api.w.org\/{rel}","templated":true}]}}