{"id":8169,"date":"2024-04-19T21:27:09","date_gmt":"2024-04-19T20:27:09","guid":{"rendered":"https:\/\/tjsokolkoberice.cz\/?p=8169"},"modified":"2025-10-14T11:47:52","modified_gmt":"2025-10-14T10:47:52","slug":"vysledky-minuleho-tydne-15","status":"publish","type":"post","link":"https:\/\/tjsokolkoberice.cz\/?p=8169","title":{"rendered":"V\u00fdsledky minul\u00e9ho t\u00fddne"},"content":{"rendered":"<p style=\"text-align: justify;\"><span style=\"font-family: helvetica, arial, sans-serif; font-size: 14pt;\"><strong>Prajzsk\u00e9 derby pro Krava\u0159e<\/strong><\/span><\/p>\n<p style=\"text-align: justify;\"><span style=\"font-family: helvetica, arial, sans-serif; font-size: 12pt;\">Ned\u011ble 14.4.2024<\/span><\/p>\n<p style=\"text-align: justify;\"><span style=\"font-family: helvetica, arial, sans-serif; font-size: 12pt;\"><strong>A mu\u017ei \u2013 Krava\u0159e&nbsp;&nbsp;&nbsp; 0:1 (0:0) <\/strong><\/span><\/p>\n<p style=\"text-align: justify;\"><span style=\"font-family: helvetica, arial, sans-serif; font-size: 12pt;\">&nbsp;T\u0159askav\u00e9 prajzsk\u00e9 derby se v ned\u011bli serv\u00edrovalo na kobe\u0159ick\u00e9m stadionu, kam dorazily nedalek\u00e9 Krava\u0159e. Za ide\u00e1ln\u00edho fotbalov\u00e9ho po\u010das\u00ed se oba celky soust\u0159edily sp\u00ed\u0161e na defenzivu, tak\u017ee se neurodilo moc \u0161anc\u00ed. Pom\u011brn\u011b nudn\u00e9 utk\u00e1n\u00ed rozhodl st\u0159\u00eddaj\u00edc\u00ed \u017eol\u00edk Oh\u0159\u00e1l, kter\u00fd host\u016fm zajistil t\u0159i body.<\/span><\/p>\n<p style=\"text-align: justify;\"><span style=\"font-family: helvetica, arial, sans-serif; font-size: 12pt;\">Do prvn\u00ed nad\u011bjn\u00e9 p\u0159\u00edle\u017eitosti se dostali host\u00e9, kdy\u017e po rohu Zapala\u010de p\u00e1lil Baranek, ale balon pouze zaplachtil nad b\u0159evnem. O chv\u00edli pozd\u011bji zkou\u0161el \u0161t\u011bst\u00ed Zapala\u010d, jen\u017ee dom\u00e1c\u00ed kasa mu byla mal\u00e1. Na opa\u010dn\u00e9 stran\u011b prostr\u010dil Robin Wirth m\u00ed\u010d Kry\u0161tofovi, kter\u00fd takt\u00e9\u017e nezkrotil m\u00ed\u0159idla. A te\u010dku za \u00favodn\u00edm d\u011bjstv\u00edm napsal Hala\u0161ka, kdy\u017e nebezpe\u010dn\u011b hlavi\u010dkoval po dal\u0161\u00edm p\u011bkn\u00e9m rohu Zapala\u010de.<\/span><\/p>\n<p style=\"text-align: justify;\"><span style=\"font-family: helvetica, arial, sans-serif; font-size: 12pt;\">Rovn\u011b\u017e po p\u0159est\u00e1vce byly Krava\u0159e aktivn\u011bj\u0161\u00edm t\u00fdmem. Hala\u0161ka s&nbsp;Barankem ov\u0161em ukazatelem sk\u00f3re nepohnuli, tak\u017ee musel nastoupit Oh\u0159\u00e1l. Jeho hv\u011bzdn\u00fd moment nastal v 82. minut\u011b, kdy centroval do \u0161estn\u00e1ctky Heger, kobe\u0159ick\u00fd g\u00f3lman \u0160tencel sice balon p\u0159izvedl, jen\u017ee pouze k Oh\u0159\u00e1lovi, kter\u00fd se hlavou nem\u00fdlil &#8211; 0:1.<\/span><\/p>\n<p style=\"text-align: justify;\"><span style=\"font-family: helvetica, arial, sans-serif; font-size: 12pt;\">\u201eByl to z\u00e1pas o jednom g\u00f3lu, kter\u00fd bohu\u017eel vst\u0159elil soupe\u0159. Neda\u0159ilo se n\u00e1m podr\u017eet vp\u0159edu m\u00ed\u010d, tak\u017ee Krava\u0159e si vytvo\u0159ily \u00fazemn\u00ed p\u0159evahu, ale bez n\u011bjak\u00fdch v\u011bt\u0161\u00edch \u0161anc\u00ed. Mo\u017en\u00e1 by tomu v\u00edce slu\u0161ela rem\u00edza,&#8220; zamyslel se kobe\u0159ick\u00fd kou\u010d Vil\u00e9m Axmann.<\/span><\/p>\n<p style=\"text-align: justify;\"><span style=\"font-family: helvetica, arial, sans-serif; font-size: 12pt;\">Jeho tren\u00e9rsk\u00fd prot\u011bj\u0161ek Michal Krzisch m\u011bl mnohem lep\u0161\u00ed n\u00e1ladu. \u201eVyhr\u00e1li jsme presti\u017en\u00ed derby, tak\u017ee jsme velmi spokojen\u00ed. Mysl\u00edm si, \u017ee jsme \u0161li v\u00edt\u011bzstv\u00ed v\u00edce naproti, proto\u017ee jsme si vytvo\u0159ili v\u00edce \u0161anc\u00ed. Doufali jsme, \u017ee n\u00e1m to tam aspo\u0148 jednou spadne a v z\u00e1v\u011bru jsme skute\u010dn\u011b rozhodli, usm\u00edval se Michal Krzisch. (zdroj Region Opavsko)&nbsp;<\/span><\/p>\n<p style=\"text-align: justify;\">&nbsp;<\/p>\n<p style=\"text-align: justify;\"><span style=\"font-family: helvetica, arial, sans-serif; font-size: 12pt;\"><strong>Branky:<\/strong> 82. Oh\u0159\u00e1l<\/span><\/p>\n<p style=\"text-align: justify;\"><span style=\"font-family: helvetica, arial, sans-serif; font-size: 12pt;\"><strong>Rozhod\u010d\u00ed:<\/strong> Ga\u0144czarczyk \u2013 Paster\u010d\u00e1k, Godfryd.<\/span><\/p>\n<p style=\"text-align: justify;\"><span style=\"font-family: helvetica, arial, sans-serif; font-size: 12pt;\"><strong>\u017dK:<\/strong> Schlischka, Kry\u0161tof, Kubn\u00fd \u2013 Hude\u010dek, Kutty&nbsp; <strong>Div\u00e1ci:<\/strong> 548.<\/span><\/p>\n<p style=\"text-align: justify;\"><span style=\"font-family: helvetica, arial, sans-serif; font-size: 12pt;\"><strong>Kobe\u0159ice:<\/strong> \u0160tencel \u2013 Schlischka, Ve\u010derek (86. Kubn\u00fd), \u0160evior, Stare\u010dek &#8211; Robin Wirth, Kolar\u010dik (76. Breksa) &#8211; Kry\u0161tof, Petzuch (86. O. Stuchl\u00edk), \u0160. St\u0159\u00edbn\u00fd (72. V.&nbsp;St\u0159\u00edbn\u00fd)&nbsp;&#8211;&nbsp;\u0160ime\u010dek Tren\u00e9r: Vil\u00e9m Axmann.<\/span><\/p>\n<p style=\"text-align: justify;\"><span style=\"font-family: helvetica, arial, sans-serif; font-size: 12pt;\">Tabulka<\/span><\/p>\n<p style=\"text-align: justify;\">&nbsp;<\/p>\n<p style=\"text-align: justify;\"><span style=\"font-family: helvetica, arial, sans-serif; font-size: 12pt;\">Sobota 13. 4. 2024<\/span><\/p>\n<p style=\"text-align: justify;\"><span style=\"font-family: helvetica, arial, sans-serif; font-size: 12pt;\"><strong>\u0160t\u011bp\u00e1nkovice B \u2013 Mu\u017ei B 3:5<\/strong><\/span><\/p>\n<p style=\"text-align: justify;\"><span style=\"font-family: helvetica, arial, sans-serif; font-size: 12pt;\"><strong>Branky: <\/strong>71. Nov\u00e1k, 82. Malohlava, 88. Fluger &#8211; 22., 40., 42. Jur\u010dek, 45. St\u0159\u00edbn\u00fd M., 51. Kolar\u010d\u00edk<\/span><\/p>\n<p style=\"text-align: justify;\"><span style=\"font-family: helvetica, arial, sans-serif; font-size: 12pt;\"><strong>Sestava:<\/strong> St\u0159\u00edbn\u00fd J., Halfar, Biel\u00e1k, Kolar\u010d\u00edk, Kubn\u00fd, Hahn, Nov\u00e1k, Stuchl\u00edk, Jur\u010dek, Moravec, Pa\u0161ek.<\/span><\/p>\n<p style=\"text-align: justify;\"><span style=\"font-family: helvetica, arial, sans-serif; font-size: 12pt;\"><strong>St\u0159\u00eddali: <\/strong>Bedrich, Kretek, Vyb\u00edral, N\u00e1vrat, St\u0159\u00edbn\u00fd M., \u0160van\u010dar, Latka<\/span><\/p>\n<p style=\"text-align: justify;\"><span style=\"font-family: helvetica, arial, sans-serif; font-size: 12pt;\">Tabulka<\/span><\/p>\n<p style=\"text-align: justify;\">&nbsp;<\/p>\n<p style=\"text-align: justify;\"><span style=\"font-family: helvetica, arial, sans-serif; font-size: 12pt;\">Ned\u011ble 14.4.2024<\/span><\/p>\n<p style=\"text-align: justify;\"><span style=\"font-family: helvetica, arial, sans-serif; font-size: 12pt;\"><strong>St. dorost \u2013 Brunt\u00e1l 6:1<\/strong><\/span><\/p>\n<p style=\"text-align: justify;\"><span style=\"font-family: helvetica, arial, sans-serif; font-size: 12pt;\"><strong>Branky: <\/strong>2., 62. Birtek, 9., 26. V\u00e1clav\u00edk, 13. Voln\u00fd, 34. Stuchl\u00edk O.,\u2013 44. Hurajt<\/span><\/p>\n<p style=\"text-align: justify;\"><span style=\"font-family: helvetica, arial, sans-serif; font-size: 12pt;\"><strong>Sestava:<\/strong> Hartmann O., St\u0159ibn\u00fd, Hant\u00e1k (73. Besta), Li\u0161ka, Tom\u00ed\u010dek (87. Poni\u0161t), Kubn\u00fd (46. Gross), Birtek, Breksa, Voln\u00fd (87. Mrva), V\u00e1clav\u00edk A., Stuchl\u00edk O. (87.Hanzl\u00edk)<\/span><\/p>\n<p style=\"text-align: justify;\"><span style=\"font-family: helvetica, arial, sans-serif; font-size: 12pt;\"><strong>St\u0159\u00eddali: <\/strong>Pavlovi\u010d<\/span><\/p>\n<p style=\"text-align: justify;\">&nbsp;<\/p>\n<p style=\"text-align: justify;\"><span style=\"font-family: helvetica, arial, sans-serif; font-size: 12pt;\">Tabulka<\/span><\/p>\n<p style=\"text-align: justify;\"><span style=\"font-family: helvetica, arial, sans-serif; font-size: 12pt;\"><strong>Ml. dorost \u2013 Brunt\u00e1l 3:3<\/strong><\/span><\/p>\n<p style=\"text-align: justify;\"><span style=\"font-family: helvetica, arial, sans-serif; font-size: 12pt;\"><strong>Branky:<\/strong> 6., 18. Mrva, 70. Schweidler &#8211; 16. Minar\u010d\u00edk, 60. Fedorov, 78. Fr\u00e9bort<\/span><\/p>\n<p style=\"text-align: justify;\"><span style=\"font-family: helvetica, arial, sans-serif; font-size: 12pt;\"><strong>Sestava:<\/strong> Pavlovi\u010d, Poni\u0161t, Hanzl\u00edk, Mac, Kamr\u00e1d, Grigar\u010d\u00edk, Pa\u0161ek, Mrva, Hald\u011bj, Herich, Duda<\/span><\/p>\n<p style=\"text-align: justify;\"><span style=\"font-family: helvetica, arial, sans-serif; font-size: 12pt;\"><strong>St\u0159\u00eddali:<\/strong> St\u0159\u00edbn\u00fd V., Bolack\u00fd, Muller, St\u0159\u00edbn\u00fd V., Hrb\u00e1\u010d, Litzka, Schweidler<\/span><\/p>\n<p style=\"text-align: justify;\"><span style=\"font-family: helvetica, arial, sans-serif; font-size: 12pt;\"><strong>&nbsp;<\/strong><\/span><\/p>\n<p style=\"text-align: justify;\"><span style=\"font-family: helvetica, arial, sans-serif; font-size: 12pt;\">Tabulka ml. dorostu<\/span><\/p>\n<p style=\"text-align: justify;\">&nbsp;<\/p>\n<p style=\"text-align: justify;\"><span style=\"font-family: helvetica, arial, sans-serif; font-size: 12pt;\">Ned\u011ble 14.4.2024<\/span><\/p>\n<p style=\"text-align: justify;\"><span style=\"font-family: helvetica, arial, sans-serif; font-size: 12pt;\"><strong>Star\u00e1 B\u011bl\u00e1 \u2013 St. \u017e\u00e1ci 4:2<\/strong><\/span><\/p>\n<p style=\"text-align: justify;\"><span style=\"font-family: helvetica, arial, sans-serif; font-size: 12pt;\"><strong>Branky: <\/strong>32. Sedl\u00e1\u010dek, 65. Schweidler<\/span><\/p>\n<p style=\"text-align: justify;\"><span style=\"font-family: helvetica, arial, sans-serif; font-size: 12pt;\"><strong>Sestava: <\/strong>Malch\u00e1rek, Schweidler, \u010cern\u00fd, Herudek, Sedl\u00e1\u010dek, Hartmann, St\u0159\u00edbn\u00fd, Herich, Litzka, Meleck\u00fd, Juchelka<\/span><\/p>\n<p style=\"text-align: justify;\"><span style=\"font-family: helvetica, arial, sans-serif; font-size: 12pt;\"><strong>St\u0159\u00eddali:<\/strong> Krettek, Kry\u0161tof, Hanzl\u00edk, Mrovec, Ple\u010dek, B\u0159emek<\/span><\/p>\n<p style=\"text-align: justify;\">&nbsp;<\/p>\n<p style=\"text-align: justify;\"><span style=\"font-family: helvetica, arial, sans-serif; font-size: 12pt;\">Tabulka<\/span><\/p>\n<p style=\"text-align: justify;\">&nbsp;<\/p>\n<p style=\"text-align: justify;\"><span style=\"font-family: helvetica, arial, sans-serif; font-size: 12pt;\"><strong>Star\u00e1 B\u011bl\u00e1 \u2013 Ml. \u017e\u00e1ci 4:2<\/strong><\/span><\/p>\n<p style=\"text-align: justify;\"><span style=\"font-family: helvetica, arial, sans-serif; font-size: 12pt;\"><strong>Branky: <\/strong>21. Herudek<strong>, <\/strong>25. Meleck\u00fd<\/span><\/p>\n<p style=\"text-align: justify;\"><span style=\"font-family: helvetica, arial, sans-serif; font-size: 12pt;\"><strong>Sestava: <\/strong>Malch\u00e1rek, Krettek, Bialas, Juchelka, Herudek, Meleck\u00fd, Ja\u0161ek, Kone\u010dn\u00fd, Kermes, \u010cujkov\u00e1, Pavlovi\u010d<\/span><\/p>\n<p style=\"text-align: justify;\"><span style=\"font-family: helvetica, arial, sans-serif; font-size: 12pt;\"><strong>St\u0159\u00eddal:<\/strong> Mrovec, Kurka<\/span><\/p>\n<p style=\"text-align: justify;\"><span style=\"font-family: helvetica, arial, sans-serif; font-size: 12pt;\">Tabulka<\/span><\/p>\n","protected":false},"excerpt":{"rendered":"<p>Prajzsk\u00e9 derby pro Krava\u0159e Ned\u011ble 14.4.2024 A mu\u017ei \u2013 Krava\u0159e&nbsp;&nbsp;&nbsp; 0:1 (0:0) &nbsp;T\u0159askav\u00e9 prajzsk\u00e9 derby se v ned\u011bli serv\u00edrovalo na kobe\u0159ick\u00e9m stadionu, kam dorazily nedalek\u00e9 Krava\u0159e.<span class=\"excerpt-hellip\"> [\u2026]<\/span><\/p>\n","protected":false},"author":3,"featured_media":8034,"comment_status":"closed","ping_status":"open","sticky":false,"template":"","format":"standard","meta":{"ngg_post_thumbnail":0,"footnotes":""},"categories":[115,112,110,107,117,111,104,102],"tags":[],"class_list":["post-8169","post","type-post","status-publish","format-standard","has-post-thumbnail","hentry","category-a-tym","category-b-tym","category-dorost","category-fotbal","category-mladsi-zaci","category-starsi-zaci","category-vysledky","category-zapasy"],"_links":{"self":[{"href":"https:\/\/tjsokolkoberice.cz\/index.php?rest_route=\/wp\/v2\/posts\/8169","targetHints":{"allow":["GET"]}}],"collection":[{"href":"https:\/\/tjsokolkoberice.cz\/index.php?rest_route=\/wp\/v2\/posts"}],"about":[{"href":"https:\/\/tjsokolkoberice.cz\/index.php?rest_route=\/wp\/v2\/types\/post"}],"author":[{"embeddable":true,"href":"https:\/\/tjsokolkoberice.cz\/index.php?rest_route=\/wp\/v2\/users\/3"}],"replies":[{"embeddable":true,"href":"https:\/\/tjsokolkoberice.cz\/index.php?rest_route=%2Fwp%2Fv2%2Fcomments&post=8169"}],"version-history":[{"count":1,"href":"https:\/\/tjsokolkoberice.cz\/index.php?rest_route=\/wp\/v2\/posts\/8169\/revisions"}],"predecessor-version":[{"id":8170,"href":"https:\/\/tjsokolkoberice.cz\/index.php?rest_route=\/wp\/v2\/posts\/8169\/revisions\/8170"}],"wp:featuredmedia":[{"embeddable":true,"href":"https:\/\/tjsokolkoberice.cz\/index.php?rest_route=\/wp\/v2\/media\/8034"}],"wp:attachment":[{"href":"https:\/\/tjsokolkoberice.cz\/index.php?rest_route=%2Fwp%2Fv2%2Fmedia&parent=8169"}],"wp:term":[{"taxonomy":"category","embeddable":true,"href":"https:\/\/tjsokolkoberice.cz\/index.php?rest_route=%2Fwp%2Fv2%2Fcategories&post=8169"},{"taxonomy":"post_tag","embeddable":true,"href":"https:\/\/tjsokolkoberice.cz\/index.php?rest_route=%2Fwp%2Fv2%2Ftags&post=8169"}],"curies":[{"name":"wp","href":"https:\/\/api.w.org\/{rel}","templated":true}]}}