{"id":8171,"date":"2024-04-26T09:46:38","date_gmt":"2024-04-26T08:46:38","guid":{"rendered":"https:\/\/tjsokolkoberice.cz\/?p=8171"},"modified":"2025-10-14T11:47:52","modified_gmt":"2025-10-14T10:47:52","slug":"vysledky-minuleho-tydne-16","status":"publish","type":"post","link":"https:\/\/tjsokolkoberice.cz\/?p=8171","title":{"rendered":"V\u00fdsledky minul\u00e9ho t\u00fddne"},"content":{"rendered":"<p style=\"text-align: justify;\"><span style=\"font-size: 14pt; font-family: helvetica, arial, sans-serif;\"><strong>Rozhodly standardky<\/strong><\/span><\/p>\n<p style=\"text-align: justify;\"><span style=\"font-size: 12pt; font-family: helvetica, arial, sans-serif;\">Sobota 20.4.2024<\/span><\/p>\n<p style=\"text-align: justify;\"><span style=\"font-size: 12pt; font-family: helvetica, arial, sans-serif;\"><strong>H\u00e1j ve Slezsku \u2013 A mu\u017ei&nbsp;&nbsp;&nbsp; 2:0 (1:0) <\/strong><\/span><\/p>\n<p style=\"text-align: justify;\"><span style=\"font-size: 12pt; font-family: helvetica, arial, sans-serif;\">Prvn\u00ed ze dvou v\u00edkendov\u00fdch derby se uskute\u010dnilo v H\u00e1ji ve Slezsku, kam dorazily Kobe\u0159ice. V sobotn\u00edm odpoledni na sebe narazili tabulkov\u00ed soused\u00e9, tak\u017ee se o\u010dek\u00e1val vyrovnan\u00fd z\u00e1pas. Pov\u011bstn\u00fdm jaz\u00fd\u010dkem na vah\u00e1ch se nakonec uk\u00e1zaly standardn\u00ed situace, kter\u00e9 rozhodly o v\u00edt\u011bzstv\u00ed dom\u00e1c\u00edho t\u00fdmu.<\/span><\/p>\n<p style=\"text-align: justify;\"><span style=\"font-size: 12pt; font-family: helvetica, arial, sans-serif;\">Po ospal\u00e9m \u00favodu se pom\u011brn\u011b ne\u010dekan\u011b m\u011bnilo sk\u00f3re, kdy\u017e se po rohu h\u00e1jeck\u00e9ho Strako\u0161e odrazil m\u00ed\u010d k Michnovi a ten pohotov\u011b napnul s\u00ed\u0165 1:0. Po obdr\u017een\u00e9m g\u00f3lu se probudili host\u00e9 a za\u010dali p\u0159it\u00e1p\u011bt pod kotlem. Nebezpe\u010dn\u011b vypadala p\u0159edev\u0161\u00edm r\u00e1na Kry\u0161tofa, kterou vy\u0161kr\u00e1bl brank\u00e1\u0159 Godula. V dobr\u00fdch palebn\u00fdch pozic\u00edch se objevili rovn\u011b\u017e \u0160ime\u010dek se Slaninou, jen\u017ee netrefili c\u00edlen\u00e9 za\u0159\u00edzen\u00ed. Dal\u0161\u00ed zaj\u00edmav\u00fd moment nastal zkraje druh\u00e9 p\u016fle, kdy rozhod\u010d\u00ed Petro\u0161 zap\u00edskal penaltu, ale dom\u00e1c\u00ed kapit\u00e1n \u00c9r\u0161il si vyl\u00e1mal zuby na kobe\u0159ick\u00e9m g\u00f3lmanovi \u0160tencelovi. Bodov\u00e9 nad\u011bje host\u016f se definitivn\u011b zhroutily v 86. minut\u011b. Lampa posadil sv\u016fj roh p\u0159esn\u011b na hlavu \u0160ime\u010dka, kter\u00fd odhalil v\u00fdsledkovou tajenku &#8211; 2:0.<\/span><\/p>\n<p style=\"text-align: justify;\"><span style=\"font-size: 12pt; font-family: helvetica, arial, sans-serif;\">\u201eZa\u010d\u00e1tek z\u00e1pasu byl tro\u0161ku neurovnan\u00fd, ale pak jsme \u0161li na\u0161t\u011bst\u00ed po rohov\u00e9m kopu do veden\u00ed. Po tomto g\u00f3lu jsme ov\u0161em p\u0159enechali aktivitu Kobe\u0159ic\u00edm, kter\u00e9 se dost\u00e1valy na dost\u0159el. Uklidnit jsme se mohli penaltou, ale m\u00edsto toho jsme se a\u017e do konce strachovali o v\u00edt\u011bzstv\u00ed,&#8220; sd\u011blil h\u00e1jeck\u00fd vedouc\u00ed Kamil Mat\u011bj.<\/span><\/p>\n<p style=\"text-align: justify;\"><span style=\"font-size: 12pt; font-family: helvetica, arial, sans-serif;\">Kobe\u0159ick\u00fd tren\u00e9r Vil\u00e9m Axmann tak\u00e9 p\u0159idal n\u011bkolik zaj\u00edmav\u00fdch post\u0159eh\u016f. \u201eMysl\u00edm si, \u017ee jsme odehr\u00e1li velice slu\u0161n\u00e9 utk\u00e1n\u00ed, kter\u00e9mu by v\u00edce slu\u0161ela rem\u00edza. P\u0159esto\u017ee jsem upozor\u0148oval na standardn\u00ed situace soupe\u0159e, tak nakonec z\u00e1pas rozhodly. H\u00e1j vyu\u017eil sv\u00e9 v\u00fd\u0161kov\u00e9 p\u0159evahy. Jinak to bylo hodn\u011b vyrovnan\u00e9,&#8220; dodal Vil\u00e9m Axmann. (zdroj Region Opavsko)&nbsp;<\/span><\/p>\n<p style=\"text-align: justify;\"><span style=\"font-size: 12pt; font-family: helvetica, arial, sans-serif;\"><strong>Branky:<\/strong> 21. Michna, 86. \u0160ime\u010dek.<\/span><\/p>\n<p style=\"text-align: justify;\"><span style=\"font-size: 12pt; font-family: helvetica, arial, sans-serif;\"><strong>Rozhod\u010d\u00ed<\/strong>: Petro\u0161 \u2013 Vojkovsk\u00fd, \u0160i\u0161t\u00edk<\/span><\/p>\n<p style=\"text-align: justify;\"><span style=\"font-size: 12pt; font-family: helvetica, arial, sans-serif;\"><strong>\u017dK:<\/strong> Strako\u0161 \u2013 St\u0159\u00edbn\u00fd, \u0160ime\u010dek.&nbsp;<\/span><\/p>\n<p style=\"text-align: justify;\"><span style=\"font-size: 12pt; font-family: helvetica, arial, sans-serif;\"><strong>Div\u00e1ci:<\/strong> 60.<\/span><\/p>\n<p style=\"text-align: justify;\"><span style=\"font-size: 12pt; font-family: helvetica, arial, sans-serif;\"><strong>Kobe\u0159ice<\/strong>: \u0160tencel &#8211; Schlischka, Robin Wirth, Ve\u010derek, Stare\u010dek &#8211; Petzuch (63. M. St\u0159\u00edbn\u00fd), Kolar\u010dik &#8211; Slanina (72. Breksa), \u0160. St\u0159\u00edbn\u00fd (78. St\u0159ibn\u00fd), Kry\u0161tof &#8211; \u0160ime\u010dek. Tren\u00e9r: Vil\u00e9m Axmann.&nbsp;<\/span><\/p>\n<p style=\"text-align: justify;\"><span style=\"color: #0000ff;\"><a style=\"color: #0000ff;\" href=\"https:\/\/souteze.fotbal.cz\/turnaje\/hlavni\/302f85e7-a4b6-4b0d-a664-2245a6578b09\"><span style=\"font-size: 12pt; font-family: helvetica, arial, sans-serif;\">Tabulka<\/span><\/a><\/span><\/p>\n<p style=\"text-align: justify;\">&nbsp;<\/p>\n<p style=\"text-align: justify;\"><span style=\"font-size: 12pt; font-family: helvetica, arial, sans-serif;\">Sobota 20. 4. 2024<\/span><\/p>\n<p style=\"text-align: justify;\"><span style=\"font-size: 12pt; font-family: helvetica, arial, sans-serif;\"><strong>Mu\u017ei B \u2013 Hn\u011bvo\u0161ice 2:1<\/strong><\/span><\/p>\n<p style=\"text-align: justify;\"><span style=\"font-size: 12pt; font-family: helvetica, arial, sans-serif;\"><strong>Branky: <\/strong>12. Jur\u010dek, 90. Kubn\u00fd A. \u2013 25. Cojg<\/span><\/p>\n<p style=\"text-align: justify;\"><span style=\"font-size: 12pt; font-family: helvetica, arial, sans-serif;\"><strong>Sestava:<\/strong> St\u0159\u00edbn\u00fd, Oberherr, Bedrich, Kretek, Biel\u00e1k, Kubn\u00fd A., Kubn\u00fd M., Nov\u00e1k, Stuchl\u00edk R., Jur\u010dek, Pa\u0161ek.<\/span><\/p>\n<p style=\"text-align: justify;\"><span style=\"font-size: 12pt; font-family: helvetica, arial, sans-serif;\"><strong>St\u0159\u00eddali: <\/strong>Christoph, Halfar, Hahn, Moravec, Kubn\u00fd D., V\u00e1clav\u00edk, Stuchl\u00edk O.<\/span><\/p>\n<p style=\"text-align: justify;\"><span style=\"color: #0000ff;\"><span style=\"font-size: 12pt; font-family: helvetica, arial, sans-serif;\">Tabulka<\/span><\/span><\/p>\n<p style=\"text-align: justify;\">&nbsp;<\/p>\n<p style=\"text-align: justify;\"><span style=\"font-size: 12pt; font-family: helvetica, arial, sans-serif;\">Sobota 20.4.2024<\/span><\/p>\n<p style=\"text-align: justify;\"><span style=\"font-size: 12pt; font-family: helvetica, arial, sans-serif;\"><strong>Horn\u00ed Such\u00e1 \u2013 St. dorost 0:0<\/strong><\/span><\/p>\n<p style=\"text-align: justify;\"><span style=\"font-size: 12pt; font-family: helvetica, arial, sans-serif;\"><strong>Sestava:<\/strong> Hartmann O., Gross, St\u0159ibn\u00fd, Hant\u00e1k, Li\u0161ka, Kubn\u00fd (46. Tom\u00ed\u010dek), Breksa, Birtek, Voln\u00fd, V\u00e1clav\u00edk, Stuchl\u00edk O.<\/span><\/p>\n<p style=\"text-align: justify;\"><span style=\"font-size: 12pt; font-family: helvetica, arial, sans-serif;\"><strong>St\u0159\u00eddali: <\/strong>Pavlovi\u010d, Mrva, Hanzl\u00edk, Poni\u0161t, Besta, Cziepl\u00fd<\/span><\/p>\n<p style=\"text-align: justify;\"><a href=\"https:\/\/souteze.fotbal.cz\/turnaje\/hlavni\/0201eee7-cb71-4133-bcac-1253000fbf43\"><span style=\"font-size: 12pt; font-family: helvetica, arial, sans-serif; color: #0000ff;\">Tabulka<\/span><\/a><\/p>\n<p style=\"text-align: justify;\">&nbsp;<\/p>\n<p style=\"text-align: justify;\"><span style=\"font-size: 12pt; font-family: helvetica, arial, sans-serif;\"><strong>Horn\u00ed Such\u00e1 \u2013 Ml. dorost 3:5<\/strong><\/span><\/p>\n<p style=\"text-align: justify;\"><span style=\"font-size: 12pt; font-family: helvetica, arial, sans-serif;\"><strong>Branky:<\/strong> 29., 36., 44. (p) Siv\u00e1k &#8211; 5. Hrb\u00e1\u010d, 9. Schweidler, 35. (p), 73. Mrva, 72. Bolack\u00fd<\/span><\/p>\n<p style=\"text-align: justify;\"><span style=\"font-size: 12pt; font-family: helvetica, arial, sans-serif;\"><strong>Sestava:<\/strong> Pavlovi\u010d, Poni\u0161t, Hanzl\u00edk, Mac, Kamr\u00e1d, Grygar\u010d\u00edk, Pa\u0161ek, Mrva, Hald\u011bj, Herich, Duda<\/span><\/p>\n<p style=\"text-align: justify;\"><span style=\"font-size: 12pt; font-family: helvetica, arial, sans-serif;\"><strong>St\u0159\u00eddali:<\/strong> St\u0159\u00edbn\u00fd V., Bolack\u00fd, Muller, St\u0159\u00edbn\u00fd V., Hrb\u00e1\u010d, Litzka, Schweidler<\/span><\/p>\n<p style=\"text-align: justify;\"><a href=\"https:\/\/souteze.fotbal.cz\/turnaje\/hlavni\/0c16b02d-65e2-4697-b6e8-53861d1a1e7e\"><span style=\"font-size: 12pt; font-family: helvetica, arial, sans-serif; color: #0000ff;\">Tabulka ml. dorostu<\/span><\/a><\/p>\n<p style=\"text-align: justify;\">&nbsp;<\/p>\n<p style=\"text-align: justify;\"><span style=\"font-size: 12pt; font-family: helvetica, arial, sans-serif;\">Sobota 20.4.2024<\/span><\/p>\n<p style=\"text-align: justify;\"><span style=\"font-size: 12pt; font-family: helvetica, arial, sans-serif;\"><strong>St. \u017e\u00e1ci \u2013 He\u0159manice 2:2<\/strong><\/span><\/p>\n<p style=\"text-align: justify;\"><span style=\"font-size: 12pt; font-family: helvetica, arial, sans-serif;\"><strong>Branky: <\/strong>4. Sedl\u00e1\u010dek, 50. St\u0159\u00edbn\u00fd \u2013 8. Bayer, 38. Van\u011bk&nbsp;<\/span><\/p>\n<p style=\"text-align: justify;\"><span style=\"font-size: 12pt; font-family: helvetica, arial, sans-serif;\"><strong>Sestava: <\/strong>Herich, Schweidler, \u010cern\u00fd, Herudek, Wr\u00f3blewski, Sedl\u00e1\u010dek, Hartmann, Meleck\u00fd, St\u0159\u00edbn\u00fd V., Litzka, Hanzl\u00edk<\/span><\/p>\n<p style=\"text-align: justify;\"><span style=\"font-size: 12pt; font-family: helvetica, arial, sans-serif;\"><strong>St\u0159\u00eddali:<\/strong> \u010cir\u017e, Krettek, B\u0159emek, Mrovec, Pla\u010dek<\/span><\/p>\n<p style=\"text-align: justify;\"><a href=\"https:\/\/souteze.fotbal.cz\/turnaje\/hlavni\/b3b51ca5-e83a-4731-9298-50ad8e61789f\"><span style=\"font-size: 12pt; font-family: helvetica, arial, sans-serif; color: #0000ff;\">Tabulka<\/span><\/a><\/p>\n<p style=\"text-align: justify;\">&nbsp;<\/p>\n<p style=\"text-align: justify;\"><span style=\"font-size: 12pt; font-family: helvetica, arial, sans-serif;\"><strong>Ml. \u017e\u00e1ci \u2013 He\u0159manice 0:7<\/strong><\/span><\/p>\n<p style=\"text-align: justify;\"><span style=\"font-size: 12pt; font-family: helvetica, arial, sans-serif;\"><strong>Sestava: <\/strong>Malch\u00e1rek, Krettek, \u010cir\u017e, Bialas, Juchelka, Herudek, Meleck\u00fd, Kone\u010dn\u00fd, Mrovec, Pavlovi\u010d, \u010cujkov\u00e1<\/span><\/p>\n<p style=\"text-align: justify;\"><span style=\"font-size: 12pt; font-family: helvetica, arial, sans-serif;\"><strong>St\u0159\u00eddal:<\/strong> Kurka, Jen\u010d<\/span><\/p>\n<p style=\"text-align: justify;\"><a href=\"https:\/\/souteze.fotbal.cz\/turnaje\/hlavni\/3a93f513-d0a8-4277-af8c-1082eec0c80f\"><span style=\"font-size: 12pt; font-family: helvetica, arial, sans-serif; color: #0000ff;\">Tabulka<\/span><\/a><\/p>\n","protected":false},"excerpt":{"rendered":"<p>Rozhodly standardky Sobota 20.4.2024 H\u00e1j ve Slezsku \u2013 A mu\u017ei&nbsp;&nbsp;&nbsp; 2:0 (1:0) Prvn\u00ed ze dvou v\u00edkendov\u00fdch derby se uskute\u010dnilo v H\u00e1ji ve Slezsku, kam dorazily Kobe\u0159ice.<span class=\"excerpt-hellip\"> [\u2026]<\/span><\/p>\n","protected":false},"author":3,"featured_media":7976,"comment_status":"closed","ping_status":"open","sticky":false,"template":"","format":"standard","meta":{"ngg_post_thumbnail":0,"footnotes":""},"categories":[115,112,110,107,117,111],"tags":[],"class_list":["post-8171","post","type-post","status-publish","format-standard","has-post-thumbnail","hentry","category-a-tym","category-b-tym","category-dorost","category-fotbal","category-mladsi-zaci","category-starsi-zaci"],"_links":{"self":[{"href":"https:\/\/tjsokolkoberice.cz\/index.php?rest_route=\/wp\/v2\/posts\/8171","targetHints":{"allow":["GET"]}}],"collection":[{"href":"https:\/\/tjsokolkoberice.cz\/index.php?rest_route=\/wp\/v2\/posts"}],"about":[{"href":"https:\/\/tjsokolkoberice.cz\/index.php?rest_route=\/wp\/v2\/types\/post"}],"author":[{"embeddable":true,"href":"https:\/\/tjsokolkoberice.cz\/index.php?rest_route=\/wp\/v2\/users\/3"}],"replies":[{"embeddable":true,"href":"https:\/\/tjsokolkoberice.cz\/index.php?rest_route=%2Fwp%2Fv2%2Fcomments&post=8171"}],"version-history":[{"count":2,"href":"https:\/\/tjsokolkoberice.cz\/index.php?rest_route=\/wp\/v2\/posts\/8171\/revisions"}],"predecessor-version":[{"id":8173,"href":"https:\/\/tjsokolkoberice.cz\/index.php?rest_route=\/wp\/v2\/posts\/8171\/revisions\/8173"}],"wp:featuredmedia":[{"embeddable":true,"href":"https:\/\/tjsokolkoberice.cz\/index.php?rest_route=\/wp\/v2\/media\/7976"}],"wp:attachment":[{"href":"https:\/\/tjsokolkoberice.cz\/index.php?rest_route=%2Fwp%2Fv2%2Fmedia&parent=8171"}],"wp:term":[{"taxonomy":"category","embeddable":true,"href":"https:\/\/tjsokolkoberice.cz\/index.php?rest_route=%2Fwp%2Fv2%2Fcategories&post=8171"},{"taxonomy":"post_tag","embeddable":true,"href":"https:\/\/tjsokolkoberice.cz\/index.php?rest_route=%2Fwp%2Fv2%2Ftags&post=8171"}],"curies":[{"name":"wp","href":"https:\/\/api.w.org\/{rel}","templated":true}]}}