{"id":8174,"date":"2024-04-26T10:31:29","date_gmt":"2024-04-26T09:31:29","guid":{"rendered":"https:\/\/tjsokolkoberice.cz\/?p=8174"},"modified":"2025-10-14T11:47:52","modified_gmt":"2025-10-14T10:47:52","slug":"nova-sekacka-pro-tj-sokol","status":"publish","type":"post","link":"https:\/\/tjsokolkoberice.cz\/?p=8174","title":{"rendered":"Nov\u00e1 seka\u010dka pro TJ Sokol!"},"content":{"rendered":"<div style=\"text-align: justify;\"><span style=\"font-family: helvetica, arial, sans-serif; font-size: 14pt;\">TJ Sokol Kobe\u0159ice disponuje novou rota\u010dn\u00ed seka\u010dkou zna\u010dky ISEKI. Jedn\u00e1 se o profesion\u00e1ln\u00ed seka\u010dku, u kter\u00e9 se ko\u0161 vysyp\u00e1v\u00e1 hydraulicky a je tak mo\u017en\u00e9 nasekanou tr\u00e1vu vyklopit rovnou do p\u0159ipraven\u00e9ho kontejneru \u010di vle\u010dky. Byly zakoupeny 2 stroje, jeden pro pot\u0159eby TJ Sokol, druh\u00fd bude m\u00edt vyu\u017eit\u00ed na obci.<\/span><\/div>\n<div style=\"text-align: justify;\">&nbsp;<\/div>\n<div style=\"text-align: justify;\"><span style=\"font-family: helvetica, arial, sans-serif; font-size: 14pt;\">Touto cestou bychom velmi r\u00e1di pod\u011bkovali Obci Kobe\u0159ice za zakoupen\u00ed t\u00e9to nov\u00e9 seka\u010dky. Velmi si toho v\u00e1\u017e\u00edme a douf\u00e1me, \u017ee t\u00edmto dojde ke zkvalitn\u011bn\u00ed p\u00e9\u010de o hrac\u00ed plochy v are\u00e1lu TJ.&nbsp;<\/span><\/div>\n<div>&nbsp;<\/div>\n<div>&nbsp;<\/div>\n<div>&nbsp;<\/div>\n<div><img loading=\"lazy\" decoding=\"async\" class=\"aligncenter wp-image-8176 size-large\" src=\"https:\/\/tjsokolkoberice.cz\/wp-content\/uploads\/2024\/04\/sekacka2-1024x771.jpg\" alt=\"\" width=\"1024\" height=\"771\" srcset=\"https:\/\/tjsokolkoberice.cz\/wp-content\/uploads\/2024\/04\/sekacka2-1024x771.jpg 1024w, https:\/\/tjsokolkoberice.cz\/wp-content\/uploads\/2024\/04\/sekacka2-300x226.jpg 300w, https:\/\/tjsokolkoberice.cz\/wp-content\/uploads\/2024\/04\/sekacka2-768x578.jpg 768w, https:\/\/tjsokolkoberice.cz\/wp-content\/uploads\/2024\/04\/sekacka2-1536x1157.jpg 1536w, https:\/\/tjsokolkoberice.cz\/wp-content\/uploads\/2024\/04\/sekacka2-390x293.jpg 390w, https:\/\/tjsokolkoberice.cz\/wp-content\/uploads\/2024\/04\/sekacka2-250x188.jpg 250w, https:\/\/tjsokolkoberice.cz\/wp-content\/uploads\/2024\/04\/sekacka2-190x143.jpg 190w, https:\/\/tjsokolkoberice.cz\/wp-content\/uploads\/2024\/04\/sekacka2.jpg 2040w\" sizes=\"auto, (max-width:767px) 480px, (max-width:1024px) 100vw, 1024px\" \/><\/div>\n<div>&nbsp;<\/div>\n<div><img loading=\"lazy\" decoding=\"async\" class=\"aligncenter wp-image-8177 size-large\" src=\"https:\/\/tjsokolkoberice.cz\/wp-content\/uploads\/2024\/04\/sekacka3-771x1024.jpg\" alt=\"\" width=\"771\" height=\"1024\" srcset=\"https:\/\/tjsokolkoberice.cz\/wp-content\/uploads\/2024\/04\/sekacka3-771x1024.jpg 771w, https:\/\/tjsokolkoberice.cz\/wp-content\/uploads\/2024\/04\/sekacka3-226x300.jpg 226w, https:\/\/tjsokolkoberice.cz\/wp-content\/uploads\/2024\/04\/sekacka3-768x1020.jpg 768w, https:\/\/tjsokolkoberice.cz\/wp-content\/uploads\/2024\/04\/sekacka3-1157x1536.jpg 1157w, https:\/\/tjsokolkoberice.cz\/wp-content\/uploads\/2024\/04\/sekacka3.jpg 1536w\" sizes=\"auto, (max-width:767px) 480px, (max-width:771px) 100vw, 771px\" \/><\/div>\n<div>&nbsp;<\/div>\n<div><img loading=\"lazy\" decoding=\"async\" class=\"aligncenter wp-image-8178 size-large\" src=\"https:\/\/tjsokolkoberice.cz\/wp-content\/uploads\/2024\/04\/sekacka4-771x1024.jpg\" alt=\"\" width=\"771\" height=\"1024\" srcset=\"https:\/\/tjsokolkoberice.cz\/wp-content\/uploads\/2024\/04\/sekacka4-771x1024.jpg 771w, https:\/\/tjsokolkoberice.cz\/wp-content\/uploads\/2024\/04\/sekacka4-226x300.jpg 226w, https:\/\/tjsokolkoberice.cz\/wp-content\/uploads\/2024\/04\/sekacka4-768x1020.jpg 768w, https:\/\/tjsokolkoberice.cz\/wp-content\/uploads\/2024\/04\/sekacka4-1157x1536.jpg 1157w, https:\/\/tjsokolkoberice.cz\/wp-content\/uploads\/2024\/04\/sekacka4.jpg 1536w\" sizes=\"auto, (max-width:767px) 480px, (max-width:771px) 100vw, 771px\" \/><\/div>\n","protected":false},"excerpt":{"rendered":"<p>TJ Sokol Kobe\u0159ice disponuje novou rota\u010dn\u00ed seka\u010dkou zna\u010dky ISEKI. Jedn\u00e1 se o profesion\u00e1ln\u00ed seka\u010dku, u kter\u00e9 se ko\u0161 vysyp\u00e1v\u00e1 hydraulicky a je tak mo\u017en\u00e9 nasekanou tr\u00e1vu<span class=\"excerpt-hellip\"> [\u2026]<\/span><\/p>\n","protected":false},"author":3,"featured_media":8175,"comment_status":"closed","ping_status":"open","sticky":false,"template":"","format":"standard","meta":{"ngg_post_thumbnail":0,"footnotes":""},"categories":[150],"tags":[],"class_list":["post-8174","post","type-post","status-publish","format-standard","has-post-thumbnail","hentry","category-vse"],"_links":{"self":[{"href":"https:\/\/tjsokolkoberice.cz\/index.php?rest_route=\/wp\/v2\/posts\/8174","targetHints":{"allow":["GET"]}}],"collection":[{"href":"https:\/\/tjsokolkoberice.cz\/index.php?rest_route=\/wp\/v2\/posts"}],"about":[{"href":"https:\/\/tjsokolkoberice.cz\/index.php?rest_route=\/wp\/v2\/types\/post"}],"author":[{"embeddable":true,"href":"https:\/\/tjsokolkoberice.cz\/index.php?rest_route=\/wp\/v2\/users\/3"}],"replies":[{"embeddable":true,"href":"https:\/\/tjsokolkoberice.cz\/index.php?rest_route=%2Fwp%2Fv2%2Fcomments&post=8174"}],"version-history":[{"count":1,"href":"https:\/\/tjsokolkoberice.cz\/index.php?rest_route=\/wp\/v2\/posts\/8174\/revisions"}],"predecessor-version":[{"id":8179,"href":"https:\/\/tjsokolkoberice.cz\/index.php?rest_route=\/wp\/v2\/posts\/8174\/revisions\/8179"}],"wp:featuredmedia":[{"embeddable":true,"href":"https:\/\/tjsokolkoberice.cz\/index.php?rest_route=\/wp\/v2\/media\/8175"}],"wp:attachment":[{"href":"https:\/\/tjsokolkoberice.cz\/index.php?rest_route=%2Fwp%2Fv2%2Fmedia&parent=8174"}],"wp:term":[{"taxonomy":"category","embeddable":true,"href":"https:\/\/tjsokolkoberice.cz\/index.php?rest_route=%2Fwp%2Fv2%2Fcategories&post=8174"},{"taxonomy":"post_tag","embeddable":true,"href":"https:\/\/tjsokolkoberice.cz\/index.php?rest_route=%2Fwp%2Fv2%2Ftags&post=8174"}],"curies":[{"name":"wp","href":"https:\/\/api.w.org\/{rel}","templated":true}]}}