{"id":8273,"date":"2024-07-22T13:27:14","date_gmt":"2024-07-22T12:27:14","guid":{"rendered":"https:\/\/tjsokolkoberice.cz\/?p=8273"},"modified":"2025-10-14T11:47:37","modified_gmt":"2025-10-14T10:47:37","slug":"8273","status":"publish","type":"post","link":"https:\/\/tjsokolkoberice.cz\/?p=8273","title":{"rendered":"Nov\u00e1 hymna TJ Sokol Kobe\u0159ice"},"content":{"rendered":"<p style=\"text-align: justify;\"><span style=\"font-size: 16pt; font-family: helvetica, arial, sans-serif;\"><strong>Nov\u00e1 hymna TJ Sokol Kobe\u0159ice<\/strong><\/span><\/p>\n<p style=\"text-align: justify;\"><span style=\"font-size: 14pt; font-family: helvetica, arial, sans-serif;\">U p\u0159\u00edle\u017eitosti oslav 100 let od zalo\u017een\u00ed TJ Sokol Kobe\u0159ice vznikla nov\u00e1 sokolsk\u00e1 hymna, nahran\u00e1 v \u010dervenci 2024. Na vzniku t\u00e9to skladby se pod\u00edlela \u0159ada lid\u00ed, kte\u0159\u00ed j\u00ed ob\u011btovali spoustu \u010dasu, a\u0165 u\u017e p\u0159i skl\u00e1d\u00e1n\u00ed textu, n\u00e1sledn\u00fdch zkou\u0161k\u00e1ch \u010di samotn\u00e9m nahr\u00e1v\u00e1n\u00ed.<\/span><\/p>\n<p style=\"text-align: justify;\"><span style=\"font-size: 14pt; font-family: helvetica, arial, sans-serif;\">Ve\u0159ejn\u011b zazn\u011bla poprv\u00e9 v ned\u011bli 14.7.2024 v r\u00e1mci Sportovn\u00ed slavnosti. Velk\u00e9 pod\u011bkov\u00e1n\u00ed pat\u0159\u00ed v\u0161em n\u00ed\u017ee zm\u00edn\u011bn\u00fdm, kte\u0159\u00ed se na vzniku nov\u00e9 hymny pod\u00edleli. Zvl\u00e1\u0161tn\u00ed pod\u011bkov\u00e1n\u00ed pak pat\u0159\u00ed Janu Jamesi Mrovcovi za hudebn\u00ed zpracov\u00e1n\u00ed a aran\u017em\u00e1. Douf\u00e1me, \u017ee se nov\u00e1 hymna bude l\u00edbit, a po n\u011bkolik let bude zazn\u00edvat p\u0159i sportovn\u00edch utk\u00e1n\u00edch na na\u0161em h\u0159i\u0161ti!<\/span><\/p>\n<p style=\"text-align: justify;\"><span style=\"font-size: 14pt; font-family: helvetica, arial, sans-serif;\"><strong>Auto\u0159i textu:<\/strong><\/span><\/p>\n<p style=\"text-align: justify;\"><span style=\"font-size: 14pt; font-family: helvetica, arial, sans-serif;\">Mgr. Petr Stuchl\u00edk (sloka 1,2,4), Mgr. Marie Buchtov\u00e1 (sloka 3), Jan James Mrovec (refr\u00e9n)<\/span><\/p>\n<p style=\"text-align: justify;\"><span style=\"font-size: 14pt; font-family: helvetica, arial, sans-serif;\"><strong>Autor hudby, aran\u017em\u00e1:<\/strong> Jan James Mrovec<\/span><\/p>\n<p style=\"text-align: justify;\"><span style=\"font-size: 14pt; font-family: helvetica, arial, sans-serif;\"><strong>Hudebn\u00ed doprovod:<\/strong><\/span><\/p>\n<p style=\"text-align: justify;\"><span style=\"font-size: 14pt; font-family: helvetica, arial, sans-serif;\">Bic\u00ed&nbsp; &nbsp; &nbsp; &nbsp; &nbsp; &nbsp; &nbsp; &nbsp; &nbsp; &nbsp; &nbsp; &nbsp; &nbsp; &nbsp; &nbsp; &nbsp; &nbsp; &nbsp; &nbsp; &nbsp; &nbsp; &nbsp; &nbsp; Adam Fiala<\/span><\/p>\n<p style=\"text-align: justify;\"><span style=\"font-size: 14pt; font-family: helvetica, arial, sans-serif;\">Kl\u00e1vesy&nbsp; &nbsp; &nbsp; &nbsp; &nbsp; &nbsp; &nbsp; &nbsp; &nbsp; &nbsp; &nbsp; &nbsp; &nbsp; &nbsp; &nbsp; &nbsp; &nbsp; &nbsp; &nbsp; &nbsp;Ing. Bed\u0159ich To\u0161er<\/span><\/p>\n<p style=\"text-align: justify;\"><span style=\"font-size: 14pt; font-family: helvetica, arial, sans-serif;\">Kytary&nbsp; &nbsp; &nbsp; &nbsp; &nbsp; &nbsp; &nbsp; &nbsp; &nbsp; &nbsp; &nbsp; &nbsp; &nbsp; &nbsp; &nbsp; &nbsp; &nbsp; &nbsp; &nbsp; &nbsp; &nbsp;Jan James Mrovec, Ji\u0159\u00ed Dihel<\/span><\/p>\n<p style=\"text-align: justify;\"><span style=\"font-size: 14pt; font-family: helvetica, arial, sans-serif;\">Baskytara&nbsp; &nbsp; &nbsp; &nbsp; &nbsp; &nbsp; &nbsp; &nbsp; &nbsp; &nbsp; &nbsp; &nbsp; &nbsp; &nbsp; &nbsp; &nbsp; &nbsp; &nbsp;Franti\u0161ek Kom\u00e1rek<\/span><\/p>\n<p style=\"text-align: justify;\"><span style=\"font-size: 14pt; font-family: helvetica, arial, sans-serif;\">Zp\u011bv&nbsp; &nbsp; &nbsp; &nbsp; &nbsp; &nbsp; &nbsp; &nbsp; &nbsp; &nbsp; &nbsp; &nbsp; &nbsp; &nbsp; &nbsp; &nbsp; &nbsp; &nbsp; &nbsp; &nbsp; &nbsp; &nbsp;Ren\u00e9 Kone\u010dn\u00fd<\/span><\/p>\n<p><span style=\"font-family: helvetica, arial, sans-serif; font-size: 14pt;\">Vok\u00e1ly&nbsp; &nbsp; &nbsp; &nbsp; &nbsp; &nbsp; &nbsp; &nbsp; &nbsp; &nbsp; &nbsp; &nbsp; &nbsp; &nbsp; &nbsp; &nbsp; &nbsp; &nbsp; &nbsp; &nbsp; Ing. Bed\u0159ich To\u0161er, Ji\u0159\u00ed Dihel, Jakub Ko\u010d\u00ed<\/span><\/p>\n<p>&nbsp;<\/p>\n<h3 style=\"text-align: justify; padding-left: 30px;\"><span style=\"font-size: 12pt; font-family: arial, helvetica, sans-serif;\">Nov\u00e1 hymna TJ Sokol Kobe\u0159ice &#8211; audio nahr\u00e1vka<\/span><\/h3>\n<h3 style=\"text-align: justify; padding-left: 30px;\"><span style=\"font-size: 12pt; font-family: arial, helvetica, sans-serif;\">[sc_embed_player_template1 fileurl=&#8220;https:\/\/tjsokolkoberice.cz\/wp-content\/uploads\/2024\/07\/TjSokolKoberice-hymna.mp3&#8243;]<\/span><\/h3>\n<p>&nbsp;<\/p>\n<p><img loading=\"lazy\" decoding=\"async\" class=\"aligncenter wp-image-8269 size-large\" src=\"https:\/\/tjsokolkoberice.cz\/wp-content\/uploads\/2024\/07\/tjsokol-hymna-foto-1024x768.jpg\" alt=\"\" width=\"1024\" height=\"768\" srcset=\"https:\/\/tjsokolkoberice.cz\/wp-content\/uploads\/2024\/07\/tjsokol-hymna-foto-1024x768.jpg 1024w, https:\/\/tjsokolkoberice.cz\/wp-content\/uploads\/2024\/07\/tjsokol-hymna-foto-300x225.jpg 300w, https:\/\/tjsokolkoberice.cz\/wp-content\/uploads\/2024\/07\/tjsokol-hymna-foto-768x576.jpg 768w, https:\/\/tjsokolkoberice.cz\/wp-content\/uploads\/2024\/07\/tjsokol-hymna-foto-1536x1152.jpg 1536w, https:\/\/tjsokolkoberice.cz\/wp-content\/uploads\/2024\/07\/tjsokol-hymna-foto-390x293.jpg 390w, https:\/\/tjsokolkoberice.cz\/wp-content\/uploads\/2024\/07\/tjsokol-hymna-foto-250x188.jpg 250w, https:\/\/tjsokolkoberice.cz\/wp-content\/uploads\/2024\/07\/tjsokol-hymna-foto-190x143.jpg 190w, https:\/\/tjsokolkoberice.cz\/wp-content\/uploads\/2024\/07\/tjsokol-hymna-foto.jpg 1600w\" sizes=\"auto, (max-width:767px) 480px, (max-width:1024px) 100vw, 1024px\" \/><\/p>\n","protected":false},"excerpt":{"rendered":"<p>Nov\u00e1 hymna TJ Sokol Kobe\u0159ice U p\u0159\u00edle\u017eitosti oslav 100 let od zalo\u017een\u00ed TJ Sokol Kobe\u0159ice vznikla nov\u00e1 sokolsk\u00e1 hymna, nahran\u00e1 v \u010dervenci 2024. Na vzniku t\u00e9to<span class=\"excerpt-hellip\"> [\u2026]<\/span><\/p>\n","protected":false},"author":3,"featured_media":7976,"comment_status":"closed","ping_status":"open","sticky":false,"template":"","format":"standard","meta":{"ngg_post_thumbnail":0,"footnotes":""},"categories":[107,150],"tags":[],"class_list":["post-8273","post","type-post","status-publish","format-standard","has-post-thumbnail","hentry","category-fotbal","category-vse"],"_links":{"self":[{"href":"https:\/\/tjsokolkoberice.cz\/index.php?rest_route=\/wp\/v2\/posts\/8273","targetHints":{"allow":["GET"]}}],"collection":[{"href":"https:\/\/tjsokolkoberice.cz\/index.php?rest_route=\/wp\/v2\/posts"}],"about":[{"href":"https:\/\/tjsokolkoberice.cz\/index.php?rest_route=\/wp\/v2\/types\/post"}],"author":[{"embeddable":true,"href":"https:\/\/tjsokolkoberice.cz\/index.php?rest_route=\/wp\/v2\/users\/3"}],"replies":[{"embeddable":true,"href":"https:\/\/tjsokolkoberice.cz\/index.php?rest_route=%2Fwp%2Fv2%2Fcomments&post=8273"}],"version-history":[{"count":4,"href":"https:\/\/tjsokolkoberice.cz\/index.php?rest_route=\/wp\/v2\/posts\/8273\/revisions"}],"predecessor-version":[{"id":8280,"href":"https:\/\/tjsokolkoberice.cz\/index.php?rest_route=\/wp\/v2\/posts\/8273\/revisions\/8280"}],"wp:featuredmedia":[{"embeddable":true,"href":"https:\/\/tjsokolkoberice.cz\/index.php?rest_route=\/wp\/v2\/media\/7976"}],"wp:attachment":[{"href":"https:\/\/tjsokolkoberice.cz\/index.php?rest_route=%2Fwp%2Fv2%2Fmedia&parent=8273"}],"wp:term":[{"taxonomy":"category","embeddable":true,"href":"https:\/\/tjsokolkoberice.cz\/index.php?rest_route=%2Fwp%2Fv2%2Fcategories&post=8273"},{"taxonomy":"post_tag","embeddable":true,"href":"https:\/\/tjsokolkoberice.cz\/index.php?rest_route=%2Fwp%2Fv2%2Ftags&post=8273"}],"curies":[{"name":"wp","href":"https:\/\/api.w.org\/{rel}","templated":true}]}}