{"id":8297,"date":"2024-07-30T10:17:06","date_gmt":"2024-07-30T09:17:06","guid":{"rendered":"https:\/\/tjsokolkoberice.cz\/?p=8297"},"modified":"2025-10-14T11:47:37","modified_gmt":"2025-10-14T10:47:37","slug":"o-vikendu-zacne-novy-rocnik-krajskeho-preboru-muzu","status":"publish","type":"post","link":"https:\/\/tjsokolkoberice.cz\/?p=8297","title":{"rendered":"O v\u00edkendu za\u010dne nov\u00fd ro\u010dn\u00edk krajsk\u00e9ho p\u0159eboru mu\u017e\u016f"},"content":{"rendered":"<p style=\"text-align: justify;\"><span style=\"font-family: helvetica, arial, sans-serif; font-size: 14pt;\"><strong>O v\u00edkendu za\u010dne nov\u00fd ro\u010dn\u00edk krajsk\u00e9ho p\u0159eboru mu\u017e\u016f<\/strong><\/span><\/p>\n<p style=\"text-align: justify;\"><span style=\"font-family: helvetica, arial, sans-serif; font-size: 12pt;\">O nadch\u00e1zej\u00edc\u00edm v\u00edkendu za\u010dne pro na\u0161e A mu\u017estvo nov\u00e1 sez\u00f3na v&nbsp;krajsk\u00e9m p\u0159eboru. \u00davodn\u00ed utk\u00e1n\u00ed sehrajeme <strong>v sobotu 3.8.2024 od 17 hod. v Bru\u0161perku.<\/strong><\/span><\/p>\n<p style=\"text-align: justify;\"><span style=\"font-family: helvetica, arial, sans-serif; font-size: 12pt;\">B\u011bhem kr\u00e1tk\u00e9 letn\u00ed p\u0159\u00edpravy do\u0161lo ke zm\u011bn\u011b na pozici hlavn\u00edho tren\u00e9ra, kter\u00fdm se stal Ond\u0159ej Ficek. Mu\u017estvo sehr\u00e1lo celkem t\u0159i p\u0159\u00edpravn\u00e1 utk\u00e1n\u00ed. Nejprve jsme porazili v&nbsp;r\u00e1mci Sportovn\u00ed slavnosti Krava\u0159e 2:1, pot\u00e9 jsme zv\u00edt\u011bzili vysoko 11:0 se \u0160t\u011bp\u00e1nkovicemi a v gener\u00e1lce jsme p\u0159ehr\u00e1li Chlebi\u010dov 3:0.<\/span><\/p>\n<p style=\"text-align: justify;\"><span style=\"font-family: helvetica, arial, sans-serif; font-size: 12pt;\">Krajsk\u00fd p\u0159ebor opustily po minul\u00e9 sez\u00f3n\u011b Doln\u00ed Bene\u0161ov a Old\u0159i\u0161ov, kte\u0159\u00ed sestoupili do 1.A t\u0159\u00eddy. Do divize postoupila Pust\u00e1 Polom a Pet\u0159vald na Morav\u011b. Nov\u00fdmi celky v krajsk\u00e9m p\u0159eboru jsou Darkovi\u010dky, Ra\u0161kovice a Star\u00e9 M\u011bsto u Fr\u00fddku M\u00edstku.<\/span><\/p>\n<p style=\"text-align: justify;\"><span style=\"font-family: helvetica, arial, sans-serif; font-size: 12pt;\">V&nbsp;k\u00e1dru na\u0161eho mu\u017estva do\u0161lo k&nbsp;n\u011bkolika zm\u011bn\u00e1m. S&nbsp;fotbalem skon\u010dil Petr Stuchl\u00edk, Oliver Hartmann ode\u0161el do Old\u0159i\u0161ova a \u0160t\u011bp\u00e1n St\u0159\u00edbn\u00fd zam\u00ed\u0159il do Rakouska. Novici v&nbsp;k\u00e1dru jsou Alan Sotorn\u00edk, kter\u00fd se vr\u00e1til z&nbsp;M\u011bsta Albrechtice a Tom\u00e1\u0161 Nov\u00e1\u010dek, kter\u00fd p\u0159i\u0161el po konci v&nbsp;opavsk\u00e9m dorostu. Sv\u016fj prostor v&nbsp;p\u0159\u00edprav\u011b dostali tak\u00e9 na\u0161i nad\u011bjn\u00ed dorostenci Pavlovi\u010d, Slanina, Hant\u00e1k, Gross, Tom\u00ed\u010dek, Breksa a St\u0159\u00edbn\u00fd Vojta.<\/span><\/p>\n<p style=\"text-align: justify;\"><span style=\"font-family: helvetica, arial, sans-serif; font-size: 12pt;\">P\u0159ejeme na\u0161im hr\u00e1\u010d\u016fm \u00fasp\u011b\u0161n\u00fd vstup do nov\u00e9ho ro\u010dn\u00edku krajsk\u00e9ho p\u0159eboru. Prvn\u00ed dom\u00e1c\u00ed utk\u00e1n\u00ed sehraj\u00ed <strong>v&nbsp;ned\u011bli 11. srpna od 17 hodin doma proti He\u0159manic\u00edm. <\/strong>Na toto utk\u00e1n\u00ed V\u00e1s srde\u010dn\u011b zveme!<\/span><\/p>\n<p style=\"text-align: justify;\"><span style=\"font-family: helvetica, arial, sans-serif; font-size: 12pt;\">Kobe\u0159ice do toho!<\/span><\/p>\n","protected":false},"excerpt":{"rendered":"<p>O v\u00edkendu za\u010dne nov\u00fd ro\u010dn\u00edk krajsk\u00e9ho p\u0159eboru mu\u017e\u016f O nadch\u00e1zej\u00edc\u00edm v\u00edkendu za\u010dne pro na\u0161e A mu\u017estvo nov\u00e1 sez\u00f3na v&nbsp;krajsk\u00e9m p\u0159eboru. \u00davodn\u00ed utk\u00e1n\u00ed sehrajeme v sobotu 3.8.2024<span class=\"excerpt-hellip\"> [\u2026]<\/span><\/p>\n","protected":false},"author":3,"featured_media":8005,"comment_status":"closed","ping_status":"open","sticky":false,"template":"","format":"standard","meta":{"ngg_post_thumbnail":0,"footnotes":""},"categories":[115,107],"tags":[],"class_list":["post-8297","post","type-post","status-publish","format-standard","has-post-thumbnail","hentry","category-a-tym","category-fotbal"],"_links":{"self":[{"href":"https:\/\/tjsokolkoberice.cz\/index.php?rest_route=\/wp\/v2\/posts\/8297","targetHints":{"allow":["GET"]}}],"collection":[{"href":"https:\/\/tjsokolkoberice.cz\/index.php?rest_route=\/wp\/v2\/posts"}],"about":[{"href":"https:\/\/tjsokolkoberice.cz\/index.php?rest_route=\/wp\/v2\/types\/post"}],"author":[{"embeddable":true,"href":"https:\/\/tjsokolkoberice.cz\/index.php?rest_route=\/wp\/v2\/users\/3"}],"replies":[{"embeddable":true,"href":"https:\/\/tjsokolkoberice.cz\/index.php?rest_route=%2Fwp%2Fv2%2Fcomments&post=8297"}],"version-history":[{"count":2,"href":"https:\/\/tjsokolkoberice.cz\/index.php?rest_route=\/wp\/v2\/posts\/8297\/revisions"}],"predecessor-version":[{"id":8299,"href":"https:\/\/tjsokolkoberice.cz\/index.php?rest_route=\/wp\/v2\/posts\/8297\/revisions\/8299"}],"wp:featuredmedia":[{"embeddable":true,"href":"https:\/\/tjsokolkoberice.cz\/index.php?rest_route=\/wp\/v2\/media\/8005"}],"wp:attachment":[{"href":"https:\/\/tjsokolkoberice.cz\/index.php?rest_route=%2Fwp%2Fv2%2Fmedia&parent=8297"}],"wp:term":[{"taxonomy":"category","embeddable":true,"href":"https:\/\/tjsokolkoberice.cz\/index.php?rest_route=%2Fwp%2Fv2%2Fcategories&post=8297"},{"taxonomy":"post_tag","embeddable":true,"href":"https:\/\/tjsokolkoberice.cz\/index.php?rest_route=%2Fwp%2Fv2%2Ftags&post=8297"}],"curies":[{"name":"wp","href":"https:\/\/api.w.org\/{rel}","templated":true}]}}