{"id":8355,"date":"2024-10-18T10:31:05","date_gmt":"2024-10-18T09:31:05","guid":{"rendered":"https:\/\/tjsokolkoberice.cz\/?p=8355"},"modified":"2025-10-14T11:47:20","modified_gmt":"2025-10-14T10:47:20","slug":"vysledky-minuleho-tydne-20","status":"publish","type":"post","link":"https:\/\/tjsokolkoberice.cz\/?p=8355","title":{"rendered":"V\u00fdsledky minul\u00e9ho t\u00fddne"},"content":{"rendered":"<h2 style=\"text-align: justify;\"><span style=\"font-size: 14pt; font-family: helvetica, arial, sans-serif;\"><strong>Mu\u017ei A obrali H\u00e1j<\/strong><\/span><\/h2>\n<p style=\"text-align: justify;\"><span style=\"font-size: 12pt; font-family: helvetica, arial, sans-serif;\">Sobota 12.10.2024<strong>&nbsp;<\/strong><\/span><\/p>\n<p style=\"text-align: justify;\"><span style=\"font-size: 12pt; font-family: helvetica, arial, sans-serif;\"><strong>H\u00e1j ve Slezsku \u2013 Kobe\u0159ice 0:2 (0:1)<\/strong><\/span><\/p>\n<p style=\"text-align: justify;\"><span style=\"font-size: 12pt; font-family: helvetica, arial, sans-serif;\">V r\u00e1mci krajsk\u00e9ho p\u0159eboru se uskute\u010dnilo i region\u00e1ln\u00ed derby mezi H\u00e1jem ve Slezsku a Kobe\u0159icemi. Host\u00e9 o v\u00edkendu nav\u00e1zali na \u00fatern\u00ed p\u011btig\u00f3lovou kanon\u00e1du v Ra\u0161kovic\u00edch.<\/span><\/p>\n<p style=\"text-align: justify;\"><span style=\"font-size: 12pt; font-family: helvetica, arial, sans-serif;\">Kobe\u0159ice mohly sk\u00f3rovat hned v \u00favodu, kdy\u017e vyslal Hartmann do n\u00e1jezdu Adama \u0160ime\u010dka, kter\u00fd sice obelstil g\u00f3lmana Nem\u010deka p\u011bkn\u00fdm blaf\u00e1kem, ale na brankov\u00e9 \u010d\u00e1\u0159e \u00fa\u0159adoval M\u00ed\u0161anec. Pot\u00e9 dvakr\u00e1t zahrozil H\u00e1j, jen\u017ee Michna s Er\u0161ilem slibn\u00e9 p\u0159\u00edle\u017eitosti neprom\u011bnili. P\u0159i r\u00e1n\u011b h\u00e1jeck\u00e9ho kapit\u00e1na Er\u0161ila dokonce zacinkala ty\u010dka. Ve 34. minut\u011b tak ude\u0159ily Kobe\u0159ice, kdy\u017e si \u0160evior nasko\u010dil na roh Kry\u0161tofa a dokonale zmrazil hostuj\u00edc\u00ed lavi\u010dku &#8211; 0:1.<\/span><\/p>\n<p style=\"text-align: justify;\"><span style=\"font-size: 12pt; font-family: helvetica, arial, sans-serif;\">Definitivn\u011b se chleba l\u00e1mal po hodin\u011b z\u00e1pasu. Unikaj\u00edc\u00edho Adama \u0160ime\u010dka toti\u017e sejmul jeho jmenovec Vojt\u011bch \u0160ime\u010dek a vyfasoval \u010dervenou kartu. Nav\u00edc se jednalo o dvojn\u00e1sobn\u00fd trest, proto\u017ee z n\u00e1sledn\u00e9ho p\u0159\u00edm\u00e1ku zvy\u0161oval Ka\u0161n\u00fd na 0:2.<\/span><\/p>\n<p style=\"text-align: justify;\"><span style=\"font-size: 12pt; font-family: helvetica, arial, sans-serif;\">\u201eByl to celkem vyrovnan\u00fd z\u00e1pas bez v\u011bt\u0161\u00edch \u0161anc\u00ed. Soupe\u0159 hrozil ze standardn\u00edch situac\u00ed a po rohu \u0161el do veden\u00ed. Ve druh\u00e9 p\u016fli jsme cht\u011bli b\u00fdt aktivn\u00ed, ale na\u0161e pl\u00e1ny p\u0159ekazilo vylou\u010den\u00ed, po n\u011bm\u017e jsme nav\u00edc hned inkasovali,&#8220; popisoval asistent h\u00e1jeck\u00e9ho tren\u00e9ra Michal Vyle\u017e\u00edk.<\/span><\/p>\n<p style=\"text-align: justify;\"><span style=\"font-size: 12pt; font-family: helvetica, arial, sans-serif;\">Kobe\u0159ick\u00fd kou\u010d Ond\u0159ej Ficek m\u011bl lep\u0161\u00ed n\u00e1ladu. \u201e\u0160lo o vyrovnan\u00e9 utk\u00e1n\u00ed, v n\u011bm\u017e se soupe\u0159 sna\u017eil zlobit po rychl\u00fdch k\u0159\u00eddlech, ale my jsme tentokr\u00e1t sm\u011brem dozadu pracovali perfektn\u011b. Jen si mysl\u00edm, \u017ee jsme z\u00e1pas mohli dohr\u00e1t ve v\u011bt\u0161\u00edm klidu,&#8220; doplnil Ond\u0159ej Ficek. (zdroj Region Opavsko)<\/span><\/p>\n<p style=\"text-align: justify;\"><span style=\"font-size: 12pt; font-family: helvetica, arial, sans-serif;\"><strong>Branky:<\/strong> 34. \u0160evior, 60. Ka\u0161n\u00fd.<\/span><\/p>\n<p style=\"text-align: justify;\"><span style=\"font-size: 12pt; font-family: helvetica, arial, sans-serif;\"><strong>Rozhod\u010d\u00ed:<\/strong> \u0160vec \u2013 Vojkovsk\u00fd, \u0160i\u0161t\u00edk.&nbsp;<\/span><\/p>\n<p style=\"text-align: justify;\"><span style=\"font-size: 12pt; font-family: helvetica, arial, sans-serif;\"><strong>\u017dK:<\/strong> Er\u0161il, Jan\u010d\u00edk \u2013 Schlischka, Nov\u00e1\u010dek, Hartmann.&nbsp;<\/span><\/p>\n<p style=\"text-align: justify;\"><span style=\"font-size: 12pt; font-family: helvetica, arial, sans-serif;\"><strong>\u010cK:<\/strong> \u0160ime\u010dek V.<\/span><\/p>\n<p style=\"text-align: justify;\"><span style=\"font-size: 12pt; font-family: helvetica, arial, sans-serif;\"><strong>Div\u00e1ci:<\/strong> 124.<\/span><\/p>\n<p style=\"text-align: justify;\"><span style=\"font-size: 12pt; font-family: helvetica, arial, sans-serif;\"><strong>Sestava Kobe\u0159ic<\/strong>: Pavlovi\u010d \u2013 Schlischka, \u0160evior, Stare\u010dek \u2013 Kry\u0161tof (86. Petzuch), Wirth, Ka\u0161n\u00fd (76. Kolar\u010dik), Slanina (61. Nov\u00e1\u010dek) Hartmann, Stuchl\u00edk (61. Ve\u010derek), \u0160ime\u010dek. Tren\u00e9r: Ond\u0159ej&nbsp;Ficek.<\/span><\/p>\n<p style=\"text-align: justify;\">&nbsp;<\/p>\n<p style=\"text-align: justify;\"><span style=\"font-size: 12pt; font-family: helvetica, arial, sans-serif;\">Sobota 12.10. 2024<\/span><\/p>\n<p style=\"text-align: justify;\"><span style=\"font-size: 12pt; font-family: helvetica, arial, sans-serif;\"><strong>B mu\u017ei \u2013 Ha\u0165 B&nbsp; 8:0 (4:0) <\/strong><\/span><\/p>\n<p style=\"text-align: justify;\"><span style=\"font-size: 12pt; font-family: helvetica, arial, sans-serif;\"><strong>Branky: <\/strong>4. Slanina O.,10. Kubn\u00fd M., 36., 79. Moravec, 42. Hahn, 77. Stuchl\u00edk, 82. Latka (p), 85. Jur\u010dek<\/span><\/p>\n<p style=\"text-align: justify;\"><span style=\"font-size: 12pt; font-family: helvetica, arial, sans-serif;\"><strong>Sestava<\/strong>: St\u0159\u00edbn\u00fd, Kretek, Halfar, Christoph, Kubn\u00fd M., Biel\u00e1k, Stuchl\u00edk, Latka, Jur\u010dek L., Kov\u00e1\u0159, Slanina O.<\/span><\/p>\n<p style=\"text-align: justify;\"><span style=\"font-size: 12pt; font-family: helvetica, arial, sans-serif;\"><strong>St\u0159\u00eddali<\/strong>: Mrovec, Las\u00e1k, Moravec, Kubn\u00fd D., Hahn, Poni\u0161t, Grigar\u010d\u00edk<\/span><\/p>\n<p style=\"text-align: justify;\">&nbsp;<\/p>\n<p style=\"text-align: justify;\"><span style=\"font-size: 12pt; font-family: helvetica, arial, sans-serif;\">Ned\u011ble 13.10.2024<\/span><\/p>\n<h4 style=\"text-align: justify;\"><span style=\"font-size: 12pt; font-family: helvetica, arial, sans-serif;\"><strong>Brunt\u00e1l \u2013 Dorost&nbsp;&nbsp; 0:1 (0:1) <\/strong><\/span><\/h4>\n<p style=\"text-align: justify;\"><span style=\"font-size: 12pt; font-family: helvetica, arial, sans-serif;\"><strong>Branky<\/strong>: 17. Birtek<\/span><\/p>\n<p style=\"text-align: justify;\"><span style=\"font-size: 12pt; font-family: helvetica, arial, sans-serif;\"><strong>Sestava<\/strong>: Pavlovi\u010d, Breksa, V\u00e1clav\u00edk A., Gross, Kubn\u00fd D., St\u0159ibn\u00fd V., Mrva, Hanzl\u00edk, Birtek, Lipnick\u00fd, Tom\u00ed\u010dek<\/span><\/p>\n<p style=\"text-align: justify;\"><span style=\"font-size: 12pt; font-family: helvetica, arial, sans-serif;\"><strong>St\u0159\u00eddali<\/strong>: Pa\u0161ek, Slanina, Cziepl\u00fd, St\u0159\u00edbn\u00fd V., Poni\u0161t, Grigar\u010d\u00edk<\/span><\/p>\n<p style=\"text-align: justify;\"><span style=\"font-size: 12pt; font-family: helvetica, arial, sans-serif;\">Sobota 12.10. 2024<\/span><\/p>\n<h4 style=\"text-align: justify;\">&nbsp;<\/h4>\n<h4 style=\"text-align: justify;\"><span style=\"font-size: 12pt; font-family: helvetica, arial, sans-serif;\"><strong>St. \u017e\u00e1ci \u2013 Brunt\u00e1l B 8:3 (5:0)<\/strong><\/span><\/h4>\n<h4 style=\"text-align: justify;\"><span style=\"font-size: 12pt; font-family: helvetica, arial, sans-serif;\">Branky: 7., 16., 19., 49., 78. St\u0159\u00edbn\u00fd,&nbsp; 33. Sedl\u00e1\u010dek, 40. Schweidler, 65. Wr\u00f3blewski<\/span><\/h4>\n<p style=\"text-align: justify;\"><span style=\"font-size: 12pt; font-family: helvetica, arial, sans-serif;\"><strong>Sestava<\/strong>: Malch\u00e1rek, Pla\u010dek, Hartmann, St\u0159\u00edbn\u00fd V., Herudek, Schweidler, \u010cern\u00fd, Walker, Litzka, Meleck\u00fd M., Kry\u0161tof<\/span><\/p>\n<p style=\"text-align: justify;\"><span style=\"font-size: 12pt; font-family: helvetica, arial, sans-serif;\"><strong>N\u00e1hradn\u00edci: <\/strong>Mrovec, Herich, Krettek, B\u0159emek, Sedl\u00e1\u010dek, Sitta<\/span><\/p>\n<p style=\"text-align: justify;\">&nbsp;<\/p>\n<h4 style=\"text-align: justify;\"><span style=\"font-size: 12pt; font-family: helvetica, arial, sans-serif;\"><strong>Ml. \u017e\u00e1ci \u2013 Brunt\u00e1l B 1:7 (1:5) <\/strong><\/span><\/h4>\n<p style=\"text-align: justify;\"><span style=\"font-size: 12pt; font-family: helvetica, arial, sans-serif;\"><strong>Branky: <\/strong>31. Bialas<\/span><\/p>\n<p style=\"text-align: justify;\"><span style=\"font-size: 12pt; font-family: helvetica, arial, sans-serif;\"><strong>Sestava<\/strong>: Kamr\u00e1d, St\u0159\u00edbn\u00fd, Juchelka, Nev\u0159elov\u00e1, Ja\u0161ek, Valer, Letzi\u00e1n, V\u00e1clav\u00edkov\u00e1, Vyb\u00edral, \u017d\u00eddkov\u00e1, Bialas<\/span><\/p>\n<p style=\"text-align: justify;\"><span style=\"font-size: 12pt; font-family: helvetica, arial, sans-serif;\"><strong>N\u00e1hradn\u00edci:<\/strong> Jirgala, Balarin, Dejmek, Vidl\u00e1kov\u00e1, Kone\u010dn\u00fd<\/span><\/p>\n<p style=\"text-align: justify;\">&nbsp;<\/p>\n<p>[cs_button button_size=&#8220;btn-lg&#8220; button_title=&#8220;Mu\u017ei A&#8220; button_link=&#8220;https:\/\/www.fotbal.cz\/souteze\/turnaje\/hlavni\/e62826bf-ed9a-488f-8aab-a6d4d6113506&#8243; button_border=&#8220;yes&#8220; =&#8220;null&#8220; button_icon=&#8220;icon-th&#8220; button_icon_position=&#8220;left&#8220; button_type=&#8220;rectangle&#8220; button_target=&#8220;_blank&#8220;][cs_button button_size=&#8220;btn-lg&#8220; button_title=&#8220;Mu\u017ei B&#8220; button_link=&#8220;https:\/\/www.fotbal.cz\/souteze\/turnaje\/hlavni\/d6fc7cea-c8db-469e-94c1-bd6e1ff5aad8&#8243; button_border=&#8220;yes&#8220; =&#8220;null&#8220; button_icon=&#8220;icon-th&#8220; button_icon_position=&#8220;left&#8220; button_type=&#8220;rectangle&#8220; button_target=&#8220;_blank&#8220;][cs_button button_size=&#8220;btn-lg&#8220; button_title=&#8220;Dorost&#8220; button_link=&#8220;https:\/\/www.fotbal.cz\/souteze\/turnaje\/hlavni\/daef9305-625b-44ff-95ce-73052a58f56a&#8220; button_border=&#8220;yes&#8220; =&#8220;null&#8220; button_icon=&#8220;icon-th&#8220; button_icon_position=&#8220;left&#8220; button_type=&#8220;rectangle&#8220; button_target=&#8220;_blank&#8220;][cs_button button_size=&#8220;btn-lg&#8220; button_title=&#8220;Star\u0161\u00ed \u017e\u00e1ci&#8220; button_link=&#8220;https:\/\/www.fotbal.cz\/souteze\/turnaje\/hlavni\/f69032eb-36bf-4e80-a8e4-348921684309&#8243; button_border=&#8220;yes&#8220; =&#8220;null&#8220; button_icon=&#8220;icon-th&#8220; button_icon_position=&#8220;left&#8220; button_type=&#8220;rectangle&#8220; button_target=&#8220;_blank&#8220;][cs_button button_size=&#8220;btn-lg&#8220; button_title=&#8220;Mlad\u0161\u00ed \u017e\u00e1ci&#8220; button_link=&#8220;https:\/\/www.fotbal.cz\/souteze\/turnaje\/hlavni\/7880daba-a312-44d1-acc3-4774320a130b&#8220; button_border=&#8220;yes&#8220; =&#8220;null&#8220; button_icon=&#8220;icon-th&#8220; button_icon_position=&#8220;left&#8220; button_type=&#8220;rectangle&#8220; button_target=&#8220;_blank&#8220;][cs_button button_size=&#8220;btn-lg&#8220; button_title=&#8220;St. p\u0159\u00edpravka&#8220; button_link=&#8220;https:\/\/www.fotbal.cz\/souteze\/turnaje\/hlavni\/f9fd4d80-ae23-46e3-b743-0109b37c18a5&#8243; button_border=&#8220;yes&#8220; =&#8220;null&#8220; button_icon=&#8220;icon-th&#8220; button_icon_position=&#8220;left&#8220; button_type=&#8220;rectangle&#8220; button_target=&#8220;_blank&#8220;][cs_button button_size=&#8220;btn-lg&#8220; button_title=&#8220;Ml. p\u0159\u00edpravka&#8220; button_link=&#8220;https:\/\/www.fotbal.cz\/souteze\/turnaje\/hlavni\/a514e591-3dac-4350-af0a-f655e3d4f268&#8243; button_border=&#8220;yes&#8220; =&#8220;null&#8220; button_icon=&#8220;icon-th&#8220; button_icon_position=&#8220;left&#8220; button_type=&#8220;rectangle&#8220; button_target=&#8220;_blank&#8220;]<\/p>\n","protected":false},"excerpt":{"rendered":"<p>Mu\u017ei A obrali H\u00e1j Sobota 12.10.2024&nbsp; H\u00e1j ve Slezsku \u2013 Kobe\u0159ice 0:2 (0:1) V r\u00e1mci krajsk\u00e9ho p\u0159eboru se uskute\u010dnilo i region\u00e1ln\u00ed derby mezi H\u00e1jem ve Slezsku<span class=\"excerpt-hellip\"> [\u2026]<\/span><\/p>\n","protected":false},"author":3,"featured_media":8005,"comment_status":"closed","ping_status":"open","sticky":false,"template":"","format":"standard","meta":{"ngg_post_thumbnail":0,"footnotes":""},"categories":[115,112,110,107,117,111],"tags":[],"class_list":["post-8355","post","type-post","status-publish","format-standard","has-post-thumbnail","hentry","category-a-tym","category-b-tym","category-dorost","category-fotbal","category-mladsi-zaci","category-starsi-zaci"],"_links":{"self":[{"href":"https:\/\/tjsokolkoberice.cz\/index.php?rest_route=\/wp\/v2\/posts\/8355","targetHints":{"allow":["GET"]}}],"collection":[{"href":"https:\/\/tjsokolkoberice.cz\/index.php?rest_route=\/wp\/v2\/posts"}],"about":[{"href":"https:\/\/tjsokolkoberice.cz\/index.php?rest_route=\/wp\/v2\/types\/post"}],"author":[{"embeddable":true,"href":"https:\/\/tjsokolkoberice.cz\/index.php?rest_route=\/wp\/v2\/users\/3"}],"replies":[{"embeddable":true,"href":"https:\/\/tjsokolkoberice.cz\/index.php?rest_route=%2Fwp%2Fv2%2Fcomments&post=8355"}],"version-history":[{"count":2,"href":"https:\/\/tjsokolkoberice.cz\/index.php?rest_route=\/wp\/v2\/posts\/8355\/revisions"}],"predecessor-version":[{"id":8357,"href":"https:\/\/tjsokolkoberice.cz\/index.php?rest_route=\/wp\/v2\/posts\/8355\/revisions\/8357"}],"wp:featuredmedia":[{"embeddable":true,"href":"https:\/\/tjsokolkoberice.cz\/index.php?rest_route=\/wp\/v2\/media\/8005"}],"wp:attachment":[{"href":"https:\/\/tjsokolkoberice.cz\/index.php?rest_route=%2Fwp%2Fv2%2Fmedia&parent=8355"}],"wp:term":[{"taxonomy":"category","embeddable":true,"href":"https:\/\/tjsokolkoberice.cz\/index.php?rest_route=%2Fwp%2Fv2%2Fcategories&post=8355"},{"taxonomy":"post_tag","embeddable":true,"href":"https:\/\/tjsokolkoberice.cz\/index.php?rest_route=%2Fwp%2Fv2%2Ftags&post=8355"}],"curies":[{"name":"wp","href":"https:\/\/api.w.org\/{rel}","templated":true}]}}