{"id":8393,"date":"2024-11-08T20:27:12","date_gmt":"2024-11-08T19:27:12","guid":{"rendered":"https:\/\/tjsokolkoberice.cz\/?p=8393"},"modified":"2025-10-14T11:47:20","modified_gmt":"2025-10-14T10:47:20","slug":"vysledky-minuleho-tydne-23","status":"publish","type":"post","link":"https:\/\/tjsokolkoberice.cz\/?p=8393","title":{"rendered":"V\u00fdsledky minul\u00e9ho t\u00fddne"},"content":{"rendered":"<p style=\"text-align: justify;\"><span style=\"font-size: 14pt; font-family: helvetica, arial, sans-serif;\"><strong>Kobe\u0159ice se radovaly<\/strong><\/span><\/p>\n<p style=\"text-align: justify;\"><span style=\"font-size: 12pt; font-family: helvetica, arial, sans-serif;\">Sobota 2.11.2024<\/span><\/p>\n<p style=\"text-align: justify;\"><span style=\"font-size: 12pt; font-family: helvetica, arial, sans-serif;\"><strong>&nbsp;Kr\u00e1sn\u00e9 Pole \u2013 Kobe\u0159ice 2:4 (0:1)<\/strong><\/span><\/p>\n<p style=\"text-align: justify;\"><span style=\"font-size: 12pt; font-family: helvetica, arial, sans-serif;\">&nbsp;Kobe\u0159ice v p\u0159edchoz\u00edm kole nesta\u010dily na tabulkov\u00e9ho l\u00eddra z \u010cesk\u00e9ho T\u011b\u0161\u00edna, tak\u017ee proti Kr\u00e1sn\u00e9mu Poli si cht\u011bly spravit n\u00e1ladu. V Ostrav\u011b p\u0159edvedly solidn\u00ed v\u00fdkon, co\u017e jim bohat\u011b sta\u010dilo na pln\u00fd bodov\u00fd zisk. Dv\u011bma brankami se bl\u00fdskl hostuj\u00edc\u00ed kapit\u00e1n \u0160ime\u010dek.<\/span><\/p>\n<p style=\"text-align: justify;\"><span style=\"font-size: 12pt; font-family: helvetica, arial, sans-serif;\">Prvn\u00ed polo\u010das moc zaj\u00edmav\u00fdch moment\u016f nenab\u00eddl. V\u00fdjimkou samoz\u0159ejm\u011b byla situace z 29. minuty, kdy poslal Kolar\u010dik pr\u016fnikov\u00fd pas na \u0160ime\u010dka, kter\u00fd zachoval pevn\u00e9 nervy &#8211; 0:1. Kr\u00e1tce po p\u0159est\u00e1vce z\u00edskal Wirth balon pro Hartmanna, kter\u00fd uvolnil \u0160ime\u010dka a ten si st\u0159ihl g\u00f3lov\u00e9 op\u00e1\u010dko &#8211; 0:2.<\/span><\/p>\n<p style=\"text-align: justify;\"><span style=\"font-size: 12pt; font-family: helvetica, arial, sans-serif;\">Kr\u00e1sn\u00e9 Pole ov\u0161em neh\u00e1zelo flintu do \u017eita. O n\u011bkolik sekund pozd\u011bji se toti\u017e po standardce prosadil \u0160ev\u010d\u00edk 1:2. V 63. minut\u011b si v\u0161ak Hartmann prohodil role s \u0160ime\u010dkem a upravil na 1:3. Necelou \u010dtvrthodinku p\u0159ed z\u00e1v\u011bre\u010dn\u00fdm hvizdem nap\u0159\u00e1hl z rohu \u0161estn\u00e1ctky \u0160ev\u010d\u00edk a n\u00e1dhernou ranou vymetl \u0161ibenici 2:3. Pojistku mohl obstarat Petzuch, jen\u017ee s\u00f3lov\u00fd n\u00e1jezd pokazil. Host\u00e9 se tak definitivn\u011b uklidnili a\u017e v 86. minut\u011b. Nov\u00e1\u010dek utekl po k\u0159\u00eddle a na\u0161el ve v\u00e1pn\u011b Wirtha, kter\u00fd pe\u010detil na v\u00fdsledn\u00fdch 2:4.<\/span><\/p>\n<p style=\"text-align: justify;\"><span style=\"font-size: 12pt; font-family: helvetica, arial, sans-serif;\">&nbsp;\u201eNebylo to jednoduch\u00e9 utk\u00e1n\u00ed, proto\u017ee jsme nastoupili proti velice bojovn\u00e9mu soupe\u0159i. Hodn\u011b se mi l\u00edbil n\u00e1\u0161 v\u00fdkon v prvn\u00edm polo\u010dase, kdy jsme Kr\u00e1sn\u00e9 Pole k ni\u010demu nepustili. Po p\u0159est\u00e1vce u\u017e se to p\u0159el\u00e9valo z jedn\u00e9 strany na druhou, ale podle m\u011b jsme zv\u00edt\u011bzili zaslou\u017een\u011b,\u201c konstatoval kobe\u0159ick\u00fd taktik Ond\u0159ej Ficek. (zdroj Region Opavsko)<\/span><\/p>\n<p style=\"text-align: justify;\">&nbsp;<\/p>\n<p style=\"text-align: justify;\"><span style=\"font-size: 12pt; font-family: helvetica, arial, sans-serif;\"><strong>Branky:<\/strong> 54. a 78. \u0160ev\u010d\u00edk &#8211; 29. a 52. \u0160ime\u010dek, 63. Hartmann, 86. Wirth.<\/span><\/p>\n<p style=\"text-align: justify;\"><span style=\"font-size: 12pt; font-family: helvetica, arial, sans-serif;\"><strong>Rozhod\u010d\u00ed:<\/strong> Tom\u0161\u00edk \u2013 Ra\u017en\u00fd, Seidler<\/span><\/p>\n<p style=\"text-align: justify;\"><span style=\"font-size: 12pt; font-family: helvetica, arial, sans-serif;\"><strong>\u017dK:<\/strong> Indra, \u0160vancara, Ra\u0161ner<\/span><\/p>\n<p style=\"text-align: justify;\"><span style=\"font-size: 12pt; font-family: helvetica, arial, sans-serif;\"><strong>Div\u00e1ci:<\/strong> 53.<\/span><\/p>\n<p style=\"text-align: justify;\"><span style=\"font-size: 12pt; font-family: helvetica, arial, sans-serif;\"><strong>Sestava Kobe\u0159ic<\/strong>: \u0160tencel \u2013 Ve\u010derek, \u0160evior, Stare\u010dek Schlischka (63. Nov\u00e1\u010dek), Petzuch (63. Kry\u0161tof), Wirth, Kolar\u010dik, Stuchl\u00edk (70. Kraut) &#8211; \u0160ime\u010dek, Hartmann (81. Breksa). Tren\u00e9r: Ond\u0159ej&nbsp;Ficek<\/span><\/p>\n<p style=\"text-align: justify;\">&nbsp;<\/p>\n<p style=\"text-align: justify;\"><span style=\"font-size: 12pt; font-family: helvetica, arial, sans-serif;\">Sobota 2.11. 2024<\/span><\/p>\n<p style=\"text-align: justify;\"><span style=\"font-size: 12pt; font-family: helvetica, arial, sans-serif;\"><strong>B mu\u017ei \u2013 \u0160ilhe\u0159ovice B&nbsp; 7:1 (4:0) <\/strong><\/span><\/p>\n<p style=\"text-align: justify;\"><span style=\"font-size: 12pt; font-family: helvetica, arial, sans-serif;\"><strong>Branky:<\/strong> 6., 69., 70. Jur\u010dek, 11. Stuchl\u00edk R., 25. Kubn\u00fd A., 42., 90. Kubn\u00fd M. \u2013 90. Machala<\/span><\/p>\n<p style=\"text-align: justify;\"><span style=\"font-size: 12pt; font-family: helvetica, arial, sans-serif;\"><strong>Sestava<\/strong>: St\u0159\u00edbn\u00fd, Kretek, Li\u0161ka, Christoph, Kubn\u00fd M., Biel\u00e1k, Stuchl\u00edk R., Kubn\u00fd A., Jur\u010dek L., Pa\u0161ek, St\u0159\u00edbn\u00fd M.<\/span><\/p>\n<p style=\"text-align: justify;\"><span style=\"font-size: 12pt; font-family: helvetica, arial, sans-serif;\"><strong>St\u0159\u00eddali<\/strong>: Mrovec, Halfar, Moravec, Kubn\u00fd D., Hahn, Oberherr, Slanina<\/span><\/p>\n<p style=\"text-align: justify;\">&nbsp;<\/p>\n<p style=\"text-align: justify;\"><span style=\"font-size: 12pt; font-family: helvetica, arial, sans-serif;\">Ned\u011ble 3.11.2024<\/span><\/p>\n<h4 style=\"text-align: justify;\"><span style=\"font-size: 12pt; font-family: helvetica, arial, sans-serif;\"><strong>Velk\u00e9 Heraltice \u2013 Dorost&nbsp;&nbsp; 1:4 (1:2) <\/strong><\/span><\/h4>\n<p style=\"text-align: justify;\"><span style=\"font-size: 12pt; font-family: helvetica, arial, sans-serif;\">&nbsp;<strong>Branky<\/strong>: 7. Lipnick\u00fd, 34. Birtek, 52. Mrva, 83. Gross (p)<\/span><\/p>\n<p style=\"text-align: justify;\"><span style=\"font-size: 12pt; font-family: helvetica, arial, sans-serif;\"><strong>Sestava<\/strong>: Pavlovi\u010d, Poni\u0161t, Breksa, V\u00e1clav\u00edk A., Gross, Kubn\u00fd D., Hanzl\u00edk, Birtek, Lipnick\u00fd, Tom\u00ed\u010dek, Grigar\u010d\u00edk<\/span><\/p>\n<p style=\"text-align: justify;\"><span style=\"font-size: 12pt; font-family: helvetica, arial, sans-serif;\"><strong>St\u0159\u00eddali<\/strong>: Mrva, Cziepl\u00fd, Besta, Schweidler<\/span><\/p>\n<p style=\"text-align: justify;\">&nbsp;<\/p>\n<p style=\"text-align: justify;\"><span style=\"font-size: 12pt; font-family: helvetica, arial, sans-serif;\">Sobota 2.11.2024<\/span><\/p>\n<h4 style=\"text-align: justify;\"><span style=\"font-size: 12pt; font-family: helvetica, arial, sans-serif;\"><strong>St. \u017e\u00e1ci \u2013 Krava\u0159e 3:0 (0:0)<\/strong><\/span><\/h4>\n<h4 style=\"text-align: justify;\"><span style=\"font-size: 12pt; font-family: helvetica, arial, sans-serif;\">Branky: 41., 78. St\u0159\u00edbn\u00fd,&nbsp; 63. Herudek<\/span><\/h4>\n<p style=\"text-align: justify;\"><span style=\"font-size: 12pt; font-family: helvetica, arial, sans-serif;\">&nbsp;<strong>Sestava<\/strong>: Herich, Pla\u010dek, Hartmann, St\u0159\u00edbn\u00fd V., Herudek, Schweidler, \u010cern\u00fd, Mrovec, Litzka, Meleck\u00fd M., B\u0159emek<\/span><\/p>\n<p style=\"text-align: justify;\"><span style=\"font-size: 12pt; font-family: helvetica, arial, sans-serif;\"><strong>N\u00e1hradn\u00edci:<\/strong> Kry\u0161tof, Krettek, Sedl\u00e1\u010dek, Meleck\u00fd D., Sitta, Kolod\u011bj, Wr\u00f3blewski<\/span><\/p>\n<p style=\"text-align: justify;\"><span style=\"font-size: 12pt; font-family: helvetica, arial, sans-serif;\"><strong>&nbsp;<\/strong><\/span><\/p>\n<h4 style=\"text-align: justify;\"><span style=\"font-size: 12pt; font-family: helvetica, arial, sans-serif;\"><strong>Ml. \u017e\u00e1ci \u2013 Krava\u0159e 1:1 (1:0) <\/strong><\/span><\/h4>\n<p style=\"text-align: justify;\"><span style=\"font-size: 12pt; font-family: helvetica, arial, sans-serif;\"><strong>Branky: <\/strong>27. Kone\u010dn\u00fd<\/span><\/p>\n<p style=\"text-align: justify;\"><span style=\"font-size: 12pt; font-family: helvetica, arial, sans-serif;\"><strong>Sestava<\/strong>: Urbansk\u00fd, St\u0159\u00edbn\u00fd, Juchelka, Nev\u0159elov\u00e1, Ja\u0161ek, Valer, Letzi\u00e1n, Kermes, Vyb\u00edral, \u017d\u00eddkov\u00e1, Bialas<\/span><\/p>\n<p style=\"text-align: justify;\"><span style=\"font-size: 12pt; font-family: helvetica, arial, sans-serif;\"><strong>N\u00e1hradn\u00edci:<\/strong> Jirgala, Vidl\u00e1kov\u00e1, Kone\u010dn\u00fd, V\u00e1clav\u00edkov\u00e1, Kolar\u010dikov\u00e1<\/span><\/p>\n<p>&nbsp;<\/p>\n<p><span style=\"font-family: helvetica, arial, sans-serif;\"><strong>Tabulky:<\/strong><\/span><\/p>\n<p style=\"text-align: justify;\">[cs_button button_size=&#8220;btn-lg&#8220; button_title=&#8220;Mu\u017ei A&#8220; button_link=&#8220;https:\/\/www.fotbal.cz\/souteze\/turnaje\/hlavni\/e62826bf-ed9a-488f-8aab-a6d4d6113506&#8243; button_border=&#8220;yes&#8220; =&#8220;null&#8220; button_icon=&#8220;icon-th&#8220; button_icon_position=&#8220;left&#8220; button_type=&#8220;rectangle&#8220; button_target=&#8220;_blank&#8220;][cs_button button_size=&#8220;btn-lg&#8220; button_title=&#8220;Mu\u017ei B&#8220; button_link=&#8220;https:\/\/www.fotbal.cz\/souteze\/turnaje\/hlavni\/d6fc7cea-c8db-469e-94c1-bd6e1ff5aad8&#8243; button_border=&#8220;yes&#8220; =&#8220;null&#8220; button_icon=&#8220;icon-th&#8220; button_icon_position=&#8220;left&#8220; button_type=&#8220;rectangle&#8220; button_target=&#8220;_blank&#8220;][cs_button button_size=&#8220;btn-lg&#8220; button_title=&#8220;Dorost&#8220; button_link=&#8220;https:\/\/www.fotbal.cz\/souteze\/turnaje\/hlavni\/daef9305-625b-44ff-95ce-73052a58f56a&#8220; button_border=&#8220;yes&#8220; =&#8220;null&#8220; button_icon=&#8220;icon-th&#8220; button_icon_position=&#8220;left&#8220; button_type=&#8220;rectangle&#8220; button_target=&#8220;_blank&#8220;][cs_button button_size=&#8220;btn-lg&#8220; button_title=&#8220;Star\u0161\u00ed \u017e\u00e1ci&#8220; button_link=&#8220;https:\/\/www.fotbal.cz\/souteze\/turnaje\/hlavni\/f69032eb-36bf-4e80-a8e4-348921684309&#8243; button_border=&#8220;yes&#8220; =&#8220;null&#8220; button_icon=&#8220;icon-th&#8220; button_icon_position=&#8220;left&#8220; button_type=&#8220;rectangle&#8220; button_target=&#8220;_blank&#8220;][cs_button button_size=&#8220;btn-lg&#8220; button_title=&#8220;Mlad\u0161\u00ed \u017e\u00e1ci&#8220; button_link=&#8220;https:\/\/www.fotbal.cz\/souteze\/turnaje\/hlavni\/7880daba-a312-44d1-acc3-4774320a130b&#8220; button_border=&#8220;yes&#8220; =&#8220;null&#8220; button_icon=&#8220;icon-th&#8220; button_icon_position=&#8220;left&#8220; button_type=&#8220;rectangle&#8220; button_target=&#8220;_blank&#8220;][cs_button button_size=&#8220;btn-lg&#8220; button_title=&#8220;St. p\u0159\u00edpravka&#8220; button_link=&#8220;https:\/\/www.fotbal.cz\/souteze\/turnaje\/hlavni\/f9fd4d80-ae23-46e3-b743-0109b37c18a5&#8243; button_border=&#8220;yes&#8220; =&#8220;null&#8220; button_icon=&#8220;icon-th&#8220; button_icon_position=&#8220;left&#8220; button_type=&#8220;rectangle&#8220; button_target=&#8220;_blank&#8220;][cs_button button_size=&#8220;btn-lg&#8220; button_title=&#8220;Ml. p\u0159\u00edpravka&#8220; button_link=&#8220;https:\/\/www.fotbal.cz\/souteze\/turnaje\/hlavni\/a514e591-3dac-4350-af0a-f655e3d4f268&#8243; button_border=&#8220;yes&#8220; =&#8220;null&#8220; button_icon=&#8220;icon-th&#8220; button_icon_position=&#8220;left&#8220; button_type=&#8220;rectangle&#8220; button_target=&#8220;_blank&#8220;]<br \/>\n&nbsp;<\/p>\n","protected":false},"excerpt":{"rendered":"<p>Kobe\u0159ice se radovaly Sobota 2.11.2024 &nbsp;Kr\u00e1sn\u00e9 Pole \u2013 Kobe\u0159ice 2:4 (0:1) &nbsp;Kobe\u0159ice v p\u0159edchoz\u00edm kole nesta\u010dily na tabulkov\u00e9ho l\u00eddra z \u010cesk\u00e9ho T\u011b\u0161\u00edna, tak\u017ee proti Kr\u00e1sn\u00e9mu Poli<span class=\"excerpt-hellip\"> [\u2026]<\/span><\/p>\n","protected":false},"author":3,"featured_media":3787,"comment_status":"closed","ping_status":"open","sticky":false,"template":"","format":"standard","meta":{"ngg_post_thumbnail":0,"footnotes":""},"categories":[115,112,110,107,117,111],"tags":[],"class_list":["post-8393","post","type-post","status-publish","format-standard","has-post-thumbnail","hentry","category-a-tym","category-b-tym","category-dorost","category-fotbal","category-mladsi-zaci","category-starsi-zaci"],"_links":{"self":[{"href":"https:\/\/tjsokolkoberice.cz\/index.php?rest_route=\/wp\/v2\/posts\/8393","targetHints":{"allow":["GET"]}}],"collection":[{"href":"https:\/\/tjsokolkoberice.cz\/index.php?rest_route=\/wp\/v2\/posts"}],"about":[{"href":"https:\/\/tjsokolkoberice.cz\/index.php?rest_route=\/wp\/v2\/types\/post"}],"author":[{"embeddable":true,"href":"https:\/\/tjsokolkoberice.cz\/index.php?rest_route=\/wp\/v2\/users\/3"}],"replies":[{"embeddable":true,"href":"https:\/\/tjsokolkoberice.cz\/index.php?rest_route=%2Fwp%2Fv2%2Fcomments&post=8393"}],"version-history":[{"count":1,"href":"https:\/\/tjsokolkoberice.cz\/index.php?rest_route=\/wp\/v2\/posts\/8393\/revisions"}],"predecessor-version":[{"id":8394,"href":"https:\/\/tjsokolkoberice.cz\/index.php?rest_route=\/wp\/v2\/posts\/8393\/revisions\/8394"}],"wp:featuredmedia":[{"embeddable":true,"href":"https:\/\/tjsokolkoberice.cz\/index.php?rest_route=\/wp\/v2\/media\/3787"}],"wp:attachment":[{"href":"https:\/\/tjsokolkoberice.cz\/index.php?rest_route=%2Fwp%2Fv2%2Fmedia&parent=8393"}],"wp:term":[{"taxonomy":"category","embeddable":true,"href":"https:\/\/tjsokolkoberice.cz\/index.php?rest_route=%2Fwp%2Fv2%2Fcategories&post=8393"},{"taxonomy":"post_tag","embeddable":true,"href":"https:\/\/tjsokolkoberice.cz\/index.php?rest_route=%2Fwp%2Fv2%2Ftags&post=8393"}],"curies":[{"name":"wp","href":"https:\/\/api.w.org\/{rel}","templated":true}]}}