{"id":8395,"date":"2024-11-08T20:35:09","date_gmt":"2024-11-08T19:35:09","guid":{"rendered":"https:\/\/tjsokolkoberice.cz\/?p=8395"},"modified":"2025-10-14T11:47:20","modified_gmt":"2025-10-14T10:47:20","slug":"daniel-latka-ukoncil-fotbalovou-karieru","status":"publish","type":"post","link":"https:\/\/tjsokolkoberice.cz\/?p=8395","title":{"rendered":"Daniel Latka ukon\u010dil fotbalovou kari\u00e9ru"},"content":{"rendered":"<p style=\"text-align: justify;\"><span style=\"font-size: 14pt; font-family: helvetica, arial, sans-serif;\"><strong>Daniel Latka ukon\u010dil fotbalovou kari\u00e9ru<\/strong><\/span><\/p>\n<p style=\"text-align: justify;\"><span style=\"font-size: 12pt; font-family: helvetica, arial, sans-serif;\">Utk\u00e1n\u00ed B mu\u017estva proti Hati B bylo pro Daniela Latku posledn\u00ed utk\u00e1n\u00ed v&nbsp;jeho fotbalov\u00e9 kari\u00e9\u0159e. Danek za\u010d\u00ednal s fotbalem v Kobe\u0159ic\u00edch, mezi l\u00e9ty 1998 a\u017e 2003 p\u016fsobil v ml\u00e1de\u017enick\u00fdch t\u00fdmech SFC Opava, n\u00e1sledn\u011b se vr\u00e1til do kobe\u0159ick\u00e9ho dorostu. V roce 2004 Daniel pomohl na\u0161emu A mu\u017estvu k postupu do krajsk\u00e9ho p\u0159eboru. Posledn\u00edch 6 let Daniel p\u016fsob\u00ed jak stabiln\u00ed hr\u00e1\u010d B mu\u017estva. A co je podstatn\u00e9 z jeho \u00fasp\u011bch\u016f, jako jeden z m\u00e1la hr\u00e1\u010d\u016f dal g\u00f3l za dorost Opavy proti t\u00fdmu AC Sparta Praha na h\u0159i\u0161ti Sparty.<\/span><\/p>\n<p style=\"text-align: justify;\"><span style=\"font-size: 12pt; font-family: helvetica, arial, sans-serif;\">Od konce ledna leto\u0161n\u00edho roku se stal Daniel \u010dlenem v\u00fdkonn\u00e9ho v\u00fdboru TJ Sokol Kobe\u0159ice, tak\u017ee na d\u011bn\u00ed v kobe\u0159ick\u00e9m Sokolu bude nad\u00e1le dohl\u00ed\u017eet.<\/span><\/p>\n<p style=\"text-align: justify;\"><span style=\"font-size: 12pt; font-family: helvetica, arial, sans-serif;\">TJ Sokol Kobe\u0159ice d\u011bkuje Danielovi za dlouholet\u00e9 poctiv\u00e9 a ob\u011btav\u00e9 slu\u017eby!<\/span><\/p>\n<p style=\"text-align: justify;\"><span style=\"font-size: 12pt; font-family: helvetica, arial, sans-serif;\">Danieli&nbsp;d\u011bkujeme!<\/span><\/p>\n<p><img loading=\"lazy\" decoding=\"async\" class=\"aligncenter wp-image-8396 size-large\" src=\"https:\/\/tjsokolkoberice.cz\/wp-content\/uploads\/2024\/11\/danl1-1024x769.jpeg\" alt=\"\" width=\"1024\" height=\"769\" srcset=\"https:\/\/tjsokolkoberice.cz\/wp-content\/uploads\/2024\/11\/danl1-1024x769.jpeg 1024w, https:\/\/tjsokolkoberice.cz\/wp-content\/uploads\/2024\/11\/danl1-300x225.jpeg 300w, https:\/\/tjsokolkoberice.cz\/wp-content\/uploads\/2024\/11\/danl1-768x576.jpeg 768w, https:\/\/tjsokolkoberice.cz\/wp-content\/uploads\/2024\/11\/danl1-1536x1153.jpeg 1536w, https:\/\/tjsokolkoberice.cz\/wp-content\/uploads\/2024\/11\/danl1-390x293.jpeg 390w, https:\/\/tjsokolkoberice.cz\/wp-content\/uploads\/2024\/11\/danl1-250x188.jpeg 250w, https:\/\/tjsokolkoberice.cz\/wp-content\/uploads\/2024\/11\/danl1-190x143.jpeg 190w, https:\/\/tjsokolkoberice.cz\/wp-content\/uploads\/2024\/11\/danl1.jpeg 2048w\" sizes=\"auto, (max-width:767px) 480px, (max-width:1024px) 100vw, 1024px\" \/><\/p>\n","protected":false},"excerpt":{"rendered":"<p>Daniel Latka ukon\u010dil fotbalovou kari\u00e9ru Utk\u00e1n\u00ed B mu\u017estva proti Hati B bylo pro Daniela Latku posledn\u00ed utk\u00e1n\u00ed v&nbsp;jeho fotbalov\u00e9 kari\u00e9\u0159e. Danek za\u010d\u00ednal s fotbalem v Kobe\u0159ic\u00edch,<span class=\"excerpt-hellip\"> [\u2026]<\/span><\/p>\n","protected":false},"author":3,"featured_media":8397,"comment_status":"closed","ping_status":"open","sticky":false,"template":"","format":"standard","meta":{"ngg_post_thumbnail":0,"footnotes":""},"categories":[115,112,110,107],"tags":[],"class_list":["post-8395","post","type-post","status-publish","format-standard","has-post-thumbnail","hentry","category-a-tym","category-b-tym","category-dorost","category-fotbal"],"_links":{"self":[{"href":"https:\/\/tjsokolkoberice.cz\/index.php?rest_route=\/wp\/v2\/posts\/8395","targetHints":{"allow":["GET"]}}],"collection":[{"href":"https:\/\/tjsokolkoberice.cz\/index.php?rest_route=\/wp\/v2\/posts"}],"about":[{"href":"https:\/\/tjsokolkoberice.cz\/index.php?rest_route=\/wp\/v2\/types\/post"}],"author":[{"embeddable":true,"href":"https:\/\/tjsokolkoberice.cz\/index.php?rest_route=\/wp\/v2\/users\/3"}],"replies":[{"embeddable":true,"href":"https:\/\/tjsokolkoberice.cz\/index.php?rest_route=%2Fwp%2Fv2%2Fcomments&post=8395"}],"version-history":[{"count":3,"href":"https:\/\/tjsokolkoberice.cz\/index.php?rest_route=\/wp\/v2\/posts\/8395\/revisions"}],"predecessor-version":[{"id":8400,"href":"https:\/\/tjsokolkoberice.cz\/index.php?rest_route=\/wp\/v2\/posts\/8395\/revisions\/8400"}],"wp:featuredmedia":[{"embeddable":true,"href":"https:\/\/tjsokolkoberice.cz\/index.php?rest_route=\/wp\/v2\/media\/8397"}],"wp:attachment":[{"href":"https:\/\/tjsokolkoberice.cz\/index.php?rest_route=%2Fwp%2Fv2%2Fmedia&parent=8395"}],"wp:term":[{"taxonomy":"category","embeddable":true,"href":"https:\/\/tjsokolkoberice.cz\/index.php?rest_route=%2Fwp%2Fv2%2Fcategories&post=8395"},{"taxonomy":"post_tag","embeddable":true,"href":"https:\/\/tjsokolkoberice.cz\/index.php?rest_route=%2Fwp%2Fv2%2Ftags&post=8395"}],"curies":[{"name":"wp","href":"https:\/\/api.w.org\/{rel}","templated":true}]}}