{"id":8443,"date":"2024-11-28T20:05:35","date_gmt":"2024-11-28T19:05:35","guid":{"rendered":"https:\/\/tjsokolkoberice.cz\/?p=8443"},"modified":"2025-10-14T11:47:20","modified_gmt":"2025-10-14T10:47:20","slug":"hodnoceni-podzimni-casti-fotbalove-sezony-2024-2025","status":"publish","type":"post","link":"https:\/\/tjsokolkoberice.cz\/?p=8443","title":{"rendered":"Hodnocen\u00ed podzimn\u00ed \u010d\u00e1sti fotbalov\u00e9 sez\u00f3ny 2024\/2025"},"content":{"rendered":"<p style=\"text-align: justify;\"><span style=\"font-size: 14pt; font-family: helvetica, arial, sans-serif;\"><strong>Hodnocen\u00ed podzimn\u00ed \u010d\u00e1sti fotbalov\u00e9 sez\u00f3ny 2024\/2025<\/strong><\/span><\/p>\n<p style=\"text-align: justify;\"><span style=\"font-size: 12pt; font-family: helvetica, arial, sans-serif;\">V\u00edt\u011bzn\u00fdm utk\u00e1n\u00edm proti Bru\u0161perku (2:1) skon\u010dila na\u0161im fotbalist\u016fm A mu\u017estva podzimn\u00ed \u010d\u00e1st, po kter\u00e9 se pr\u016fb\u011b\u017en\u011b nach\u00e1z\u00ed na solidn\u00ed 6. p\u0159\u00ed\u010dce v&nbsp;tabulce krajsk\u00e9ho p\u0159eboru se ziskem 24 bod\u016f. Po v\u00fdsledkov\u011b nep\u0159\u00edli\u0161 poveden\u00e9 prvn\u00ed polovin\u011b podzimn\u00ed \u010d\u00e1sti p\u0159i\u0161el skv\u011bl\u00fd fini\u0161, ve kter\u00e9m jsme z&nbsp;posledn\u00edch 6 utk\u00e1n\u00ed zv\u00edt\u011bzili 5x. Porazil n\u00e1s jen suver\u00e9nn\u00ed l\u00eddr z&nbsp;\u010cesk\u00e9ho T\u011b\u0161\u00edna.<\/span><\/p>\n<p style=\"text-align: justify;\"><span style=\"font-size: 12pt; font-family: helvetica, arial, sans-serif;\">V&nbsp;letn\u00ed p\u0159est\u00e1vce do\u0161lo ke zm\u011bn\u011b na pozici hlavn\u00edho tren\u00e9ra, kterou po Vil\u00e9mu Axmannovi p\u0159evzal mlad\u00fd ambici\u00f3zn\u00ed tren\u00e9r Ond\u0159ej Ficek. Tomu pom\u00e1haj\u00ed z&nbsp;pozice asistent\u016f Ren\u00e9 Wirth a Jan \u010cujek. <em>\u201ePrvn\u00ed polovinu sez\u00f3ny hodnot\u00edm celkem pozitivn\u011b. Z\u00edskan\u00fdch 24 bod\u016f nen\u00ed \u0161patn\u00fdch, ale nejhlavn\u011bj\u0161\u00ed je pro n\u00e1s p\u0159edveden\u00e1 hra, kter\u00e1 a\u017e na p\u00e1r z\u00e1pas\u016f byla dobr\u00e1. Mus\u00edm hr\u00e1\u010de pochv\u00e1lit, \u017ee maj\u00ed chu\u0165 tr\u00e9novat a kdy\u017e se vyvarujeme chyb, kter\u00e9 ob\u010das d\u011bl\u00e1me, tak ta druh\u00e1 polovina sez\u00f3ny m\u016f\u017ee b\u00fdt je\u0161t\u011b lep\u0161\u00ed,\u201c<\/em> zhodnotil podzim tren\u00e9r Ficek.<\/span><\/p>\n<p style=\"text-align: justify;\"><span style=\"font-size: 12pt; font-family: helvetica, arial, sans-serif;\">Podzimn\u00ed bilance z&nbsp;15 odehran\u00fdch utk\u00e1n\u00ed tak \u010d\u00edt\u00e1 (i s&nbsp;p\u0159edehran\u00fdm jarn\u00edm kolem proti Bru\u0161perku) 7 v\u00edt\u011bzstv\u00ed, 3 rem\u00edzy a 5 por\u00e1\u017eek a se sk\u00f3re 45:27 se \u0159ad\u00edme na 2. m\u00edsto v&nbsp;po\u010dtu vst\u0159elen\u00fdch branek za Krava\u0159e. P\u0159i velk\u00e9 konkurenci v&nbsp;krajsk\u00e9m p\u0159eboru je pr\u016fb\u011b\u017en\u00e1 6. p\u0159\u00ed\u010dka dobr\u00fdm v\u00fdsledkem! V\u011b\u0159\u00edme, \u017ee se kluci kvalitn\u011b p\u0159iprav\u00ed na jarn\u00ed boje a tuto pozici v&nbsp;tabulce minim\u00e1ln\u011b obh\u00e1j\u00edme.<\/span><\/p>\n<p style=\"text-align: justify;\"><span style=\"font-size: 12pt; font-family: helvetica, arial, sans-serif;\">B mu\u017estvo pod veden\u00edm Davida Jan\u00edka se po podzimu nach\u00e1z\u00ed v tabulce III. t\u0159\u00eddy sk. A na pr\u016fb\u011b\u017en\u00e9m 5. m\u00edst\u011b se ziskem 18 bod\u016f s bilanc\u00ed 6 v\u00fdher a 5 por\u00e1\u017eek. <em>\u201ePodzimn\u00ed \u010d\u00e1st jsme za\u010dali s ambicemi p\u0159ipravit si co mo\u017en\u00e1 nejlep\u0161\u00ed pozici pro jarn\u00ed \u010d\u00e1st tak, abychom m\u011bli \u0161anci bojovat o postup. Za\u010dali jsme vcelku dob\u0159e, av\u0161ak po dvou stoprocentn\u00edch z\u00e1pasem p\u0159i\u0161ly por\u00e1\u017eky doma s B\u011blou a v Bolatic\u00edch. Tam se to zlomilo a p\u0159estalo se n\u00e1m da\u0159it. Nav\u00edc se n\u00e1m nevyh\u00fdbala zran\u011bn\u00ed, tak\u017ee z toho bylo nakonec 5. m\u00edsto. Jsem zklaman\u00fd z p\u0159\u00edstupu n\u011bkter\u00fdch kluk\u016f k doch\u00e1zce na tr\u00e9nink i na z\u00e1pas. Mysl\u00edm si, \u017ee parta z lo\u0148sk\u00e9 sez\u00f3ny se n\u00e1m trochu rozpadla a to je velk\u00e1 \u0161koda. Douf\u00e1m, \u017ee na ja\u0159e se to zlep\u0161\u00ed. Je\u0161t\u011b bych cht\u011bl pod\u011bkovat tren\u00e9r\u016fm dorostu za v\u00fdbornou spolupr\u00e1ci a tak\u00e9 douf\u00e1m v lep\u0161\u00ed spolupr\u00e1ci s A mu\u017estvem,\u201c <\/em>zhodnotil podzimn\u00ed \u010d\u00e1st tren\u00e9r David Jan\u00edk.<\/span><\/p>\n<p style=\"text-align: justify;\"><span style=\"font-size: 12pt; font-family: helvetica, arial, sans-serif;\">N\u00e1\u0161 dorost byl nucen v l\u00e9t\u011b odhl\u00e1sit krajsk\u00fd p\u0159ebor pro nedostatek hr\u00e1\u010d\u016f, proto m\u00edsto dvou mu\u017estev jsme dali dohromady pouze jedno, kter\u00e9 hraje krajskou sout\u011b\u017e. Kluci pod veden\u00edm tren\u00e9r\u016f Mariana Hanzl\u00edka a Michala V\u00e1clav\u00edka p\u0159edv\u00e1d\u011bli po celou podzimn\u00ed \u010d\u00e1st vyrovnan\u00e9 v\u00fdkony a p\u0159ezimuj\u00ed na pr\u016fb\u011b\u017en\u00e9m 1. m\u00edst\u011b! <em>\u201eSkon\u010dili jsme na prvn\u00edm m\u00edst\u011b, i kdy\u017e si mysl\u00edm, \u017ee skupina byla velmi vyrovnan\u00e1. Samoz\u0159ejm\u011b jako v ka\u017ed\u00e9 skupin\u011b jsou dobr\u00e9 i slab\u0161\u00ed t\u00fdmy, a proto se nesm\u00ed \u017e\u00e1dn\u00fd z\u00e1pas podcenit. N\u011bkte\u0159\u00ed kluci se p\u0159ipojili do tr\u00e9ninkov\u00e9 f\u00e1ze i s na\u0161\u00edm A mu\u017estvem a mysl\u00edm si, \u017ee jim to prosp\u011blo. P\u00e1r kluk\u016f si zkusilo zahr\u00e1t mistrovsk\u00e9 utk\u00e1n\u00ed i za na\u0161e B mu\u017estvo, kde sb\u00edraj\u00ed zku\u0161enosti. S\u00edla \u00fasp\u011bchu nen\u00ed na jednotlivc\u00edch, ale na sehranosti cel\u00e9ho t\u00fdmu. Pokud bude t\u00fdm fungovat jako jeden celek, dok\u00e1\u017eou b\u00fdt rovnocenn\u00fdm soupe\u0159em i pro mu\u017estva z vy\u0161\u0161\u00edch sout\u011b\u017e\u00ed. P\u0159eji kluk\u016fm hodn\u011b \u0161t\u011bst\u00ed, hlavn\u011b zdrav\u00ed, aby odehr\u00e1vali co nejlep\u0161\u00ed z\u00e1pasy,\u201c<\/em> zhodnotil tren\u00e9r Marian Hanzl\u00edk.<\/span><\/p>\n<p style=\"text-align: justify;\"><span style=\"font-size: 12pt; font-family: helvetica, arial, sans-serif;\">Na\u0161e \u017e\u00e1kovsk\u00e1 mu\u017estva hraj\u00ed tuto sez\u00f3nu krajsk\u00e9 sout\u011b\u017ee. Mlad\u0161\u00ed \u017e\u00e1ky tr\u00e9nuj\u00ed Du\u0161an a Jan Christophovi, star\u0161\u00ed pak Filip Kollek a David Malch\u00e1rek. O kr\u00e1tk\u00e9 zhodnocen\u00ed jsme po\u017e\u00e1dali Jana Christopha: <em>\u201ePodzimn\u00ed \u010d\u00e1st v krajsk\u00e9 sout\u011b\u017ei se na\u0161im \u017e\u00e1k\u016fm povedla. Mlad\u0161\u00ed \u017e\u00e1ci vstoupili do sout\u011b\u017ee v\u00fdborn\u00fdmi v\u00fdsledky a dlouho se dr\u017eeli na pr\u016fb\u011b\u017en\u00e9m 1. m\u00edst\u011b. S p\u0159ib\u00fdvaj\u00edc\u00edmi z\u00e1pasy se s\u00edly mu\u017estev za\u010daly vyrovn\u00e1vat, co\u017e nakonec vedlo k propadu na\u0161ich \u017e\u00e1k\u016f na 6. m\u00edsto ve velmi vyrovnan\u00e9 tabulce. Mlad\u0161\u00ed \u017e\u00e1ci si na podzim vybojovali 17 bod\u016f s bilanc\u00ed 5 v\u00fdher, 2 rem\u00edz, 3 por\u00e1\u017eek a sk\u00f3rem 29:33. U star\u0161\u00edch \u017e\u00e1k\u016f je situace radostn\u011bj\u0161\u00ed. Po podzimn\u00ed \u010d\u00e1sti se nach\u00e1zej\u00ed na skv\u011bl\u00e9m 2. m\u00edst\u011b, pouh\u00fdch 5 bod\u016f za vedouc\u00edmi Bolaticemi, kter\u00e9 ztratily body pouze s na\u0161imi \u017e\u00e1ky. Po \u0159ad\u011b skv\u011bl\u00fdch v\u00fdkon\u016f si hr\u00e1\u010di vybojovali 23 bod\u016f s bilanc\u00ed 7 v\u00fdher, 2 rem\u00edz, 1 prohry a sk\u00f3rem 54:23.\u201c<\/em><\/span><\/p>\n<p style=\"text-align: justify;\"><span style=\"font-size: 12pt; font-family: helvetica, arial, sans-serif;\">Dal\u0161\u00ed na\u0161e ml\u00e1de\u017enick\u00e9 t\u00fdmy hr\u00e1ly sice sv\u00e9 sout\u011b\u017ee, ale v jejich kategori\u00edch nejde ani tak o v\u00fdsledky, jako o radost ze hry. Jedn\u00e1 se o t\u00fdmy star\u0161\u00ed a mlad\u0161\u00ed p\u0159\u00edpravky v okresn\u00edch sout\u011b\u017e\u00edch. Star\u0161\u00ed p\u0159\u00edpravku tr\u00e9nuj\u00ed David V\u00e1clav\u00edk a Radek Ziegl, mlad\u0161\u00ed Martin Obrusn\u00edk a Martin Schlischka.<\/span><\/p>\n<p style=\"text-align: justify;\"><span style=\"font-size: 12pt; font-family: helvetica, arial, sans-serif;\">Na\u0161e nejmen\u0161\u00ed fotbalov\u00e9 nad\u011bje, fotbalov\u00e1 mini\u0161koli\u010dka (Sokol\u010data), tr\u00e9nuj\u00ed pod veden\u00edm Marka Ja\u0161ka a Daniela Latky, kte\u0159\u00ed jim p\u0159ed\u00e1vaj\u00ed prvn\u00ed fotbalov\u00e9 n\u00e1vyky. D\u011bti tr\u00e9nuj\u00ed a hraj\u00ed turnaje s&nbsp;okoln\u00edmi vesnicemi a t\u00edm se seznamuj\u00ed s&nbsp;fotbalov\u00fdm d\u011bn\u00edm.<\/span><\/p>\n<p style=\"text-align: justify;\"><span style=\"font-size: 12pt; font-family: helvetica, arial, sans-serif;\">V podzimn\u00ed \u010d\u00e1sti jsme nov\u011b nav\u00e1zali spolupr\u00e1ci s Luk\u00e1\u0161em Hluchn\u00edkem, kter\u00fd nav\u0161t\u011bvoval tr\u00e9ninky ml\u00e1de\u017enick\u00fdch mu\u017estev a v koordinaci s jejich tren\u00e9ry p\u0159in\u00e1\u0161el nov\u00e9 prvky a podn\u011bty, kter\u00e9 na\u010derpal p\u0159i sv\u00e9m p\u016fsoben\u00ed u ml\u00e1de\u017ee Ban\u00edku Ostrava. D\u00e1le pak spolupracujeme s brank\u00e1\u0159em Ban\u00edku Ostrava a na\u0161im odchovancem Mikul\u00e1\u0161em Kubn\u00fdm, kter\u00fd vede na\u0161e ml\u00e1de\u017enick\u00e9 brank\u00e1\u0159e a tvo\u0159\u00ed jim brank\u00e1\u0159sk\u00e9 tr\u00e9ninky. Za tyto spolupr\u00e1ce jsme velmi r\u00e1di a v\u011b\u0159\u00edme, \u017ee to op\u011bt posune kvalitu tr\u00e9novanosti na\u0161ich ml\u00e1de\u017enick\u00fdch mu\u017estev.<\/span><\/p>\n<p style=\"text-align: justify;\"><span style=\"font-size: 12pt; font-family: helvetica, arial, sans-serif;\">TJ Sokol Kobe\u0159ice by cht\u011bl touto cestou velmi pod\u011bkovat v\u0161em tren\u00e9r\u016fm, hr\u00e1\u010d\u016fm a ostatn\u00edm lidem, kte\u0159\u00ed se jakkoliv pod\u00edlej\u00ed na fungov\u00e1n\u00ed na\u0161ich mu\u017estev, za p\u0159\u00edkladnou reprezentaci na\u0161eho klubu, pota\u017emo cel\u00fdch Kobe\u0159ic. D\u011bkujeme &nbsp;a v\u0161em p\u0159ejeme poklidn\u00fd Advent, kr\u00e1sn\u00e9 V\u00e1noce a v\u0161e nejlep\u0161\u00ed do nov\u00e9ho roku 2025!<\/span><\/p>\n","protected":false},"excerpt":{"rendered":"<p>Hodnocen\u00ed podzimn\u00ed \u010d\u00e1sti fotbalov\u00e9 sez\u00f3ny 2024\/2025 V\u00edt\u011bzn\u00fdm utk\u00e1n\u00edm proti Bru\u0161perku (2:1) skon\u010dila na\u0161im fotbalist\u016fm A mu\u017estva podzimn\u00ed \u010d\u00e1st, po kter\u00e9 se pr\u016fb\u011b\u017en\u011b nach\u00e1z\u00ed na solidn\u00ed 6.<span class=\"excerpt-hellip\"> [\u2026]<\/span><\/p>\n","protected":false},"author":3,"featured_media":8389,"comment_status":"closed","ping_status":"open","sticky":false,"template":"","format":"standard","meta":{"ngg_post_thumbnail":0,"footnotes":""},"categories":[115,112,110,107,117,111],"tags":[],"class_list":["post-8443","post","type-post","status-publish","format-standard","has-post-thumbnail","hentry","category-a-tym","category-b-tym","category-dorost","category-fotbal","category-mladsi-zaci","category-starsi-zaci"],"_links":{"self":[{"href":"https:\/\/tjsokolkoberice.cz\/index.php?rest_route=\/wp\/v2\/posts\/8443","targetHints":{"allow":["GET"]}}],"collection":[{"href":"https:\/\/tjsokolkoberice.cz\/index.php?rest_route=\/wp\/v2\/posts"}],"about":[{"href":"https:\/\/tjsokolkoberice.cz\/index.php?rest_route=\/wp\/v2\/types\/post"}],"author":[{"embeddable":true,"href":"https:\/\/tjsokolkoberice.cz\/index.php?rest_route=\/wp\/v2\/users\/3"}],"replies":[{"embeddable":true,"href":"https:\/\/tjsokolkoberice.cz\/index.php?rest_route=%2Fwp%2Fv2%2Fcomments&post=8443"}],"version-history":[{"count":3,"href":"https:\/\/tjsokolkoberice.cz\/index.php?rest_route=\/wp\/v2\/posts\/8443\/revisions"}],"predecessor-version":[{"id":8451,"href":"https:\/\/tjsokolkoberice.cz\/index.php?rest_route=\/wp\/v2\/posts\/8443\/revisions\/8451"}],"wp:featuredmedia":[{"embeddable":true,"href":"https:\/\/tjsokolkoberice.cz\/index.php?rest_route=\/wp\/v2\/media\/8389"}],"wp:attachment":[{"href":"https:\/\/tjsokolkoberice.cz\/index.php?rest_route=%2Fwp%2Fv2%2Fmedia&parent=8443"}],"wp:term":[{"taxonomy":"category","embeddable":true,"href":"https:\/\/tjsokolkoberice.cz\/index.php?rest_route=%2Fwp%2Fv2%2Fcategories&post=8443"},{"taxonomy":"post_tag","embeddable":true,"href":"https:\/\/tjsokolkoberice.cz\/index.php?rest_route=%2Fwp%2Fv2%2Ftags&post=8443"}],"curies":[{"name":"wp","href":"https:\/\/api.w.org\/{rel}","templated":true}]}}