{"id":8522,"date":"2025-02-05T07:02:38","date_gmt":"2025-02-05T06:02:38","guid":{"rendered":"https:\/\/tjsokolkoberice.cz\/?p=8522"},"modified":"2025-10-14T11:47:19","modified_gmt":"2025-10-14T10:47:19","slug":"a-muzstvo-absolvovalo-zimni-soustredeni","status":"publish","type":"post","link":"https:\/\/tjsokolkoberice.cz\/?p=8522","title":{"rendered":"A mu\u017estvo absolvovalo zimn\u00ed soust\u0159ed\u011bn\u00ed!"},"content":{"rendered":"<p style=\"text-align: justify;\"><span style=\"font-size: 14pt; font-family: helvetica, arial, sans-serif;\"><b>A mu\u017estvo absolvovalo zimn\u00ed soust\u0159ed\u011bn\u00ed!<\/b><\/span><\/p>\n<div style=\"text-align: justify;\"><span style=\"font-size: 12pt; font-family: helvetica, arial, sans-serif;\">Od \u010dtvrtka 30.1. do ned\u011ble 2.2.2025 pob\u00fdvalo na\u0161e A mu\u017estvo na zimn\u00edm soust\u0159ed\u011bn\u00ed na chat\u011b Moravici v Karlov\u011b pod Prad\u011bdem. B\u011bhem dvou a\u017e t\u0159\u00edf\u00e1zov\u00fdch tr\u00e9nink\u016f vyu\u017e\u00edvali hr\u00e1\u010di okoln\u00ed ter\u00e9n, dva tr\u00e9ninky prob\u011bhly na um\u011bl\u00e9 tr\u00e1v\u011b v Brunt\u00e1le a posilovnu a regeneraci vyu\u017eili v p\u0159ilehl\u00e9m hotelu Kamz\u00edk. Soust\u0159ed\u011bn\u00ed se z\u00fa\u010dastnilo 23 hr\u00e1\u010d\u016f v\u010detn\u011b na\u0161ich talentovan\u00fdch dorostenc\u016f a 3 \u010dlenov\u00e9 realiza\u010dn\u00edho t\u00fdmu. Chyb\u011bl pouze dlouhodob\u011b nemocn\u00fd brank\u00e1\u0159 Dominik Pavlovi\u010d, kter\u00e9mu p\u0159ejeme brzk\u00e9 uzdraven\u00ed. Naopak p\u0159\u00edtomen byl Martin St\u0159\u00edbn\u00fd, kter\u00e9ho \u010dek\u00e1 v \u00fanoru operace zran\u011bn\u00e9ho kolene. Jemu tak\u00e9 p\u0159ejeme brzkou rekonvalescenci a rychl\u00fd n\u00e1vrat na h\u0159i\u0161t\u011b!&nbsp;<\/span><\/div>\n<div style=\"text-align: justify;\">&nbsp;<\/div>\n<div style=\"text-align: justify;\"><span style=\"font-size: 12pt; font-family: helvetica, arial, sans-serif;\"><b>Soust\u0159ed\u011bn\u00ed se z\u00fa\u010dastnili:<\/b><\/span><\/div>\n<div>&nbsp;<\/div>\n<div>\n<p class=\"-wm-MsoNormal\" style=\"text-align: justify;\"><span style=\"font-size: 12pt; font-family: helvetica, arial, sans-serif;\"><b>Brank\u00e1\u0159:<\/b>&nbsp;Petr \u0160tencel<\/span><\/p>\n<p class=\"-wm-MsoNormal\" style=\"text-align: justify;\"><span style=\"font-size: 12pt; font-family: helvetica, arial, sans-serif;\"><b>Hr\u00e1\u010di:&nbsp;<\/b>Dominik Stare\u010dek, Ond\u0159ej Stuchl\u00edk, Adam Hartmann, Anton\u00edn Kubn\u00fd, Adam \u0160ime\u010dek, Martin St\u0159\u00edbn\u00fd, Andreas Kolar\u010d\u00edk, Mat\u011bj Gross, Vojt\u011bch Petzuch, Vojt\u011bch St\u0159\u00edbn\u00fd, Pavel \u0160evior, Tom\u00e1\u0161 Nov\u00e1\u010dek, Robin Wirth, Ond\u0159ej Ve\u010derek, Petr Ka\u0161n\u00fd, Zden\u011bk Kry\u0161tof, Martin Schlischka, Dominik Kraut, Alan Sotorn\u00edk, Tobias Breksa, Max Slanina, Vojt\u011bch Hant\u00e1k<\/span><\/p>\n<p class=\"-wm-MsoNormal\" style=\"text-align: justify;\"><span style=\"font-size: 12pt; font-family: helvetica, arial, sans-serif;\"><b>Tren\u00e9r:<\/b>&nbsp;Ond\u0159ej Ficek,&nbsp;<b>asistenti:<\/b>&nbsp;Ren\u00e9 Wirth, Jan \u010cujek<\/span><\/p>\nngg_shortcode_0_placeholder\n<\/div>\n","protected":false},"excerpt":{"rendered":"<p>A mu\u017estvo absolvovalo zimn\u00ed soust\u0159ed\u011bn\u00ed! Od \u010dtvrtka 30.1. do ned\u011ble 2.2.2025 pob\u00fdvalo na\u0161e A mu\u017estvo na zimn\u00edm soust\u0159ed\u011bn\u00ed na chat\u011b Moravici v Karlov\u011b pod Prad\u011bdem. B\u011bhem<span class=\"excerpt-hellip\"> [\u2026]<\/span><\/p>\n","protected":false},"author":3,"featured_media":8523,"comment_status":"closed","ping_status":"open","sticky":false,"template":"","format":"standard","meta":{"ngg_post_thumbnail":0,"footnotes":""},"categories":[115,107],"tags":[],"class_list":["post-8522","post","type-post","status-publish","format-standard","has-post-thumbnail","hentry","category-a-tym","category-fotbal"],"_links":{"self":[{"href":"https:\/\/tjsokolkoberice.cz\/index.php?rest_route=\/wp\/v2\/posts\/8522","targetHints":{"allow":["GET"]}}],"collection":[{"href":"https:\/\/tjsokolkoberice.cz\/index.php?rest_route=\/wp\/v2\/posts"}],"about":[{"href":"https:\/\/tjsokolkoberice.cz\/index.php?rest_route=\/wp\/v2\/types\/post"}],"author":[{"embeddable":true,"href":"https:\/\/tjsokolkoberice.cz\/index.php?rest_route=\/wp\/v2\/users\/3"}],"replies":[{"embeddable":true,"href":"https:\/\/tjsokolkoberice.cz\/index.php?rest_route=%2Fwp%2Fv2%2Fcomments&post=8522"}],"version-history":[{"count":3,"href":"https:\/\/tjsokolkoberice.cz\/index.php?rest_route=\/wp\/v2\/posts\/8522\/revisions"}],"predecessor-version":[{"id":8545,"href":"https:\/\/tjsokolkoberice.cz\/index.php?rest_route=\/wp\/v2\/posts\/8522\/revisions\/8545"}],"wp:featuredmedia":[{"embeddable":true,"href":"https:\/\/tjsokolkoberice.cz\/index.php?rest_route=\/wp\/v2\/media\/8523"}],"wp:attachment":[{"href":"https:\/\/tjsokolkoberice.cz\/index.php?rest_route=%2Fwp%2Fv2%2Fmedia&parent=8522"}],"wp:term":[{"taxonomy":"category","embeddable":true,"href":"https:\/\/tjsokolkoberice.cz\/index.php?rest_route=%2Fwp%2Fv2%2Fcategories&post=8522"},{"taxonomy":"post_tag","embeddable":true,"href":"https:\/\/tjsokolkoberice.cz\/index.php?rest_route=%2Fwp%2Fv2%2Ftags&post=8522"}],"curies":[{"name":"wp","href":"https:\/\/api.w.org\/{rel}","templated":true}]}}