{"id":8589,"date":"2025-03-13T13:05:19","date_gmt":"2025-03-13T12:05:19","guid":{"rendered":"https:\/\/tjsokolkoberice.cz\/?p=8589"},"modified":"2025-10-14T11:46:55","modified_gmt":"2025-10-14T10:46:55","slug":"startuje-jarni-cast-krajskeho-preboru-muzu-2","status":"publish","type":"post","link":"https:\/\/tjsokolkoberice.cz\/?p=8589","title":{"rendered":"Startuje jarn\u00ed \u010d\u00e1st krajsk\u00e9ho p\u0159eboru mu\u017e\u016f!"},"content":{"rendered":"<p style=\"text-align: justify;\"><span style=\"font-size: 14pt; font-family: helvetica, arial, sans-serif;\"><strong>Startuje jarn\u00ed \u010d\u00e1st krajsk\u00e9ho p\u0159eboru mu\u017e\u016f!<\/strong><\/span><\/p>\n<p style=\"text-align: justify;\"><span style=\"font-size: 12pt; font-family: helvetica, arial, sans-serif;\">Po \u010dty\u0159m\u011bs\u00ed\u010dn\u00ed odmlce zah\u00e1j\u00ed o nadch\u00e1zej\u00edc\u00edm v\u00edkendu na\u0161i A mu\u017ei odvetn\u00e9 souboje v r\u00e1mci jarn\u00ed \u010d\u00e1sti krajsk\u00e9ho p\u0159eboru. Na\u0161im prvn\u00edm soupe\u0159em budou v&nbsp;sobotu 15.3. od 15 hod. He\u0159manice.&nbsp;<\/span><\/p>\n<p style=\"text-align: justify;\"><span style=\"font-size: 12pt; font-family: helvetica, arial, sans-serif;\">Na\u0161e mu\u017estvo pod veden\u00edm tren\u00e9ra Ond\u0159eje Ficka a asistent\u016f Jana \u010cujka a Ren\u00e9ho Wirtha absolvovali b\u011bhem dlouh\u00e9 zimn\u00ed p\u0159\u00edpravy tak\u00e9 soust\u0159ed\u011bn\u00ed v&nbsp;Karlov\u011b pod Prad\u011bdem. Krom\u011b nab\u00edr\u00e1n\u00ed fyzick\u00e9 kondice vyu\u017e\u00edvali b\u011bhem p\u0159\u00edpravy tak\u00e9 um\u011blou tr\u00e1vu v&nbsp;Chlebi\u010dov\u011b nebo v&nbsp;Kyle\u0161ovic\u00edch. Na\u0161e mu\u017estvo odehr\u00e1lo 4 p\u0159\u00edpravn\u00e1 utk\u00e1n\u00ed, ve kter\u00fdch jsme postupn\u011b porazili Chlebi\u010dov 6:0, d\u00e1le rakousk\u00fd Albrechtsberg 8:3, opavskou U17 5:2 a v&nbsp;gener\u00e1lce Old\u0159i\u0161ov 5:1. V\u011b\u0159\u00edme, \u017ee mu\u017estvo je kvalitn\u011b p\u0159ipraveno, co\u017e doufejme potvrd\u00ed v jarn\u00ed \u010d\u00e1sti sout\u011b\u017ee.<\/span><\/p>\n<p style=\"text-align: justify;\"><span style=\"font-size: 12pt; font-family: helvetica, arial, sans-serif;\">Co se k\u00e1dru t\u00fd\u010de, oproti podzimu nedoznalo v\u00fdrazn\u00fdch zm\u011bn. Nad\u00e1le z\u016fstala zku\u0161en\u00e1 osa t\u00fdmu, kter\u00e1 je dopln\u011bna mlad\u00edky z dorostu. T\u00edmto sm\u011brem, tedy za\u010dle\u0148ov\u00e1n\u00edm mlad\u00fdch nad\u011bjn\u00fdch hr\u00e1\u010d\u016f z dorostu, se budeme cht\u00edt ub\u00edrat i nad\u00e1le.&nbsp;V&nbsp;jarn\u00ed \u010d\u00e1sti sout\u011b\u017ee budou hostovat Alan Sotorn\u00edk a Tobias Breksa v&nbsp;Chlebi\u010dov\u011b, aby nabrali pot\u0159ebn\u00e9 zku\u0161enosti s&nbsp;mu\u017esk\u00fdm fotbalem a hlavn\u011b, aby m\u011bli pat\u0159i\u010dn\u00e9 hern\u00ed vyt\u00ed\u017een\u00ed. Do jarn\u00edch boj\u016f ur\u010dit\u011b nezas\u00e1hne Martin St\u0159\u00edbn\u00fd, kter\u00fd je po operaci kolene a kter\u00e9mu p\u0159ejeme brzkou rekonvalescenci. Pozd\u011bji se po zran\u011bn\u00ed p\u0159ipoj\u00ed rovn\u011b\u017e Dominik Kraut, Vojt\u011bch St\u0159\u00edbn\u00fd a golman Dominik Pavlovi\u010d. &nbsp;<\/span><\/p>\n<p style=\"text-align: justify;\"><span style=\"font-size: 12pt; font-family: helvetica, arial, sans-serif;\">Do prvn\u00edho jarn\u00edho utk\u00e1n\u00ed vstupujeme ze solidn\u00ed 6. pozice se ziskem 24 bod\u016f, kdy\u017e jsme v 15 utk\u00e1n\u00edch 7x zv\u00edt\u011bzili, 3x remizovali a prohr\u00e1li v 5 p\u0159\u00edpadech.&nbsp;N\u00e1\u0161 sobotn\u00ed soupe\u0159 se nach\u00e1z\u00ed na pr\u016fb\u011b\u017en\u00e9 11. p\u0159\u00ed\u010dce s&nbsp;16 body a s&nbsp;bilanc\u00ed 5 v\u00fdher, 1 rem\u00edzy a 9 por\u00e1\u017eek.&nbsp;<strong>Utk\u00e1n\u00ed v He\u0159manic\u00edch m\u00e1 v\u00fdkop v sobotu 15.3.2025 od 15 hod. <\/strong>Na utk\u00e1n\u00ed se jede auty!<\/span><\/p>\n<p style=\"text-align: justify;\"><span style=\"font-size: 12pt; font-family: helvetica, arial, sans-serif;\"><strong>Aktu\u00e1ln\u00ed slo\u017een\u00ed k\u00e1dru A mu\u017estva:<\/strong><\/span><\/p>\n<p style=\"text-align: justify;\"><span style=\"font-size: 12pt; font-family: helvetica, arial, sans-serif;\"><strong>Brank\u00e1\u0159i:<\/strong>&nbsp;Petr \u0160tencel, Dominik Pavlovi\u010d<\/span><\/p>\n<p style=\"text-align: justify;\"><span style=\"font-size: 12pt; font-family: helvetica, arial, sans-serif;\"><strong>Hr\u00e1\u010di:&nbsp;<\/strong>Dominik Stare\u010dek, Ond\u0159ej Stuchl\u00edk, Adam Hartmann, Anton\u00edn Kubn\u00fd, Adam \u0160ime\u010dek, Andreas Kolar\u010d\u00edk, Mat\u011bj Gross, Vojt\u011bch Petzuch, Vojt\u011bch St\u0159\u00edbn\u00fd, Pavel \u0160evior, Tom\u00e1\u0161 Nov\u00e1\u010dek, Robin Wirth, Ond\u0159ej Ve\u010derek, Petr Ka\u0161n\u00fd, Zden\u011bk Kry\u0161tof, Martin Schlischka, Dominik Kraut, Max Slanina, Vojt\u011bch Hant\u00e1k<\/span><\/p>\n<p style=\"text-align: justify;\"><span style=\"font-size: 12pt; font-family: helvetica, arial, sans-serif;\"><strong>Tren\u00e9r:<\/strong>&nbsp;Ond\u0159ej Ficek,&nbsp;<strong>asistenti:<\/strong> Ren\u00e9 Wirth, Jan \u010cujek<\/span><\/p>\n","protected":false},"excerpt":{"rendered":"<p>Startuje jarn\u00ed \u010d\u00e1st krajsk\u00e9ho p\u0159eboru mu\u017e\u016f! Po \u010dty\u0159m\u011bs\u00ed\u010dn\u00ed odmlce zah\u00e1j\u00ed o nadch\u00e1zej\u00edc\u00edm v\u00edkendu na\u0161i A mu\u017ei odvetn\u00e9 souboje v r\u00e1mci jarn\u00ed \u010d\u00e1sti krajsk\u00e9ho p\u0159eboru. Na\u0161im prvn\u00edm<span class=\"excerpt-hellip\"> [\u2026]<\/span><\/p>\n","protected":false},"author":3,"featured_media":8389,"comment_status":"closed","ping_status":"open","sticky":false,"template":"","format":"standard","meta":{"ngg_post_thumbnail":0,"footnotes":""},"categories":[115,107],"tags":[],"class_list":["post-8589","post","type-post","status-publish","format-standard","has-post-thumbnail","hentry","category-a-tym","category-fotbal"],"_links":{"self":[{"href":"https:\/\/tjsokolkoberice.cz\/index.php?rest_route=\/wp\/v2\/posts\/8589","targetHints":{"allow":["GET"]}}],"collection":[{"href":"https:\/\/tjsokolkoberice.cz\/index.php?rest_route=\/wp\/v2\/posts"}],"about":[{"href":"https:\/\/tjsokolkoberice.cz\/index.php?rest_route=\/wp\/v2\/types\/post"}],"author":[{"embeddable":true,"href":"https:\/\/tjsokolkoberice.cz\/index.php?rest_route=\/wp\/v2\/users\/3"}],"replies":[{"embeddable":true,"href":"https:\/\/tjsokolkoberice.cz\/index.php?rest_route=%2Fwp%2Fv2%2Fcomments&post=8589"}],"version-history":[{"count":1,"href":"https:\/\/tjsokolkoberice.cz\/index.php?rest_route=\/wp\/v2\/posts\/8589\/revisions"}],"predecessor-version":[{"id":8590,"href":"https:\/\/tjsokolkoberice.cz\/index.php?rest_route=\/wp\/v2\/posts\/8589\/revisions\/8590"}],"wp:featuredmedia":[{"embeddable":true,"href":"https:\/\/tjsokolkoberice.cz\/index.php?rest_route=\/wp\/v2\/media\/8389"}],"wp:attachment":[{"href":"https:\/\/tjsokolkoberice.cz\/index.php?rest_route=%2Fwp%2Fv2%2Fmedia&parent=8589"}],"wp:term":[{"taxonomy":"category","embeddable":true,"href":"https:\/\/tjsokolkoberice.cz\/index.php?rest_route=%2Fwp%2Fv2%2Fcategories&post=8589"},{"taxonomy":"post_tag","embeddable":true,"href":"https:\/\/tjsokolkoberice.cz\/index.php?rest_route=%2Fwp%2Fv2%2Ftags&post=8589"}],"curies":[{"name":"wp","href":"https:\/\/api.w.org\/{rel}","templated":true}]}}