{"id":8593,"date":"2025-03-19T09:09:59","date_gmt":"2025-03-19T08:09:59","guid":{"rendered":"https:\/\/tjsokolkoberice.cz\/?p=8593"},"modified":"2025-10-14T11:46:55","modified_gmt":"2025-10-14T10:46:55","slug":"skvela-otocka-koberic","status":"publish","type":"post","link":"https:\/\/tjsokolkoberice.cz\/?p=8593","title":{"rendered":"Skv\u011bl\u00e1 oto\u010dka Kobe\u0159ic"},"content":{"rendered":"<p style=\"text-align: justify;\"><span style=\"font-family: helvetica, arial, sans-serif; font-size: 14pt;\"><strong>Skv\u011bl\u00e1 oto\u010dka Kobe\u0159ic<\/strong><\/span><\/p>\n<p style=\"text-align: justify;\"><span style=\"font-family: helvetica, arial, sans-serif; font-size: 12pt;\">Sobota 15.3.2025<\/span><\/p>\n<p style=\"text-align: justify;\"><span style=\"font-family: helvetica, arial, sans-serif; font-size: 12pt;\"><strong>He\u0159manice \u2013 Kobe\u0159ice 1:3 (1:0)<\/strong><\/span><\/p>\n<p style=\"text-align: justify;\"><span style=\"font-family: helvetica, arial, sans-serif; font-size: 12pt;\">K prvn\u00edmu leto\u0161n\u00edmu ostr\u00e9mu utk\u00e1n\u00ed odcestovaly Kobe\u0159ice do ostravsk\u00fdch He\u0159manic. Po polo\u010dase se zd\u00e1lo, \u017ee host\u00e9 odjedou s pr\u00e1zdnou, ale po p\u0159est\u00e1vce se na\u0161t\u011bst\u00ed vzpamatovali a oto\u010dili nep\u0159\u00edzniv\u00fd stav. Dvakr\u00e1t se trefil kapit\u00e1n \u0160ime\u010dek.<\/span><\/p>\n<p style=\"text-align: justify;\"><span style=\"font-family: helvetica, arial, sans-serif; font-size: 12pt;\">Kobe\u0159ice si mohly z\u00e1pas usnadnit p\u0159i samostatn\u00e9m n\u00e1jezdu Nov\u00e1\u010dka, kter\u00fd bohu\u017eel v kl\u00ed\u010dov\u00e9m momentu selhal. Potom se uplatnilo nesmrteln\u00e9 pravidlo \u201ened\u00e1\u0161 &#8211; dostane\u0161&#8220;. Prakticky z proti\u00fatoku se toti\u017e prosadil dom\u00e1c\u00ed P\u016fda 1:0. T\u011bsn\u011b p\u0159ed p\u0159est\u00e1vkou zahrozil \u0160ime\u010dek, ale teprve se zast\u0159eloval.<\/span><\/p>\n<p style=\"text-align: justify;\"><span style=\"font-family: helvetica, arial, sans-serif; font-size: 12pt;\">\u0160ime\u010dek si na\u0161t\u011bst\u00ed spravil chu\u0165 zkraje druh\u00e9 p\u016fle. Po akci Nov\u00e1\u010dka s Ve\u010derkem se dostal kobe\u0159ick\u00fd kapit\u00e1n k m\u00ed\u010di a neomyln\u011b rozvlnil s\u00ed\u0165 \u2013 1:1. Host\u016fm narostla k\u0159\u00eddla, tak\u017ee brzy do\u0161lo k obratu. Kolar\u010dik vyslal kup\u0159edu \u0160ime\u010dka, kter\u00fd z pom\u011brn\u011b ostr\u00e9ho \u00fahlu zam\u00ed\u0159il p\u0159esn\u011b k vzd\u00e1len\u011bj\u0161\u00ed ty\u010di \u2013 1:2. Pojistku n\u00e1sledn\u011b odm\u00edtli Kubn\u00fd, Ka\u0161n\u00fd a pr\u00e1v\u011b \u0160ime\u010dek, kter\u00fd nebyl daleko od \u010dist\u00e9ho hattricku. Na opa\u010dn\u00e9 stran\u011b pak Byrtus rozezvonil ty\u010dku.<\/span><\/p>\n<p style=\"text-align: justify;\"><span style=\"font-family: helvetica, arial, sans-serif; font-size: 12pt;\">Kobe\u0159ice si definitivn\u011b oddechly v nastaven\u00e9m \u010dase. Ka\u0161-n\u00fd toti\u017e nap\u0159\u00e1hl z dvaceti metr\u016f a n\u00e1dhernou ranou pe\u010detil na v\u00fdsledn\u00fdch 1:3.<\/span><\/p>\n<p style=\"text-align: justify;\"><span style=\"font-family: helvetica, arial, sans-serif; font-size: 12pt;\">\u201eV prvn\u00edm polo\u010dase se n\u00e1m necht\u011blo moc b\u011bhat a soupe\u0159 toho vyu\u017eil. Po p\u0159est\u00e1vce jsme se zlep\u0161ili v pohybu a hodn\u011b n\u00e1m pomohl vyrovn\u00e1vac\u00ed g\u00f3l. Byl to t\u011b\u017ek\u00fd z\u00e1pas, tak\u017ee jsme moc r\u00e1di, \u017ee jsme to zvl\u00e1dli,&#8220; oddechl si kobe\u0159ick\u00fd strat\u00e9g Ond\u0159ej Ficek. (zdroj Region opavsko)&nbsp;<\/span><\/p>\n<p style=\"text-align: justify;\"><span style=\"font-family: helvetica, arial, sans-serif; font-size: 12pt;\"><strong>&nbsp;<\/strong><\/span><\/p>\n<p style=\"text-align: justify;\"><span style=\"font-family: helvetica, arial, sans-serif; font-size: 12pt;\"><strong>Branky:<\/strong>&nbsp;31. P\u016fda \u2013 51. a 68. \u0160ime\u010dek, 90+3. Ka\u0161n\u00fd.<\/span><\/p>\n<p style=\"text-align: justify;\"><span style=\"font-family: helvetica, arial, sans-serif; font-size: 12pt;\"><strong>Rozhod\u010d\u00ed:<\/strong>&nbsp; Seidler \u2013 Mal\u00fd, Tom\u0161\u00edk<\/span><\/p>\n<p style=\"text-align: justify;\"><span style=\"font-family: helvetica, arial, sans-serif; font-size: 12pt;\"><strong>\u017dK:<\/strong>&nbsp;Zbavitel \u2013 Kolar\u010d\u00edk, Kubn\u00fd<\/span><\/p>\n<p style=\"text-align: justify;\"><span style=\"font-family: helvetica, arial, sans-serif; font-size: 12pt;\"><strong>Div\u00e1ci:<\/strong>&nbsp;45<\/span><\/p>\n<p style=\"text-align: justify;\"><span style=\"font-family: helvetica, arial, sans-serif; font-size: 12pt;\"><strong>Kobe\u0159ice:<\/strong>&nbsp;\u0160tencel \u2013 Ve\u010derek, \u0160evior, Stare\u010dek \u2013 Kry\u0161tof (78. Slanina), Wirth, Kolar\u010d\u00edk (72. Petzuch), Nov\u00e1\u010dek (72. Schlischka) &#8211; \u0160ime\u010dek, Stuchl\u00edk (78. Ka\u0161n\u00fd), Hartmann (72. Kubn\u00fd). Tren\u00e9r: Ond\u0159ej&nbsp;Ficek.&nbsp;<\/span><\/p>\n","protected":false},"excerpt":{"rendered":"<p>Skv\u011bl\u00e1 oto\u010dka Kobe\u0159ic Sobota 15.3.2025 He\u0159manice \u2013 Kobe\u0159ice 1:3 (1:0) K prvn\u00edmu leto\u0161n\u00edmu ostr\u00e9mu utk\u00e1n\u00ed odcestovaly Kobe\u0159ice do ostravsk\u00fdch He\u0159manic. Po polo\u010dase se zd\u00e1lo, \u017ee host\u00e9<span class=\"excerpt-hellip\"> [\u2026]<\/span><\/p>\n","protected":false},"author":3,"featured_media":3288,"comment_status":"closed","ping_status":"open","sticky":false,"template":"","format":"standard","meta":{"ngg_post_thumbnail":0,"footnotes":""},"categories":[115,107],"tags":[],"class_list":["post-8593","post","type-post","status-publish","format-standard","has-post-thumbnail","hentry","category-a-tym","category-fotbal"],"_links":{"self":[{"href":"https:\/\/tjsokolkoberice.cz\/index.php?rest_route=\/wp\/v2\/posts\/8593","targetHints":{"allow":["GET"]}}],"collection":[{"href":"https:\/\/tjsokolkoberice.cz\/index.php?rest_route=\/wp\/v2\/posts"}],"about":[{"href":"https:\/\/tjsokolkoberice.cz\/index.php?rest_route=\/wp\/v2\/types\/post"}],"author":[{"embeddable":true,"href":"https:\/\/tjsokolkoberice.cz\/index.php?rest_route=\/wp\/v2\/users\/3"}],"replies":[{"embeddable":true,"href":"https:\/\/tjsokolkoberice.cz\/index.php?rest_route=%2Fwp%2Fv2%2Fcomments&post=8593"}],"version-history":[{"count":2,"href":"https:\/\/tjsokolkoberice.cz\/index.php?rest_route=\/wp\/v2\/posts\/8593\/revisions"}],"predecessor-version":[{"id":8595,"href":"https:\/\/tjsokolkoberice.cz\/index.php?rest_route=\/wp\/v2\/posts\/8593\/revisions\/8595"}],"wp:featuredmedia":[{"embeddable":true,"href":"https:\/\/tjsokolkoberice.cz\/index.php?rest_route=\/wp\/v2\/media\/3288"}],"wp:attachment":[{"href":"https:\/\/tjsokolkoberice.cz\/index.php?rest_route=%2Fwp%2Fv2%2Fmedia&parent=8593"}],"wp:term":[{"taxonomy":"category","embeddable":true,"href":"https:\/\/tjsokolkoberice.cz\/index.php?rest_route=%2Fwp%2Fv2%2Fcategories&post=8593"},{"taxonomy":"post_tag","embeddable":true,"href":"https:\/\/tjsokolkoberice.cz\/index.php?rest_route=%2Fwp%2Fv2%2Ftags&post=8593"}],"curies":[{"name":"wp","href":"https:\/\/api.w.org\/{rel}","templated":true}]}}