{"id":8643,"date":"2025-04-28T11:08:44","date_gmt":"2025-04-28T10:08:44","guid":{"rendered":"https:\/\/tjsokolkoberice.cz\/?p=8643"},"modified":"2025-10-14T11:46:55","modified_gmt":"2025-10-14T10:46:55","slug":"vysledky-vikend-19-20-4-2025","status":"publish","type":"post","link":"https:\/\/tjsokolkoberice.cz\/?p=8643","title":{"rendered":"V\u00fdsledky: v\u00edkend 19. &#8211; 20. 4. 2025"},"content":{"rendered":"<p style=\"text-align: justify;\"><span style=\"font-size: 12pt; font-family: helvetica, arial, sans-serif;\"><strong>Kobe\u0159ice si zast\u0159\u00edlely<\/strong><\/span><\/p>\n<p style=\"text-align: justify;\"><span style=\"font-size: 12pt; font-family: helvetica, arial, sans-serif;\">Sobota 19.4.2025<\/span><\/p>\n<p style=\"text-align: justify;\"><span style=\"font-size: 12pt; font-family: helvetica, arial, sans-serif;\"><strong>Kobe\u0159ice \u2013 Ra\u0161kovice 6:0 (3:0)<\/strong><\/span><\/p>\n<p style=\"text-align: justify;\"><span style=\"font-size: 12pt; font-family: helvetica, arial, sans-serif;\">Kobe\u0159ice je\u0161t\u011b na ja\u0159e neprohr\u00e1ly, tak\u017ee proti nev\u00fdrazn\u00fdm Ra\u0161kovic\u00edm se od nich \u010dekaly t\u0159i body. Sv\u011b\u0159enci tren\u00e9ra Ficka ani tentokr\u00e1t neponechali nic n\u00e1hod\u011b, kdy\u017e slab\u00e9mu soupe\u0159i u\u0161t\u011bd\u0159ili \u0161est g\u00f3lov\u00fdch ran, kter\u00e9 rovnom\u011brn\u011b rozd\u011blili do obou polo\u010das\u016f.<\/span><\/p>\n<p style=\"text-align: justify;\"><span style=\"font-size: 12pt; font-family: helvetica, arial, sans-serif;\">Dom\u00e1c\u00ed fotbalist\u00e9 nakro\u010dili k v\u00edt\u011bzstv\u00ed ji\u017e v 6. minut\u011b, kdy Schlischka p\u0159edal m\u00ed\u010d Kolar\u010dikovi, jeho\u017e r\u00e1na z dvaceti metr\u016f se zabrzdila a\u017e v s\u00edti 1:0. O n\u011bkolik vte\u0159in pozd\u011b ji na\u0161el \u0160ime\u010dek ve v\u00e1pn\u011b Nov\u00e1\u010dka, kter\u00fd s p\u0159ehledem p\u0159e konal brank\u00e1\u0159e Koci\u00e1na \u2013 2:0. &#8211; T\u0159et\u00ed h\u0159eb\u00ed\u010dek do ra\u0161kovick\u00e9 rakve zatloukl Stare\u010dek, kdy\u017e se po rohu Ka\u0161n\u00e9ho op\u0159el do odra\u017een\u00e9ho balonu a nekompromisn\u011b zv\u00fd\u0161il na 3:0. A to je\u0161t\u011b p\u0159ed p\u0159est\u00e1vkou zahodili tutovky Schlischka s Nov\u00e1\u010dkem.<\/span><\/p>\n<p style=\"text-align: justify;\"><span style=\"font-size: 12pt; font-family: helvetica, arial, sans-serif;\">Ve druh\u00e9 p\u016fli Kobe\u0159ice viditeln\u011b polevily, tak\u017ee se prosadily a\u017e v z\u00e1v\u011bre\u010dn\u00e9 \u010dtvrthodince. A to dokonce t\u0159ikr\u00e1t. Nejprve Kraut p\u0159et\u00e1hl centr na Schlischku, po jeho\u017e zp\u011btn\u00e9m pasu nezav\u00e1hal Stuchl\u00edk 4:0. Pot\u00e9 Schlischka asistoval Wirthovi, kter\u00fd se z hranice \u0161estn\u00e1ctky nem\u00fdlil \u2013 5:0. Posledn\u00ed slovo si vzal Stuchl\u00edk po n\u00e1padit\u00e9 kombinaci s Kubn\u00fdm \u2013 6:0.<\/span><\/p>\n<p style=\"text-align: justify;\"><span style=\"font-size: 12pt; font-family: helvetica, arial, sans-serif;\">\u201eByl to pohodov\u00fd z\u00e1pas. Soupe\u0159 snad ani nevyst\u0159elil na na\u0161i branku. Brzy jsme dali dva g\u00f3ly, kter\u00e9 n\u00e1m samoz\u0159ejm\u011b pomohly, a pak u\u017e jsme utk\u00e1n\u00ed kontrolovali. Druh\u00fd polo\u010das byl z na\u0161\u00ed strany sp\u00ed\u0161e takovou \u00fadr\u017ebou,&#8220; konstatoval kobe\u0159ick\u00fd strat\u00e9g Ond\u0159ej Ficek. (zdroj Region opavsko)&nbsp;<\/span><\/p>\n<p style=\"text-align: justify;\"><span style=\"font-size: 12pt; font-family: helvetica, arial, sans-serif;\"><strong>Branky:<\/strong>&nbsp;75. a 87. Stuchl\u00edk, 6. Kolar\u010dik, 8. Nov\u00e1\u010dek, 24. Stare\u010dek, 85. Wirth.<\/span><\/p>\n<p style=\"text-align: justify;\"><span style=\"font-size: 12pt; font-family: helvetica, arial, sans-serif;\"><strong>Rozhod\u010d\u00ed:<\/strong>&nbsp; Priesol \u2013 Tab\u00e1\u0161ek, Le\u0161ko<\/span><\/p>\n<p style=\"text-align: justify;\"><span style=\"font-size: 12pt; font-family: helvetica, arial, sans-serif;\"><strong>\u017dK:<\/strong> Javorek<\/span><\/p>\n<p style=\"text-align: justify;\"><span style=\"font-size: 12pt; font-family: helvetica, arial, sans-serif;\"><strong>Div\u00e1ci:<\/strong>&nbsp;160<\/span><\/p>\n<p style=\"text-align: justify;\"><span style=\"font-size: 12pt; font-family: helvetica, arial, sans-serif;\"><strong>Kobe\u0159ice:<\/strong>&nbsp;\u0160tencel (46. Pavlovi\u010d) &#8211; Schlischka, Wirth, Stare\u010dek (53. St\u0159\u00edbn\u00fd) &#8211; Slanina, Ka\u0161n\u00fd, Kolar\u010dik, Kry\u0161tof (21. Ve\u010derek) \u2013 Kubn\u00fd \u2013 \u0160ime\u010dek (53. Stuchl\u00edk), Nov\u00e1\u010dek (71. Kraut). Tren\u00e9r: Ond\u0159ej&nbsp;Ficek<\/span><\/p>\n<p style=\"text-align: justify;\">&nbsp;<\/p>\n<p style=\"text-align: justify;\"><span style=\"font-size: 12pt; font-family: helvetica, arial, sans-serif;\">Sobota 19.4. 2025<\/span><\/p>\n<h4 style=\"text-align: justify;\"><span style=\"font-size: 12pt; font-family: helvetica, arial, sans-serif;\"><strong>B\u011bl\u00e1 \u2013 B mu\u017estvo 0:3 (0:2)<\/strong><\/span><\/h4>\n<h4 style=\"text-align: justify;\"><span style=\"font-size: 12pt; font-family: helvetica, arial, sans-serif;\"><strong>Branky: <\/strong>13. Stuchl\u00edk, 19. \u0160van\u010dar, 85. Pa\u0161ek<\/span><\/h4>\n<p style=\"text-align: justify;\"><span style=\"font-size: 12pt; font-family: helvetica, arial, sans-serif;\"><strong>Sestava<\/strong>: St\u0159\u00edbn\u00fd, Halfar, Christoph, Hahn, Kubn\u00fd M., Li\u0161ka, Pa\u0161ek, Biel\u00e1k, Stuchl\u00edk, \u0160van\u010dar, Kov\u00e1\u0159<\/span><\/p>\n<p style=\"text-align: justify;\"><span style=\"font-size: 12pt; font-family: helvetica, arial, sans-serif;\"><strong>St\u0159\u00eddali<\/strong>: Kubn\u00fd D., Jablonsk\u00fd, Slanina, Kretek, Be\u010dica<\/span><\/p>\n<p style=\"text-align: justify;\">&nbsp;<\/p>\n<p style=\"text-align: justify;\"><span style=\"font-size: 12pt; font-family: helvetica, arial, sans-serif;\">Ned\u011ble 20.4. 2025<\/span><\/p>\n<h4 style=\"text-align: justify;\"><span style=\"font-size: 12pt; font-family: helvetica, arial, sans-serif;\"><strong>Dorost \u2013 Bolatice 2:1 (2:0)<\/strong><\/span><\/h4>\n<h4 style=\"text-align: justify;\"><span style=\"font-size: 12pt; font-family: helvetica, arial, sans-serif;\"><strong>Branky:<\/strong> 23. Slanina, 35. St\u0159\u00edbn\u00fd<\/span><\/h4>\n<p style=\"text-align: justify;\"><span style=\"font-size: 12pt; font-family: helvetica, arial, sans-serif;\"><strong>Sestava:<\/strong> Pavlovi\u010d, St\u0159\u00edbn\u00fd V., Hant\u00e1k, Hanzl\u00edk, Gross, Lipnick\u00fd, V\u00e1clav\u00edk, Birtek, Kubn\u00fd, Cziepl\u00fd, Slanina<\/span><\/p>\n<p style=\"text-align: justify;\"><span style=\"font-size: 12pt; font-family: helvetica, arial, sans-serif;\"><strong>St\u0159\u00eddali<\/strong>: Mrva, Poni\u0161t, Besta, St\u0159\u00edbn\u00fd, Hrb\u00e1\u010d<\/span><\/p>\n<p>&nbsp;<\/p>\n<p><span style=\"font-family: helvetica, arial, sans-serif; font-size: 12pt;\"><strong>Tabulky:<\/strong><\/span><\/p>\n<p>[cs_button button_size=&#8220;btn-lg&#8220; button_title=&#8220;Mu\u017ei A&#8220; button_link=&#8220;https:\/\/www.fotbal.cz\/souteze\/turnaje\/hlavni\/e62826bf-ed9a-488f-8aab-a6d4d6113506&#8243; button_border=&#8220;yes&#8220; =&#8220;null&#8220; button_icon=&#8220;icon-th&#8220; button_icon_position=&#8220;left&#8220; button_type=&#8220;rectangle&#8220; button_target=&#8220;_blank&#8220;][cs_button button_size=&#8220;btn-lg&#8220; button_title=&#8220;Mu\u017ei B&#8220; button_link=&#8220;https:\/\/www.fotbal.cz\/souteze\/turnaje\/hlavni\/d6fc7cea-c8db-469e-94c1-bd6e1ff5aad8&#8243; button_border=&#8220;yes&#8220; =&#8220;null&#8220; button_icon=&#8220;icon-th&#8220; button_icon_position=&#8220;left&#8220; button_type=&#8220;rectangle&#8220; button_target=&#8220;_blank&#8220;][cs_button button_size=&#8220;btn-lg&#8220; button_title=&#8220;Dorost&#8220; button_link=&#8220;https:\/\/www.fotbal.cz\/souteze\/turnaje\/hlavni\/daef9305-625b-44ff-95ce-73052a58f56a&#8220; button_border=&#8220;yes&#8220; =&#8220;null&#8220; button_icon=&#8220;icon-th&#8220; button_icon_position=&#8220;left&#8220; button_type=&#8220;rectangle&#8220; button_target=&#8220;_blank&#8220;][cs_button button_size=&#8220;btn-lg&#8220; button_title=&#8220;Star\u0161\u00ed \u017e\u00e1ci&#8220; button_link=&#8220;https:\/\/www.fotbal.cz\/souteze\/turnaje\/hlavni\/f69032eb-36bf-4e80-a8e4-348921684309&#8243; button_border=&#8220;yes&#8220; =&#8220;null&#8220; button_icon=&#8220;icon-th&#8220; button_icon_position=&#8220;left&#8220; button_type=&#8220;rectangle&#8220; button_target=&#8220;_blank&#8220;][cs_button button_size=&#8220;btn-lg&#8220; button_title=&#8220;Mlad\u0161\u00ed \u017e\u00e1ci&#8220; button_link=&#8220;https:\/\/www.fotbal.cz\/souteze\/turnaje\/hlavni\/7880daba-a312-44d1-acc3-4774320a130b&#8220; button_border=&#8220;yes&#8220; =&#8220;null&#8220; button_icon=&#8220;icon-th&#8220; button_icon_position=&#8220;left&#8220; button_type=&#8220;rectangle&#8220; button_target=&#8220;_blank&#8220;][cs_button button_size=&#8220;btn-lg&#8220; button_title=&#8220;St. p\u0159\u00edpravka&#8220; button_link=&#8220;https:\/\/www.fotbal.cz\/souteze\/turnaje\/hlavni\/f9fd4d80-ae23-46e3-b743-0109b37c18a5&#8243; button_border=&#8220;yes&#8220; =&#8220;null&#8220; button_icon=&#8220;icon-th&#8220; button_icon_position=&#8220;left&#8220; button_type=&#8220;rectangle&#8220; button_target=&#8220;_blank&#8220;][cs_button button_size=&#8220;btn-lg&#8220; button_title=&#8220;Ml. p\u0159\u00edpravka&#8220; button_link=&#8220;https:\/\/www.fotbal.cz\/souteze\/turnaje\/hlavni\/a514e591-3dac-4350-af0a-f655e3d4f268&#8243; button_border=&#8220;yes&#8220; =&#8220;null&#8220; button_icon=&#8220;icon-th&#8220; button_icon_position=&#8220;left&#8220; button_type=&#8220;rectangle&#8220; button_target=&#8220;_blank&#8220;]<br \/>\n&nbsp;<\/p>\n","protected":false},"excerpt":{"rendered":"<p>Kobe\u0159ice si zast\u0159\u00edlely Sobota 19.4.2025 Kobe\u0159ice \u2013 Ra\u0161kovice 6:0 (3:0) Kobe\u0159ice je\u0161t\u011b na ja\u0159e neprohr\u00e1ly, tak\u017ee proti nev\u00fdrazn\u00fdm Ra\u0161kovic\u00edm se od nich \u010dekaly t\u0159i body. Sv\u011b\u0159enci<span class=\"excerpt-hellip\"> [\u2026]<\/span><\/p>\n","protected":false},"author":3,"featured_media":8005,"comment_status":"closed","ping_status":"open","sticky":false,"template":"","format":"standard","meta":{"ngg_post_thumbnail":0,"footnotes":""},"categories":[115,112,110,107],"tags":[],"class_list":["post-8643","post","type-post","status-publish","format-standard","has-post-thumbnail","hentry","category-a-tym","category-b-tym","category-dorost","category-fotbal"],"_links":{"self":[{"href":"https:\/\/tjsokolkoberice.cz\/index.php?rest_route=\/wp\/v2\/posts\/8643","targetHints":{"allow":["GET"]}}],"collection":[{"href":"https:\/\/tjsokolkoberice.cz\/index.php?rest_route=\/wp\/v2\/posts"}],"about":[{"href":"https:\/\/tjsokolkoberice.cz\/index.php?rest_route=\/wp\/v2\/types\/post"}],"author":[{"embeddable":true,"href":"https:\/\/tjsokolkoberice.cz\/index.php?rest_route=\/wp\/v2\/users\/3"}],"replies":[{"embeddable":true,"href":"https:\/\/tjsokolkoberice.cz\/index.php?rest_route=%2Fwp%2Fv2%2Fcomments&post=8643"}],"version-history":[{"count":2,"href":"https:\/\/tjsokolkoberice.cz\/index.php?rest_route=\/wp\/v2\/posts\/8643\/revisions"}],"predecessor-version":[{"id":8645,"href":"https:\/\/tjsokolkoberice.cz\/index.php?rest_route=\/wp\/v2\/posts\/8643\/revisions\/8645"}],"wp:featuredmedia":[{"embeddable":true,"href":"https:\/\/tjsokolkoberice.cz\/index.php?rest_route=\/wp\/v2\/media\/8005"}],"wp:attachment":[{"href":"https:\/\/tjsokolkoberice.cz\/index.php?rest_route=%2Fwp%2Fv2%2Fmedia&parent=8643"}],"wp:term":[{"taxonomy":"category","embeddable":true,"href":"https:\/\/tjsokolkoberice.cz\/index.php?rest_route=%2Fwp%2Fv2%2Fcategories&post=8643"},{"taxonomy":"post_tag","embeddable":true,"href":"https:\/\/tjsokolkoberice.cz\/index.php?rest_route=%2Fwp%2Fv2%2Ftags&post=8643"}],"curies":[{"name":"wp","href":"https:\/\/api.w.org\/{rel}","templated":true}]}}