{"id":8647,"date":"2025-05-01T10:15:03","date_gmt":"2025-05-01T09:15:03","guid":{"rendered":"https:\/\/tjsokolkoberice.cz\/?p=8647"},"modified":"2025-10-14T11:46:55","modified_gmt":"2025-10-14T10:46:55","slug":"vysledky-minuleho-tydne-27","status":"publish","type":"post","link":"https:\/\/tjsokolkoberice.cz\/?p=8647","title":{"rendered":"V\u00fdsledky minul\u00e9ho t\u00fddne"},"content":{"rendered":"<p style=\"text-align: justify;\"><span style=\"font-size: 12pt; font-family: helvetica, arial, sans-serif;\"><strong>Prvn\u00ed por\u00e1\u017eka Kobe\u0159ic<\/strong><\/span><\/p>\n<p style=\"text-align: justify;\"><span style=\"font-size: 12pt; font-family: helvetica, arial, sans-serif;\">Sobota 26.4.2025<\/span><\/p>\n<p style=\"text-align: justify;\"><span style=\"font-size: 12pt; font-family: helvetica, arial, sans-serif;\"><strong>Stonava \u2013 Kobe\u0159ice 2:0 (0:0)<\/strong><\/span><\/p>\n<p style=\"text-align: justify;\"><span style=\"font-size: 12pt; font-family: helvetica, arial, sans-serif;\">K nejv\u011bt\u0161\u00edm \u0161l\u00e1gr\u016fm v\u00edkendov\u00e9ho kola moravskoslezsk\u00e9ho krajsk\u00e9ho p\u0159eboru jist\u011b pat\u0159ilo sobotn\u00ed utk\u00e1n\u00ed mezi Stonavou a Kobe\u0159icemi. Hosty zdob\u00ed na ja\u0159e vynikaj\u00edc\u00ed forma, jen\u017ee tentokr\u00e1t se p\u0159edstavili na hork\u00e9 p\u016fd\u011b kandid\u00e1ta postupu, kter\u00fd v z\u00e1v\u011bru rozhodl o sv\u00e9m v\u00edt\u011bzstv\u00ed.<\/span><\/p>\n<p style=\"text-align: justify;\"><span style=\"font-size: 12pt; font-family: helvetica, arial, sans-serif;\">Kobe\u0159ice p\u0159itom v \u00favodu h\u00fd\u0159ily aktivitou, kdy\u017e ji\u017e v 8. minut\u011b nabil \u0160ime\u010dek do solidn\u00ed palebn\u00e9 pozice Kolar\u010d\u00edkovi, kter\u00fd v\u0161ak zam\u00ed\u0159il vedle. O chv\u00edli pozd\u011bji vyslal technick\u00fd pokus Schlischka, jen\u017ee dom\u00e1c\u00ed g\u00f3lman P\u0159ibyl se nenechal nachytat. Stonava spol\u00e9hala p\u0159edev\u0161\u00edm na nebezpe\u010dn\u00e9 standardn\u00ed situace, ale brank\u00e1\u0159 \u0160tencel v\u0161echny centrovan\u00e9 m\u00ed\u010de sb\u00edral. T\u011bsn\u011b p\u0159ed p\u0159est\u00e1vkou nav\u00edc \u0160tencel bravurn\u011b zlikvidoval s\u00f3lov\u00fd n\u00e1jezd soupe\u0159e, tak\u017ee se do kabin odch\u00e1zelo za nerozhodn\u00e9ho stavu.<\/span><\/p>\n<p style=\"text-align: justify;\"><span style=\"font-size: 12pt; font-family: helvetica, arial, sans-serif;\">Kl\u00ed\u010dov\u00fd moment z\u00e1pasu nastal v 75. minut\u011b. Dom\u00e1c\u00ed \u0160i\u0161ka toti\u017e uklidil odra\u017een\u00fd balon p\u0159esn\u011b k ty\u010di \u2013 1:0. Vyrovnat mohl Kraut, jen\u017ee po chyt\u0159e rozehran\u00e9m trest\u0148\u00e1ku Ka\u0161n\u00e9ho nep\u0159ekonal pozorn\u00e9ho P\u0159ibyla. Definitivn\u011b vymalov\u00e1no pak bylo po faulu \u0160tencela a prom\u011bn\u011bn\u00e9 penalt\u011b V\u011b\u010dorka &#8211; 2:0. Kobe\u0159ice tak poprv\u00e9 na ja\u0159e padly.<\/span><\/p>\n<p style=\"text-align: justify;\"><span style=\"font-size: 12pt; font-family: helvetica, arial, sans-serif;\">&nbsp;\u201eMysl\u00edm si, \u017ee spravedliv\u011bj\u0161\u00edm v\u00fdsledkem by byla rem\u00edza. Hlavn\u011b prvn\u00ed polo\u010das se mi z na\u0161\u00ed strany velice l\u00edbil, kdy\u017e jsme si vytvo\u0159ili n\u011bkolik zaj\u00edmav\u00fdch p\u0159\u00edle\u017eitost\u00ed. \u0160koda zbyte\u010dn\u00fdch g\u00f3l\u016f v z\u00e1v\u011bru, ale jinak chci kluky pochv\u00e1lit,\u201c sd\u011blil kobe\u0159ick\u00fd strat\u00e9g Ond\u0159ej Ficek. (zdroj Region opavsko)&nbsp;<\/span><\/p>\n<p style=\"text-align: justify;\"><span style=\"font-size: 12pt; font-family: helvetica, arial, sans-serif;\"><strong>Branky:<\/strong>&nbsp;75. \u0160i\u0161ka, 89. V\u011b\u010dorek z pen.<\/span><\/p>\n<p style=\"text-align: justify;\"><span style=\"font-size: 12pt; font-family: helvetica, arial, sans-serif;\"><strong>Rozhod\u010d\u00ed:<\/strong>&nbsp; Ga\u0144czarczyk \u2013 Dytkov\u00e1, Urb\u00e1nek<\/span><\/p>\n<p style=\"text-align: justify;\"><span style=\"font-size: 12pt; font-family: helvetica, arial, sans-serif;\"><strong>\u017dK:<\/strong> \u0160ime\u010dek, Wirth, \u0160evior<\/span><\/p>\n<p style=\"text-align: justify;\"><span style=\"font-size: 12pt; font-family: helvetica, arial, sans-serif;\"><strong>Div\u00e1ci:<\/strong>&nbsp;137<\/span><\/p>\n<p style=\"text-align: justify;\"><span style=\"font-size: 12pt; font-family: helvetica, arial, sans-serif;\"><strong>Kobe\u0159ice:<\/strong>&nbsp;\u0160tencel \u2013 Ve\u010derek, \u0160evior, Stare\u010dek \u2013 Schlischka (81. St\u0159\u00edbn\u00fd), Wirth, Ka\u0161n\u00fd, Kolar\u010d\u00edk (81. Gross), Nov\u00e1\u010dek (71. Kubn\u00fd) \u2013 \u0160ime\u010dek, Stuchl\u00edk (76. Kraut). Tren\u00e9r: Ond\u0159ej&nbsp;Ficek.<\/span><\/p>\n<p style=\"text-align: justify;\">&nbsp;<\/p>\n<p style=\"text-align: justify;\"><span style=\"font-size: 12pt; font-family: helvetica, arial, sans-serif;\">Sobota 26.4. 2025<\/span><\/p>\n<h4 style=\"text-align: justify;\"><span style=\"font-size: 12pt; font-family: helvetica, arial, sans-serif;\"><strong>B mu\u017estvo \u2013 Hn\u011bvo\u0161ice 3:1 (2:0)<\/strong><\/span><\/h4>\n<h4 style=\"text-align: justify;\"><span style=\"font-size: 12pt; font-family: helvetica, arial, sans-serif;\"><strong>Branky: <\/strong>7., 63. Li\u0161ka, 36. Stuchl\u00edk<\/span><\/h4>\n<p style=\"text-align: justify;\"><span style=\"font-size: 12pt; font-family: helvetica, arial, sans-serif;\"><strong>Sestava<\/strong>: Schlischka, Halfar, Christoph, Kretek, Kubn\u00fd M., Li\u0161ka, Pa\u0161ek, Biel\u00e1k, Stuchl\u00edk, Jur\u010dek, Kov\u00e1\u0159<\/span><\/p>\n<p style=\"text-align: justify;\"><span style=\"font-size: 12pt; font-family: helvetica, arial, sans-serif;\"><strong>St\u0159\u00eddali<\/strong>: Kubn\u00fd D., Be\u010dica, Hahn, Besta<\/span><\/p>\n<p style=\"text-align: justify;\">&nbsp;<\/p>\n<p style=\"text-align: justify;\"><span style=\"font-size: 12pt; font-family: helvetica, arial, sans-serif;\">Ned\u011ble 27.4. 2025<\/span><\/p>\n<h4 style=\"text-align: justify;\"><span style=\"font-size: 12pt; font-family: helvetica, arial, sans-serif;\"><strong>M\u011bsto Alrechtice \u2013 Dorost 1:4 (1:1)<\/strong><\/span><\/h4>\n<h4 style=\"text-align: justify;\"><span style=\"font-size: 12pt; font-family: helvetica, arial, sans-serif;\"><strong>Branky:<\/strong> 12. Kubn\u00fd, 52. St\u0159\u00edbn\u00fd, 62. Birtek, 89. Gross<\/span><\/h4>\n<p style=\"text-align: justify;\"><span style=\"font-size: 12pt; font-family: helvetica, arial, sans-serif;\"><strong>Sestava:<\/strong> Poni\u0161t, St\u0159\u00edbn\u00fd V., Hant\u00e1k, Hanzl\u00edk, Gross, Lipnick\u00fd, V\u00e1clav\u00edk, Birtek, Kubn\u00fd, Cziepl\u00fd, Mrva<\/span><\/p>\n<p style=\"text-align: justify;\"><span style=\"font-size: 12pt; font-family: helvetica, arial, sans-serif;\"><strong>St\u0159\u00eddali<\/strong>: Besta, St\u0159\u00edbn\u00fd, Hrb\u00e1\u010d<\/span><\/p>\n<p style=\"text-align: justify;\">&nbsp;<\/p>\n<p style=\"text-align: justify;\"><span style=\"font-size: 12pt; font-family: helvetica, arial, sans-serif;\">Sobota 26.4. 2025<\/span><\/p>\n<h4 style=\"text-align: justify;\"><span style=\"font-size: 12pt; font-family: helvetica, arial, sans-serif;\"><strong>St. \u017e\u00e1ci \u2013 He\u0159manice 5:4 (2:2)<\/strong><\/span><\/h4>\n<h4 style=\"text-align: justify;\"><span style=\"font-size: 12pt; font-family: helvetica, arial, sans-serif;\"><strong>Branky:<\/strong> 16. Sedl\u00e1\u010dek, 17., 67., 70. St\u0159\u00edbn\u00fd, 72. Litzka<\/span><\/h4>\n<p style=\"text-align: justify;\"><span style=\"font-size: 12pt; font-family: helvetica, arial, sans-serif;\"><strong>Sestava:<\/strong> Malch\u00e1rek, Hartmann, Kry\u0161tof, Litzka, St\u0159\u00edbn\u00fd, Sedl\u00e1\u010dek, Schweidler, Krettek, Pla\u010dek, \u010cern\u00fd, Wr\u00f3blewski<\/span><\/p>\n<p style=\"text-align: justify;\"><span style=\"font-size: 12pt; font-family: helvetica, arial, sans-serif;\"><strong>St\u0159\u00eddali<\/strong>: Herudek, Mrovec, B\u0159emek, Sitta, Meleck\u00fd M., Meleck\u00fd D.<\/span><\/p>\n<p style=\"text-align: justify;\"><span style=\"font-size: 12pt; font-family: helvetica, arial, sans-serif;\"><strong>&nbsp;<\/strong><\/span><\/p>\n<p style=\"text-align: justify;\"><span style=\"font-size: 12pt; font-family: helvetica, arial, sans-serif;\">Sobota 26.4. 2025<\/span><\/p>\n<h4 style=\"text-align: justify;\"><span style=\"font-size: 12pt; font-family: helvetica, arial, sans-serif;\"><strong>Ml. \u017e\u00e1ci \u2013 He\u0159manice 1:2 (0:2)<\/strong><\/span><\/h4>\n<h4 style=\"text-align: justify;\"><span style=\"font-size: 12pt; font-family: helvetica, arial, sans-serif;\"><strong>Branky:<\/strong> 59. Juchelka<\/span><\/h4>\n<p style=\"text-align: justify;\"><span style=\"font-size: 12pt; font-family: helvetica, arial, sans-serif;\"><strong>Sestava:<\/strong> Kamr\u00e1d Jo., Kamr\u00e1d Ja., Vyb\u00edral, Valer, Kermes, Juchelka, Ja\u0161ek, Vidl\u00e1kov\u00e1, Jadrn\u00e1, Kone\u010dn\u00fd, Bialas<\/span><\/p>\n<p style=\"text-align: justify;\"><span style=\"font-size: 12pt; font-family: helvetica, arial, sans-serif;\"><strong>St\u0159\u00eddali<\/strong>: Balarin<\/span><\/p>\n<p style=\"text-align: justify;\">&nbsp;<\/p>\n<p style=\"text-align: justify;\"><span style=\"font-size: 12pt; font-family: helvetica, arial, sans-serif;\">St\u0159eda 23.4. 2025<\/span><\/p>\n<h4 style=\"text-align: justify;\"><span style=\"font-size: 12pt; font-family: helvetica, arial, sans-serif;\"><strong>Bolatice \u2013 Ml. \u017e\u00e1ci 6:0 (4:0)<\/strong><\/span><\/h4>\n<p style=\"text-align: justify;\"><span style=\"font-size: 12pt; font-family: helvetica, arial, sans-serif;\"><strong>Sestava:<\/strong> Urbansk\u00fd, Vyb\u00edral, Valer, Kermes, Juchelka, Ja\u0161ek, Kolar\u010dikov\u00e1, Dejmek, Kone\u010dn\u00fd, Bialas, Letzi\u00e1n<\/span><\/p>\n<p style=\"text-align: justify;\"><span style=\"font-size: 12pt; font-family: helvetica, arial, sans-serif;\"><strong>St\u0159\u00eddali<\/strong>: St\u0159\u00edbn\u00fd, Jadrn\u00e1<\/span><\/p>\n<p>&nbsp;<\/p>\n<p><strong><span style=\"font-size: 12pt; font-family: helvetica, arial, sans-serif;\">Tabulky<\/span><\/strong><br \/>\n[cs_button button_size=&#8220;btn-lg&#8220; button_title=&#8220;Mu\u017ei A&#8220; button_link=&#8220;https:\/\/www.fotbal.cz\/souteze\/turnaje\/hlavni\/e62826bf-ed9a-488f-8aab-a6d4d6113506&#8243; button_border=&#8220;yes&#8220; =&#8220;null&#8220; button_icon=&#8220;icon-th&#8220; button_icon_position=&#8220;left&#8220; button_type=&#8220;rectangle&#8220; button_target=&#8220;_blank&#8220;][cs_button button_size=&#8220;btn-lg&#8220; button_title=&#8220;Mu\u017ei B&#8220; button_link=&#8220;https:\/\/www.fotbal.cz\/souteze\/turnaje\/hlavni\/d6fc7cea-c8db-469e-94c1-bd6e1ff5aad8&#8243; button_border=&#8220;yes&#8220; =&#8220;null&#8220; button_icon=&#8220;icon-th&#8220; button_icon_position=&#8220;left&#8220; button_type=&#8220;rectangle&#8220; button_target=&#8220;_blank&#8220;][cs_button button_size=&#8220;btn-lg&#8220; button_title=&#8220;Dorost&#8220; button_link=&#8220;https:\/\/www.fotbal.cz\/souteze\/turnaje\/hlavni\/daef9305-625b-44ff-95ce-73052a58f56a&#8220; button_border=&#8220;yes&#8220; =&#8220;null&#8220; button_icon=&#8220;icon-th&#8220; button_icon_position=&#8220;left&#8220; button_type=&#8220;rectangle&#8220; button_target=&#8220;_blank&#8220;][cs_button button_size=&#8220;btn-lg&#8220; button_title=&#8220;Star\u0161\u00ed \u017e\u00e1ci&#8220; button_link=&#8220;https:\/\/www.fotbal.cz\/souteze\/turnaje\/hlavni\/f69032eb-36bf-4e80-a8e4-348921684309&#8243; button_border=&#8220;yes&#8220; =&#8220;null&#8220; button_icon=&#8220;icon-th&#8220; button_icon_position=&#8220;left&#8220; button_type=&#8220;rectangle&#8220; button_target=&#8220;_blank&#8220;][cs_button button_size=&#8220;btn-lg&#8220; button_title=&#8220;Mlad\u0161\u00ed \u017e\u00e1ci&#8220; button_link=&#8220;https:\/\/www.fotbal.cz\/souteze\/turnaje\/hlavni\/7880daba-a312-44d1-acc3-4774320a130b&#8220; button_border=&#8220;yes&#8220; =&#8220;null&#8220; button_icon=&#8220;icon-th&#8220; button_icon_position=&#8220;left&#8220; button_type=&#8220;rectangle&#8220; button_target=&#8220;_blank&#8220;][cs_button button_size=&#8220;btn-lg&#8220; button_title=&#8220;St. p\u0159\u00edpravka&#8220; button_link=&#8220;https:\/\/www.fotbal.cz\/souteze\/turnaje\/hlavni\/f9fd4d80-ae23-46e3-b743-0109b37c18a5&#8243; button_border=&#8220;yes&#8220; =&#8220;null&#8220; button_icon=&#8220;icon-th&#8220; button_icon_position=&#8220;left&#8220; button_type=&#8220;rectangle&#8220; button_target=&#8220;_blank&#8220;][cs_button button_size=&#8220;btn-lg&#8220; button_title=&#8220;Ml. p\u0159\u00edpravka&#8220; button_link=&#8220;https:\/\/www.fotbal.cz\/souteze\/turnaje\/hlavni\/a514e591-3dac-4350-af0a-f655e3d4f268&#8243; button_border=&#8220;yes&#8220; =&#8220;null&#8220; button_icon=&#8220;icon-th&#8220; button_icon_position=&#8220;left&#8220; button_type=&#8220;rectangle&#8220; button_target=&#8220;_blank&#8220;]&nbsp;<\/p>\n","protected":false},"excerpt":{"rendered":"<p>Prvn\u00ed por\u00e1\u017eka Kobe\u0159ic Sobota 26.4.2025 Stonava \u2013 Kobe\u0159ice 2:0 (0:0) K nejv\u011bt\u0161\u00edm \u0161l\u00e1gr\u016fm v\u00edkendov\u00e9ho kola moravskoslezsk\u00e9ho krajsk\u00e9ho p\u0159eboru jist\u011b pat\u0159ilo sobotn\u00ed utk\u00e1n\u00ed mezi Stonavou a Kobe\u0159icemi.<span class=\"excerpt-hellip\"> [\u2026]<\/span><\/p>\n","protected":false},"author":3,"featured_media":3370,"comment_status":"closed","ping_status":"open","sticky":false,"template":"","format":"standard","meta":{"ngg_post_thumbnail":0,"footnotes":""},"categories":[115,112,110,107,117,111],"tags":[],"class_list":["post-8647","post","type-post","status-publish","format-standard","has-post-thumbnail","hentry","category-a-tym","category-b-tym","category-dorost","category-fotbal","category-mladsi-zaci","category-starsi-zaci"],"_links":{"self":[{"href":"https:\/\/tjsokolkoberice.cz\/index.php?rest_route=\/wp\/v2\/posts\/8647","targetHints":{"allow":["GET"]}}],"collection":[{"href":"https:\/\/tjsokolkoberice.cz\/index.php?rest_route=\/wp\/v2\/posts"}],"about":[{"href":"https:\/\/tjsokolkoberice.cz\/index.php?rest_route=\/wp\/v2\/types\/post"}],"author":[{"embeddable":true,"href":"https:\/\/tjsokolkoberice.cz\/index.php?rest_route=\/wp\/v2\/users\/3"}],"replies":[{"embeddable":true,"href":"https:\/\/tjsokolkoberice.cz\/index.php?rest_route=%2Fwp%2Fv2%2Fcomments&post=8647"}],"version-history":[{"count":1,"href":"https:\/\/tjsokolkoberice.cz\/index.php?rest_route=\/wp\/v2\/posts\/8647\/revisions"}],"predecessor-version":[{"id":8648,"href":"https:\/\/tjsokolkoberice.cz\/index.php?rest_route=\/wp\/v2\/posts\/8647\/revisions\/8648"}],"wp:featuredmedia":[{"embeddable":true,"href":"https:\/\/tjsokolkoberice.cz\/index.php?rest_route=\/wp\/v2\/media\/3370"}],"wp:attachment":[{"href":"https:\/\/tjsokolkoberice.cz\/index.php?rest_route=%2Fwp%2Fv2%2Fmedia&parent=8647"}],"wp:term":[{"taxonomy":"category","embeddable":true,"href":"https:\/\/tjsokolkoberice.cz\/index.php?rest_route=%2Fwp%2Fv2%2Fcategories&post=8647"},{"taxonomy":"post_tag","embeddable":true,"href":"https:\/\/tjsokolkoberice.cz\/index.php?rest_route=%2Fwp%2Fv2%2Ftags&post=8647"}],"curies":[{"name":"wp","href":"https:\/\/api.w.org\/{rel}","templated":true}]}}