{"id":8665,"date":"2025-05-18T12:21:51","date_gmt":"2025-05-18T11:21:51","guid":{"rendered":"https:\/\/tjsokolkoberice.cz\/?p=8665"},"modified":"2025-10-14T11:46:54","modified_gmt":"2025-10-14T10:46:54","slug":"zemrel-josef-drastik-byvaly-hrac-a-trener","status":"publish","type":"post","link":"https:\/\/tjsokolkoberice.cz\/?p=8665","title":{"rendered":"Zem\u0159el Josef Drast\u00edk, b\u00fdval\u00fd hr\u00e1\u010d a tren\u00e9r"},"content":{"rendered":"<p><span style=\"font-size: 14pt;\"><strong><span style=\"font-family: helvetica, arial, sans-serif;\">Zem\u0159el Josef Drast\u00edk, b\u00fdval\u00fd hr\u00e1\u010d a tren\u00e9r<\/span><\/strong><\/span><\/p>\n<p><span style=\"font-family: helvetica, arial, sans-serif;\">Dne 16. kv\u011btna 2025 n\u00e1s nav\u017edy opustil ve v\u011bku 77 let n\u00e1\u0161 v\u011brn\u00fd fotbalov\u00fd hr\u00e1\u010d, tren\u00e9r a fanda pan Josef Drast\u00edk.<\/span><\/p>\n<p><span style=\"font-family: helvetica, arial, sans-serif;\">Josef Drast\u00edk, v\u0161emi naz\u00fdvan\u00fd \u201ePep\u00edk\u201c, byl odchovancem TJ Sokol Kobe\u0159ice. V roce 1963 pro sv\u016fj vyj\u00edme\u010dn\u00fd talent p\u0159estoupil do ligov\u00e9ho dorosteneck\u00e9ho mu\u017estva Ostroje Opava. Ji\u017e v roce 1965 byl v 17 letech za\u0159azen do mu\u017estva dosp\u011bl\u00fdch pro svou skv\u011blou m\u00ed\u010dovou techniku a \u010dich na branky. Za prvn\u00ed mu\u017estvo Ostroje Opava odehr\u00e1l 285 mistrovsk\u00fdch utk\u00e1n\u00ed a vst\u0159elil 53 branek. S opavsk\u00fdm dresem se rozlou\u010dil na podzim roku 1977.<\/span><\/p>\n<p><span style=\"font-family: helvetica, arial, sans-serif;\">Od jarn\u00ed \u010d\u00e1sti sez\u00f3ny 1978 ji\u017e p\u016fsobil jako hraj\u00edc\u00ed tren\u00e9r na\u0161eho kobe\u0159ick\u00e9ho A mu\u017estva. K nejv\u011bt\u0161\u00edm \u00fasp\u011bch\u016fm jeho dlouh\u00e9 tren\u00e9rsk\u00e9 \u010dinnosti v Kobe\u0159ic\u00edch byl postup do krajsk\u00e9ho p\u0159eboru v roce 1983 a n\u00e1sledn\u011b v roce 1985. Pot\u00e9 byl dlouholet\u00fdm tren\u00e9rem na\u0161ich dorosteneck\u00fdch kategori\u00ed.<\/span><\/p>\n<p><span style=\"font-family: helvetica, arial, sans-serif;\">Pep\u00edku, moc d\u011bkujeme za poctiv\u00e9 slu\u017eby pro n\u00e1\u0161 Sokol, dlouholetou tren\u00e9rskou \u010dinnost a v\u011brnost kobe\u0159ick\u00e9mu fotbalu!<\/span><\/p>\n<p>&nbsp;<\/p>\n<p><span style=\"font-family: helvetica, arial, sans-serif;\">TJ Sokol Kobe\u0159ice vyjad\u0159uje up\u0159\u00edmnou soustrast poz\u016fstal\u00e9 rodin\u011b!<\/span><\/p>\n<p><span style=\"font-family: helvetica, arial, sans-serif;\">Pep\u00edku, odpo\u010d\u00edvej v pokoji!<\/span><\/p>\n<p>&nbsp;<\/p>\n<p><img loading=\"lazy\" decoding=\"async\" class=\"aligncenter wp-image-8667 size-large\" src=\"https:\/\/tjsokolkoberice.cz\/wp-content\/uploads\/2025\/05\/Parte-745x1024.jpg\" alt=\"\" width=\"745\" height=\"1024\"><\/p>\n","protected":false},"excerpt":{"rendered":"<p>Zem\u0159el Josef Drast\u00edk, b\u00fdval\u00fd hr\u00e1\u010d a tren\u00e9r Dne 16. kv\u011btna 2025 n\u00e1s nav\u017edy opustil ve v\u011bku 77 let n\u00e1\u0161 v\u011brn\u00fd fotbalov\u00fd hr\u00e1\u010d, tren\u00e9r a fanda pan<span class=\"excerpt-hellip\"> [\u2026]<\/span><\/p>\n","protected":false},"author":3,"featured_media":3291,"comment_status":"closed","ping_status":"open","sticky":false,"template":"","format":"standard","meta":{"ngg_post_thumbnail":0,"footnotes":""},"categories":[150],"tags":[],"class_list":["post-8665","post","type-post","status-publish","format-standard","has-post-thumbnail","hentry","category-vse"],"_links":{"self":[{"href":"https:\/\/tjsokolkoberice.cz\/index.php?rest_route=\/wp\/v2\/posts\/8665","targetHints":{"allow":["GET"]}}],"collection":[{"href":"https:\/\/tjsokolkoberice.cz\/index.php?rest_route=\/wp\/v2\/posts"}],"about":[{"href":"https:\/\/tjsokolkoberice.cz\/index.php?rest_route=\/wp\/v2\/types\/post"}],"author":[{"embeddable":true,"href":"https:\/\/tjsokolkoberice.cz\/index.php?rest_route=\/wp\/v2\/users\/3"}],"replies":[{"embeddable":true,"href":"https:\/\/tjsokolkoberice.cz\/index.php?rest_route=%2Fwp%2Fv2%2Fcomments&post=8665"}],"version-history":[{"count":2,"href":"https:\/\/tjsokolkoberice.cz\/index.php?rest_route=\/wp\/v2\/posts\/8665\/revisions"}],"predecessor-version":[{"id":8668,"href":"https:\/\/tjsokolkoberice.cz\/index.php?rest_route=\/wp\/v2\/posts\/8665\/revisions\/8668"}],"wp:featuredmedia":[{"embeddable":true,"href":"https:\/\/tjsokolkoberice.cz\/index.php?rest_route=\/wp\/v2\/media\/3291"}],"wp:attachment":[{"href":"https:\/\/tjsokolkoberice.cz\/index.php?rest_route=%2Fwp%2Fv2%2Fmedia&parent=8665"}],"wp:term":[{"taxonomy":"category","embeddable":true,"href":"https:\/\/tjsokolkoberice.cz\/index.php?rest_route=%2Fwp%2Fv2%2Fcategories&post=8665"},{"taxonomy":"post_tag","embeddable":true,"href":"https:\/\/tjsokolkoberice.cz\/index.php?rest_route=%2Fwp%2Fv2%2Ftags&post=8665"}],"curies":[{"name":"wp","href":"https:\/\/api.w.org\/{rel}","templated":true}]}}