{"id":8669,"date":"2025-05-20T14:51:45","date_gmt":"2025-05-20T13:51:45","guid":{"rendered":"https:\/\/tjsokolkoberice.cz\/?p=8669"},"modified":"2025-10-14T11:46:54","modified_gmt":"2025-10-14T10:46:54","slug":"nasi-dorostenci-obhajuji-prvenstvi","status":"publish","type":"post","link":"https:\/\/tjsokolkoberice.cz\/?p=8669","title":{"rendered":"Na\u0161i dorostenci obhajuj\u00ed prvenstv\u00ed!"},"content":{"rendered":"<p style=\"text-align: justify;\"><span style=\"font-family: helvetica, arial, sans-serif;\"><strong><span style=\"font-size: 12pt;\">Na\u0161i dorostenci obhajuj\u00ed prvenstv\u00ed!<\/span><\/strong><\/span><\/p>\n<p style=\"text-align: justify;\"><span style=\"font-size: 12pt; font-family: helvetica, arial, sans-serif;\">Ve st\u0159edu 21.5.2025 od 17 hod. prob\u011bhne na na\u0161em h\u0159i\u0161ti fin\u00e1le poh\u00e1ru dorostu &#8222;O poh\u00e1r m\u011bsta Opavy&#8220;,ve kter\u00e9m se st\u0159etnou na\u0161i dorostenci s vedouc\u00edm mu\u017estvem krajsk\u00e9ho p\u0159eboru z Radun\u011b. V lo\u0148sk\u00e9m roce tento poh\u00e1r vyhr\u00e1li na\u0161i kluci,tak\u017ee letos budou obhajovat prvenstv\u00ed. Zveme div\u00e1ky,aby p\u0159i\u0161li podpo\u0159it na\u0161e mu\u017estvo a vytvo\u0159\u00ed jim tak skv\u011blou atmosf\u00e9ru v boji o prvenstv\u00ed! Kobe\u0159ice do toho!<\/span><\/p>\n<p>&nbsp;<\/p>\n<p><img loading=\"lazy\" decoding=\"async\" class=\"aligncenter wp-image-8197 size-full\" src=\"https:\/\/tjsokolkoberice.cz\/wp-content\/uploads\/2024\/05\/dorost1.jpg\" alt=\"\" width=\"736\" height=\"564\" srcset=\"https:\/\/tjsokolkoberice.cz\/wp-content\/uploads\/2024\/05\/dorost1.jpg 736w, https:\/\/tjsokolkoberice.cz\/wp-content\/uploads\/2024\/05\/dorost1-300x230.jpg 300w\" sizes=\"auto, (max-width:767px) 480px, 736px\" \/><\/p>\n","protected":false},"excerpt":{"rendered":"<p>Na\u0161i dorostenci obhajuj\u00ed prvenstv\u00ed! Ve st\u0159edu 21.5.2025 od 17 hod. prob\u011bhne na na\u0161em h\u0159i\u0161ti fin\u00e1le poh\u00e1ru dorostu &#8222;O poh\u00e1r m\u011bsta Opavy&#8220;,ve kter\u00e9m se st\u0159etnou na\u0161i dorostenci<span class=\"excerpt-hellip\"> [\u2026]<\/span><\/p>\n","protected":false},"author":3,"featured_media":3288,"comment_status":"closed","ping_status":"open","sticky":false,"template":"","format":"standard","meta":{"ngg_post_thumbnail":0,"footnotes":""},"categories":[110,107,150],"tags":[],"class_list":["post-8669","post","type-post","status-publish","format-standard","has-post-thumbnail","hentry","category-dorost","category-fotbal","category-vse"],"_links":{"self":[{"href":"https:\/\/tjsokolkoberice.cz\/index.php?rest_route=\/wp\/v2\/posts\/8669","targetHints":{"allow":["GET"]}}],"collection":[{"href":"https:\/\/tjsokolkoberice.cz\/index.php?rest_route=\/wp\/v2\/posts"}],"about":[{"href":"https:\/\/tjsokolkoberice.cz\/index.php?rest_route=\/wp\/v2\/types\/post"}],"author":[{"embeddable":true,"href":"https:\/\/tjsokolkoberice.cz\/index.php?rest_route=\/wp\/v2\/users\/3"}],"replies":[{"embeddable":true,"href":"https:\/\/tjsokolkoberice.cz\/index.php?rest_route=%2Fwp%2Fv2%2Fcomments&post=8669"}],"version-history":[{"count":1,"href":"https:\/\/tjsokolkoberice.cz\/index.php?rest_route=\/wp\/v2\/posts\/8669\/revisions"}],"predecessor-version":[{"id":8670,"href":"https:\/\/tjsokolkoberice.cz\/index.php?rest_route=\/wp\/v2\/posts\/8669\/revisions\/8670"}],"wp:featuredmedia":[{"embeddable":true,"href":"https:\/\/tjsokolkoberice.cz\/index.php?rest_route=\/wp\/v2\/media\/3288"}],"wp:attachment":[{"href":"https:\/\/tjsokolkoberice.cz\/index.php?rest_route=%2Fwp%2Fv2%2Fmedia&parent=8669"}],"wp:term":[{"taxonomy":"category","embeddable":true,"href":"https:\/\/tjsokolkoberice.cz\/index.php?rest_route=%2Fwp%2Fv2%2Fcategories&post=8669"},{"taxonomy":"post_tag","embeddable":true,"href":"https:\/\/tjsokolkoberice.cz\/index.php?rest_route=%2Fwp%2Fv2%2Ftags&post=8669"}],"curies":[{"name":"wp","href":"https:\/\/api.w.org\/{rel}","templated":true}]}}