{"id":8706,"date":"2025-06-23T09:39:34","date_gmt":"2025-06-23T08:39:34","guid":{"rendered":"https:\/\/tjsokolkoberice.cz\/?p=8706"},"modified":"2025-10-14T11:46:25","modified_gmt":"2025-10-14T10:46:25","slug":"hodnoceni-fotbalove-sezony-2024-2025","status":"publish","type":"post","link":"https:\/\/tjsokolkoberice.cz\/?p=8706","title":{"rendered":"Hodnocen\u00ed fotbalov\u00e9 sez\u00f3ny 2024\/2025"},"content":{"rendered":"<p style=\"text-align: justify;\"><span style=\"font-size: 14pt; font-family: helvetica, arial, sans-serif;\"><strong>Hodnocen\u00ed fotbalov\u00e9 sez\u00f3ny 2024\/2025<\/strong><\/span><\/p>\n<p style=\"text-align: justify;\"><span style=\"font-size: 12pt; font-family: helvetica, arial, sans-serif;\">Posledn\u00edm utk\u00e1n\u00edm v Krava\u0159\u00edch skon\u010dila na\u0161im fotbalist\u016fm A mu\u017estva sez\u00f3na 2024\/2025, ve kter\u00e9 se um\u00edstili na skv\u011bl\u00e9 4. p\u0159\u00ed\u010dce v&nbsp;tabulce krajsk\u00e9ho p\u0159eboru. Po velmi vyda\u0159en\u00e9 jarn\u00ed \u010d\u00e1sti, ve kter\u00e9 jsme z\u00edskali skv\u011bl\u00fdch 28 bod\u016f, jsme v&nbsp;celkov\u00e9m kontextu obsadili 4. pozici s bilanc\u00ed 16 v\u00fdher, 4 rem\u00edz a 8 por\u00e1\u017eek se ziskem 52 bod\u016f, co\u017e je maximum v&nbsp;na\u0161\u00ed historii v&nbsp;krajsk\u00e9m p\u0159eboru! Po podzimn\u00ed \u010d\u00e1sti jsme figurovali na pr\u016fb\u011b\u017en\u00e9 6. pozici se ziskem 24. bod\u016f, v jarn\u00ed \u010d\u00e1sti jsme um\u00edst\u011bn\u00ed je\u0161t\u011b vylep\u0161ili a p\u0159i celkov\u00e9m sk\u00f3re 85:47 jsme se stali jasn\u011b nejl\u00e9pe st\u0159\u00edlej\u00edc\u00edm mu\u017estvem sout\u011b\u017ee! Na\u0161\u00edm nejlep\u0161\u00edm st\u0159elcem byl kapit\u00e1n Adam \u0160ime\u010dek s&nbsp;19 brankami!<\/span><\/p>\n<p style=\"text-align: justify;\"><span style=\"font-size: 12pt; font-family: helvetica, arial, sans-serif;\">O zhodnocen\u00ed sez\u00f3ny jsme po\u017e\u00e1dali na\u0161eho hlavn\u00edho tren\u00e9ra Ond\u0159eje Ficka: <em>\u201eJarn\u00ed \u010d\u00e1st sez\u00f3ny mus\u00edme hodnotit pozitivn\u011b. Cel\u00fd t\u00fdm odvedl skv\u011blou pr\u00e1ci! V\u00fdsledky byly slu\u0161n\u00e9, ale pro n\u00e1s je nejd\u016fle\u017eit\u011bj\u0161\u00ed, \u017ee se ka\u017ed\u00fd z\u00e1pas to\u010dila sestava a zahr\u00e1li si prakticky v\u0161ichni hr\u00e1\u010di. Fotbal se hraje pro lidi a j\u00e1 v\u011b\u0159\u00edm, \u017ee jsou s&nbsp;na\u0161\u00ed hrou spokojeni a \u017ee se budeme nad\u00e1le zlep\u0161ovat. D\u011bkujeme za podporu v&nbsp;cel\u00e9 sez\u00f3n\u011b a v\u011b\u0159\u00edme, \u017ee v&nbsp;t\u00e9 nadch\u00e1zej\u00edc\u00ed p\u0159it\u00e1hneme na na\u0161e h\u0159i\u0161t\u011b je\u0161t\u011b v\u00edce div\u00e1k\u016f.\u201c<\/em><\/span><\/p>\n<p style=\"text-align: justify;\"><span style=\"font-size: 12pt; font-family: helvetica, arial, sans-serif;\">B mu\u017estvo pod veden\u00edm Davida Jan\u00edka obsadilo v&nbsp;tabulce III. t\u0159\u00eddy sk. A kone\u010dn\u00e9 6. m\u00edsto se ziskem 37 bod\u016f s&nbsp;bilanc\u00ed 12 v\u00fdher, 1 rem\u00edzy a 9 por\u00e1\u017eek. Jarn\u00ed \u010d\u00e1st sez\u00f3ny zhodnotil vedouc\u00ed t\u00fdmu Jakub Be\u010dica: <em>\u201ePo zimn\u00ed p\u0159\u00edprav\u011b jsme za\u010dali jarn\u00ed \u010d\u00e1st sez\u00f3ny na slu\u0161n\u00e9m 5. m\u00edst\u011b s&nbsp;nep\u0159\u00edli\u0161 velkou ztr\u00e1tou na vy\u0161\u0161\u00ed p\u0159\u00ed\u010dky. V&nbsp;prvn\u00edm z\u00e1pase jsme ztratili body, kdy\u017e jsme remizovali v&nbsp;derby se \u0160t\u011bp\u00e1nkovicemi, ale pak jsme usp\u011bli ve \u010dty\u0159ech n\u00e1sleduj\u00edc\u00edch z\u00e1pasech. Pot\u00e9 to s&nbsp;n\u00e1mi bylo jako na houpa\u010dce. Vinou zran\u011bn\u00ed velk\u00e9ho po\u010dtu hr\u00e1\u010d\u016f jsme postupn\u011b ztr\u00e1celi body a propadli se a\u017e na kone\u010dn\u00e9 6. m\u00edsto. Cht\u011bli bychom pod\u011bkovat tren\u00e9r\u016fm a hr\u00e1\u010d\u016fm dorostu, proto\u017ee bez jejich pomoci by odehr\u00e1n\u00ed n\u011bkter\u00fdch utk\u00e1n\u00ed nebylo mo\u017en\u00e9.\u201c<\/em><\/span><\/p>\n<p style=\"text-align: justify;\"><span style=\"font-size: 12pt; font-family: helvetica, arial, sans-serif;\">N\u00e1\u0161 dorost hr\u00e1l v&nbsp;uplynul\u00e9 sez\u00f3n\u011b krajskou sout\u011b\u017e sk. A. Kluci pod veden\u00edm tren\u00e9r\u016f Mariana Hanzl\u00edka a Michala V\u00e1clav\u00edka p\u0159edv\u00e1d\u011bli po celou sez\u00f3nu vyrovnan\u00e9 v\u00fdkony, celou sout\u011b\u017e nakonec opanovali a skon\u010dili na 1. m\u00edst\u011b se ziskem 71 bod\u016f p\u0159i bilanci 23 v\u00fdher, 1 rem\u00edzy a pouze jedin\u00e9 por\u00e1\u017eky. Povedenou sez\u00f3nu vy\u0161perkovali i v\u00edt\u011bzstv\u00edm v&nbsp;okresn\u00edm poh\u00e1ru \u201eO poh\u00e1r m\u011bsta Opavy\u201c, tak\u017ee se bezpochyby jedn\u00e1 o nadm\u00edru \u00fasp\u011b\u0161nou sez\u00f3nu, za co\u017e tren\u00e9r\u016fm i hr\u00e1\u010d\u016fm d\u011bkujeme!<\/span><\/p>\n<p style=\"text-align: justify;\"><span style=\"font-size: 12pt; font-family: helvetica, arial, sans-serif;\">O kr\u00e1tk\u00e9 zhodnocen\u00ed jsme po\u017e\u00e1dali tren\u00e9ra Mariana Hanzl\u00edka: <em>\u201eSez\u00f3na v dorostu byla mimo\u0159\u00e1dn\u011b \u00fasp\u011b\u0161n\u00e1. Kluci p\u0159edv\u00e1d\u011bli po cel\u00fd rok velmi kvalitn\u00ed &nbsp;a bojovn\u00fd fotbal, kter\u00fd n\u00e1m p\u0159inesl zaslou\u017een\u00e9 v\u00fdsledky. Poda\u0159ilo se n\u00e1m vyhr\u00e1t krajskou sout\u011b\u017e a nav\u00edc obh\u00e1jit v\u00edt\u011bzstv\u00ed na presti\u017en\u00edm turnaji dorostu. Cht\u011bl bych t\u00edmto srde\u010dn\u011b pod\u011bkovat v\u0161em hr\u00e1\u010d\u016fm za jejich nasazen\u00ed, t\u00fdmov\u00e9ho ducha a poctivou pr\u00e1ci v pr\u016fb\u011bhu cel\u00e9 sez\u00f3ny. P\u0159eji v\u00e1m hodn\u011b \u00fasp\u011bch\u016f ve va\u0161\u00ed dal\u0161\u00ed fotbalov\u00e9 kari\u00e9\u0159e \u2013 a\u0165 u\u017e na h\u0159i\u0161ti nebo mimo n\u011bj.\u201c<\/em><\/span><\/p>\n<p style=\"text-align: justify;\"><span style=\"font-size: 12pt; font-family: helvetica, arial, sans-serif;\">Na\u0161e \u017e\u00e1kovsk\u00e1 mu\u017estva hr\u00e1la tuto sez\u00f3nu krajsk\u00e9 sout\u011b\u017ee. Mlad\u0161\u00ed \u017e\u00e1ky tr\u00e9novali Du\u0161an a Jan Christophovi, star\u0161\u00ed pak Filip Kollek a David Malch\u00e1rek. O kr\u00e1tk\u00e9 zhodnocen\u00ed jsme po\u017e\u00e1dali tren\u00e9ra star\u0161\u00edch \u017e\u00e1k\u016f Filipa Kollka: \u201e<em>P\u0159ed sez\u00f3nou jsme si stanovili c\u00edl &#8211; um\u00edstit se do t\u0159et\u00edho m\u00edsta. <\/em><em>Do sez\u00f3ny jsme vstoupili velmi dob\u0159e. A\u017e na jednu por\u00e1\u017eku v He\u0159manic\u00edch jsme neprohr\u00e1li a d\u00fdchali jsme na z\u00e1da prvn\u00edm Bolatic\u00edm, se kter\u00fdmi jsme jako jedin\u00ed neprohr\u00e1li. V jarn\u00ed \u010d\u00e1sti se n\u00e1m neda\u0159ilo \u00fapln\u011b podle p\u0159edstav, ale i p\u0159es 3 por\u00e1\u017eky jsme nakonec udr\u017eeli kr\u00e1sn\u00e9 2. m\u00edsto, za kter\u00e9 mus\u00edm kluky pochv\u00e1lit. Kluk\u016fm, kte\u0159\u00ed v kategorii star\u0161\u00edch \u017e\u00e1k\u016f kon\u010d\u00ed, chci pod\u011bkovat za vzornou reprezentaci a p\u0159eji hodn\u011b \u0161t\u011bst\u00ed v dorostu.\u201c <\/em><\/span><\/p>\n<p style=\"text-align: justify;\"><span style=\"font-size: 12pt; font-family: helvetica, arial, sans-serif;\">Sez\u00f3nu mlad\u0161\u00edch \u017e\u00e1k\u016f zhodnotil tren\u00e9r Jan Christoph<em>: \u201eMlad\u0161\u00ed \u017e\u00e1ci podzimn\u00ed \u010d\u00e1st sezony zvl\u00e1dli bravurn\u011b, kdy\u017e se dr\u017eeli na vy\u0161\u0161\u00edch p\u0159\u00ed\u010dk\u00e1ch. B\u011bhem zimn\u00ed p\u0159\u00edpravy n\u00e1s opustily 3 hr\u00e1\u010dky, kter\u00e9 dostaly mo\u017enost hr\u00e1t za SFC Opava, kde se jim da\u0159\u00ed. Jarn\u00ed \u010d\u00e1st bohu\u017eel neprob\u00edhala jak jsme si p\u0159edstavovali. Hern\u011b jsme z\u00e1pasy zvl\u00e1dali, ale bohu\u017eel v\u00fdsledkov\u011b to nedopadlo, tak jak jsme cht\u011bli. Po konci jarn\u00ed \u010d\u00e1sti jsme se nakonec um\u00edstili na 8. m\u00edst\u011b. Hr\u00e1\u010d\u016f na novou sez\u00f3nu bude op\u011bt dost a v\u011b\u0159\u00edme i v lep\u0161\u00ed v\u00fdsledky. D\u011bkujeme hr\u00e1\u010d\u016fm za reprezentaci Sokolu a rodi\u010d\u016fm za veden\u00ed d\u011bt\u00ed ke sportu.\u201c<\/em><\/span><\/p>\n<p style=\"text-align: justify;\"><span style=\"font-size: 12pt; font-family: helvetica, arial, sans-serif;\">Dal\u0161\u00ed na\u0161e ml\u00e1de\u017enick\u00e9 t\u00fdmy star\u0161\u00ed a mlad\u0161\u00ed p\u0159\u00edpravky hr\u00e1ly v&nbsp;okresn\u00edch sout\u011b\u017e\u00edch. Star\u0161\u00ed p\u0159\u00edpravku v&nbsp;t\u00e9to sez\u00f3n\u011b tr\u00e9novali David V\u00e1clav\u00edk a Radek Ziegl, mlad\u0161\u00ed Martin Obrusn\u00edk a Martin Schlischka. U t\u011bchto kategori\u00ed nejde tak o v\u00fdsledky, jako o nad\u0161en\u00ed ze hry a radost z&nbsp;pohybu.<\/span><\/p>\n<p style=\"text-align: justify;\"><span style=\"font-size: 12pt; font-family: helvetica, arial, sans-serif;\">Na\u0161e nejmen\u0161\u00ed fotbalov\u00e9 nad\u011bje, fotbalov\u00e1 mini\u0161koli\u010dka (Sokol\u010data), tr\u00e9nuj\u00ed pod veden\u00edm Marka Ja\u0161ka a Daniela Latky, kte\u0159\u00ed jim p\u0159ed\u00e1vaj\u00ed prvn\u00ed fotbalov\u00e9 n\u00e1vyky. D\u011bti tr\u00e9nuj\u00ed a hraj\u00ed turnaje s&nbsp;okoln\u00edmi vesnicemi a t\u00edm se seznamuj\u00ed s&nbsp;fotbalov\u00fdm d\u011bn\u00edm.<\/span><\/p>\n<p style=\"text-align: justify;\"><span style=\"font-size: 12pt; font-family: helvetica, arial, sans-serif;\">TJ Sokol Kobe\u0159ice by cht\u011bl touto cestou velmi pod\u011bkovat v\u0161em hr\u00e1\u010d\u016fm a tren\u00e9r\u016fm za celou sez\u00f3nu! D\u011bkujeme rovn\u011b\u017e rodi\u010d\u016fm za podporu sv\u00fdch d\u011bt\u00ed! V\u0161em p\u0159ejeme kr\u00e1sn\u00e9 l\u00e9to!<\/span><\/p>\n<p><img loading=\"lazy\" decoding=\"async\" class=\"aligncenter wp-image-8712 size-large\" src=\"https:\/\/tjsokolkoberice.cz\/wp-content\/uploads\/2025\/06\/1-1-1024x768.jpeg\" alt=\"\" width=\"1024\" height=\"768\"><\/p>\n<p><img loading=\"lazy\" decoding=\"async\" class=\"aligncenter wp-image-8713 size-large\" src=\"https:\/\/tjsokolkoberice.cz\/wp-content\/uploads\/2025\/06\/2-1-768x1024.jpeg\" alt=\"\" width=\"768\" height=\"1024\" srcset=\"https:\/\/tjsokolkoberice.cz\/wp-content\/uploads\/2025\/06\/2-1-768x1024.jpeg 768w, https:\/\/tjsokolkoberice.cz\/wp-content\/uploads\/2025\/06\/2-1-375x500.jpeg 375w, https:\/\/tjsokolkoberice.cz\/wp-content\/uploads\/2025\/06\/2-1-900x1200.jpeg 900w, https:\/\/tjsokolkoberice.cz\/wp-content\/uploads\/2025\/06\/2-1-225x300.jpeg 225w, https:\/\/tjsokolkoberice.cz\/wp-content\/uploads\/2025\/06\/2-1-1152x1536.jpeg 1152w, https:\/\/tjsokolkoberice.cz\/wp-content\/uploads\/2025\/06\/2-1-56x75.jpeg 56w, https:\/\/tjsokolkoberice.cz\/wp-content\/uploads\/2025\/06\/2-1-480x640.jpeg 480w, https:\/\/tjsokolkoberice.cz\/wp-content\/uploads\/2025\/06\/2-1.jpeg 1536w\" sizes=\"auto, (max-width:767px) 480px, (max-width:768px) 100vw, 768px\" \/><\/p>\n","protected":false},"excerpt":{"rendered":"<p>Hodnocen\u00ed fotbalov\u00e9 sez\u00f3ny 2024\/2025 Posledn\u00edm utk\u00e1n\u00edm v Krava\u0159\u00edch skon\u010dila na\u0161im fotbalist\u016fm A mu\u017estva sez\u00f3na 2024\/2025, ve kter\u00e9 se um\u00edstili na skv\u011bl\u00e9 4. p\u0159\u00ed\u010dce v&nbsp;tabulce krajsk\u00e9ho p\u0159eboru.<span class=\"excerpt-hellip\"> [\u2026]<\/span><\/p>\n","protected":false},"author":3,"featured_media":8708,"comment_status":"closed","ping_status":"open","sticky":false,"template":"","format":"standard","meta":{"ngg_post_thumbnail":0,"footnotes":""},"categories":[115,107],"tags":[],"class_list":["post-8706","post","type-post","status-publish","format-standard","has-post-thumbnail","hentry","category-a-tym","category-fotbal"],"_links":{"self":[{"href":"https:\/\/tjsokolkoberice.cz\/index.php?rest_route=\/wp\/v2\/posts\/8706","targetHints":{"allow":["GET"]}}],"collection":[{"href":"https:\/\/tjsokolkoberice.cz\/index.php?rest_route=\/wp\/v2\/posts"}],"about":[{"href":"https:\/\/tjsokolkoberice.cz\/index.php?rest_route=\/wp\/v2\/types\/post"}],"author":[{"embeddable":true,"href":"https:\/\/tjsokolkoberice.cz\/index.php?rest_route=\/wp\/v2\/users\/3"}],"replies":[{"embeddable":true,"href":"https:\/\/tjsokolkoberice.cz\/index.php?rest_route=%2Fwp%2Fv2%2Fcomments&post=8706"}],"version-history":[{"count":3,"href":"https:\/\/tjsokolkoberice.cz\/index.php?rest_route=\/wp\/v2\/posts\/8706\/revisions"}],"predecessor-version":[{"id":8714,"href":"https:\/\/tjsokolkoberice.cz\/index.php?rest_route=\/wp\/v2\/posts\/8706\/revisions\/8714"}],"wp:featuredmedia":[{"embeddable":true,"href":"https:\/\/tjsokolkoberice.cz\/index.php?rest_route=\/wp\/v2\/media\/8708"}],"wp:attachment":[{"href":"https:\/\/tjsokolkoberice.cz\/index.php?rest_route=%2Fwp%2Fv2%2Fmedia&parent=8706"}],"wp:term":[{"taxonomy":"category","embeddable":true,"href":"https:\/\/tjsokolkoberice.cz\/index.php?rest_route=%2Fwp%2Fv2%2Fcategories&post=8706"},{"taxonomy":"post_tag","embeddable":true,"href":"https:\/\/tjsokolkoberice.cz\/index.php?rest_route=%2Fwp%2Fv2%2Ftags&post=8706"}],"curies":[{"name":"wp","href":"https:\/\/api.w.org\/{rel}","templated":true}]}}