{"id":8735,"date":"2025-07-15T11:53:11","date_gmt":"2025-07-15T10:53:11","guid":{"rendered":"https:\/\/tjsokolkoberice.cz\/?p=8735"},"modified":"2025-10-14T11:46:24","modified_gmt":"2025-10-14T10:46:24","slug":"a-muzi-zahajili-pripravu-na-novy-rocnik","status":"publish","type":"post","link":"https:\/\/tjsokolkoberice.cz\/?p=8735","title":{"rendered":"A mu\u017ei zah\u00e1jili p\u0159\u00edpravu na nov\u00fd ro\u010dn\u00edk"},"content":{"rendered":"<p style=\"text-align: justify;\"><span style=\"font-size: 12pt; font-family: helvetica, arial, sans-serif;\"><strong><u>A mu\u017ei zah\u00e1jili p\u0159\u00edpravu na nov\u00fd ro\u010dn\u00edk<\/u><\/strong><\/span><\/p>\n<p style=\"text-align: justify;\"><span style=\"font-size: 12pt; font-family: helvetica, arial, sans-serif;\">Ve st\u0159edu 9. \u010dervence zah\u00e1jily Kobe\u0159ice pod veden\u00edm tren\u00e9ra Ond\u0159eje Ficka p\u0159\u00edpravu na nov\u00fd sout\u011b\u017en\u00ed ro\u010dn\u00edk krajsk\u00e9ho p\u0159eboru. B\u011bhem p\u0159\u00edpravn\u00e9ho obdob\u00ed sehraj\u00ed t\u0159i p\u0159\u00edpravn\u00e1 utk\u00e1n\u00ed. Prvn\u00ed mistrovsk\u00fd z\u00e1pas odehraj\u00ed v ned\u011bli 10. srpna doma s Darkovi\u010dkami.<\/span><\/p>\n<p style=\"text-align: justify;\"><span style=\"font-size: 12pt; font-family: helvetica, arial, sans-serif;\">Na zahajovac\u00edm tr\u00e9ninku se hl\u00e1silo velk\u00e9 mno\u017estv\u00ed hr\u00e1\u010d\u016f st\u00e1vaj\u00edc\u00edho k\u00e1dru dopln\u011bn\u00e9 o n\u011bkolik nov\u00fdch tv\u00e1\u0159\u00ed. Po konci v dorostu se do p\u0159\u00edpravy zapojil David Kubn\u00fd, z Rakouska m\u00e1 zp\u011bt nam\u00ed\u0159eno \u0160t\u011bp\u00e1n St\u0159\u00edbn\u00fd a rovn\u011b\u017e brank\u00e1\u0159 Oliver Hartmann z Old\u0159i\u0161ova. Forma jejich p\u016fsoben\u00ed se je\u0161t\u011b dola\u010fuje. Z p\u016fsoben\u00ed v Chlebi\u010dov\u011b se vr\u00e1tili Alan Sotorn\u00edk a Tobias Breksa. Novou v\u00fdzvu v podob\u011b p\u016fsoben\u00ed u hlu\u010d\u00ednsk\u00e9 U19 p\u0159ijal brank\u00e1\u0159 Dominik Pavlovi\u010d, kter\u00e9mu p\u0159ejeme hodn\u011b \u0161t\u011bst\u00ed! V rekonvalesceni po operaci kolene pokra\u010duje Martin St\u0159\u00edbn\u00fd, kter\u00e9mu rovn\u011b\u017e p\u0159ejeme brzk\u00fd n\u00e1vrat na tr\u00e1vn\u00edk!<\/span><\/p>\n<p style=\"text-align: justify;\"><span style=\"font-size: 12pt; font-family: helvetica, arial, sans-serif;\">P\u0159ejeme mu\u017estvu hodn\u011b sil do kr\u00e1tk\u00e9 p\u0159\u00edpravy a hodn\u011b \u0161t\u011bst\u00ed v&nbsp;nov\u00e9 mistrovsk\u00e9 sez\u00f3n\u011b!<\/span><\/p>\n<p style=\"text-align: justify;\"><span style=\"font-size: 12pt; font-family: helvetica, arial, sans-serif;\"><strong><u>K\u00e1dr pro letn\u00ed p\u0159\u00edpravu:<\/u><\/strong><\/span><\/p>\n<p style=\"text-align: justify;\"><span style=\"font-size: 12pt; font-family: helvetica, arial, sans-serif;\"><strong>Brank\u00e1\u0159i:&nbsp;<\/strong>Petr \u0160tencel, Oliver Hartmann<\/span><\/p>\n<p style=\"text-align: justify;\"><span style=\"font-size: 12pt; font-family: helvetica, arial, sans-serif;\"><strong>Hr\u00e1\u010di:<\/strong>&nbsp;Dominik Stare\u010dek, Ond\u0159ej Stuchl\u00edk, Adam Hartmann, Anton\u00edn Kubn\u00fd, Adam \u0160ime\u010dek, Andreas Kolar\u010d\u00edk, Mat\u011bj Gross, Vojt\u011bch Petzuch, Vojt\u011bch St\u0159\u00edbn\u00fd, Pavel \u0160evior, Tom\u00e1\u0161 Nov\u00e1\u010dek, Robin Wirth, Ond\u0159ej Ve\u010derek, Petr Ka\u0161n\u00fd, Zden\u011bk Kry\u0161tof, Martin Schlischka, Dominik Kraut, Alan Sotorn\u00edk, David Kubn\u00fd, Tobias Breksa, Max Slanina, Vojt\u011bch Hant\u00e1k<\/span><\/p>\n<p style=\"text-align: justify;\"><span style=\"font-size: 12pt; font-family: helvetica, arial, sans-serif;\"><strong>Tren\u00e9r<\/strong>: Ond\u0159ej Ficek,&nbsp;<strong>asistenti<\/strong>: Ren\u00e9 Wirth, Jan \u010cujek<\/span><\/p>\n<p style=\"text-align: justify;\"><span style=\"font-size: 12pt; font-family: helvetica, arial, sans-serif;\"><strong><u>P\u0159\u00edpravn\u00e1 utk\u00e1n\u00ed A mu\u017estva<\/u><\/strong><\/span><\/p>\n<p style=\"text-align: justify;\"><span style=\"font-size: 12pt; font-family: helvetica, arial, sans-serif;\"><strong>Sobota&nbsp; &nbsp; 19.7.2025&nbsp; &nbsp; &nbsp; 17:00&nbsp; &nbsp; &nbsp;MFK Krava\u0159e &#8211; A mu\u017ei<\/strong><\/span><\/p>\n<p style=\"text-align: justify;\"><span style=\"font-size: 12pt; font-family: helvetica, arial, sans-serif;\"><strong>Ned\u011ble&nbsp; &nbsp; 27.7.2025&nbsp; &nbsp; &nbsp; &nbsp;17:30&nbsp; &nbsp; &nbsp;A mu\u017ei \u2013 Doln\u00ed Bene\u0161ov (hr\u00e1no ve Strahovic\u00edch)<\/strong><\/span><\/p>\n<p style=\"text-align: justify;\"><span style=\"font-size: 12pt; font-family: helvetica, arial, sans-serif;\"><strong>P\u00e1tek&nbsp; &nbsp; &nbsp; 1.8.2025&nbsp; &nbsp; &nbsp; &nbsp; &nbsp;18:00&nbsp; &nbsp; &nbsp;A mu\u017ei &#8211; SFC Opava U 18<\/strong><\/span><\/p>\n<p><img loading=\"lazy\" decoding=\"async\" class=\"aligncenter wp-image-8736 size-large\" src=\"https:\/\/tjsokolkoberice.cz\/wp-content\/uploads\/2025\/07\/priprava2025-768x1024.jpeg\" alt=\"\" width=\"768\" height=\"1024\" srcset=\"https:\/\/tjsokolkoberice.cz\/wp-content\/uploads\/2025\/07\/priprava2025-768x1024.jpeg 768w, https:\/\/tjsokolkoberice.cz\/wp-content\/uploads\/2025\/07\/priprava2025-375x500.jpeg 375w, https:\/\/tjsokolkoberice.cz\/wp-content\/uploads\/2025\/07\/priprava2025-900x1200.jpeg 900w, https:\/\/tjsokolkoberice.cz\/wp-content\/uploads\/2025\/07\/priprava2025-225x300.jpeg 225w, https:\/\/tjsokolkoberice.cz\/wp-content\/uploads\/2025\/07\/priprava2025-1152x1536.jpeg 1152w, https:\/\/tjsokolkoberice.cz\/wp-content\/uploads\/2025\/07\/priprava2025-56x75.jpeg 56w, https:\/\/tjsokolkoberice.cz\/wp-content\/uploads\/2025\/07\/priprava2025-480x640.jpeg 480w, https:\/\/tjsokolkoberice.cz\/wp-content\/uploads\/2025\/07\/priprava2025.jpeg 1536w\" sizes=\"auto, (max-width:767px) 480px, (max-width:768px) 100vw, 768px\" \/><\/p>\n<p><img loading=\"lazy\" decoding=\"async\" class=\"aligncenter wp-image-8737 size-large\" src=\"https:\/\/tjsokolkoberice.cz\/wp-content\/uploads\/2025\/07\/priprava2025_-768x1024.jpeg\" alt=\"\" width=\"768\" height=\"1024\" srcset=\"https:\/\/tjsokolkoberice.cz\/wp-content\/uploads\/2025\/07\/priprava2025_-768x1024.jpeg 768w, https:\/\/tjsokolkoberice.cz\/wp-content\/uploads\/2025\/07\/priprava2025_-375x500.jpeg 375w, https:\/\/tjsokolkoberice.cz\/wp-content\/uploads\/2025\/07\/priprava2025_-900x1200.jpeg 900w, https:\/\/tjsokolkoberice.cz\/wp-content\/uploads\/2025\/07\/priprava2025_-225x300.jpeg 225w, https:\/\/tjsokolkoberice.cz\/wp-content\/uploads\/2025\/07\/priprava2025_-1152x1536.jpeg 1152w, https:\/\/tjsokolkoberice.cz\/wp-content\/uploads\/2025\/07\/priprava2025_-56x75.jpeg 56w, https:\/\/tjsokolkoberice.cz\/wp-content\/uploads\/2025\/07\/priprava2025_-480x640.jpeg 480w, https:\/\/tjsokolkoberice.cz\/wp-content\/uploads\/2025\/07\/priprava2025_.jpeg 1536w\" sizes=\"auto, (max-width:767px) 480px, (max-width:768px) 100vw, 768px\" \/><\/p>\n<p>&nbsp;<\/p>\n<div style=\"width: 1024px;\" class=\"wp-video\"><video class=\"wp-video-shortcode\" id=\"video-8735-1\" width=\"1024\" height=\"576\" preload=\"metadata\" controls=\"controls\"><source type=\"video\/mp4\" src=\"https:\/\/tjsokolkoberice.cz\/wp-content\/uploads\/2025\/07\/priprava2025.mp4?_=1\" \/><a href=\"https:\/\/tjsokolkoberice.cz\/wp-content\/uploads\/2025\/07\/priprava2025.mp4\">https:\/\/tjsokolkoberice.cz\/wp-content\/uploads\/2025\/07\/priprava2025.mp4<\/a><\/video><\/div>\n","protected":false},"excerpt":{"rendered":"<p>A mu\u017ei zah\u00e1jili p\u0159\u00edpravu na nov\u00fd ro\u010dn\u00edk Ve st\u0159edu 9. \u010dervence zah\u00e1jily Kobe\u0159ice pod veden\u00edm tren\u00e9ra Ond\u0159eje Ficka p\u0159\u00edpravu na nov\u00fd sout\u011b\u017en\u00ed ro\u010dn\u00edk krajsk\u00e9ho p\u0159eboru. B\u011bhem<span class=\"excerpt-hellip\"> [\u2026]<\/span><\/p>\n","protected":false},"author":3,"featured_media":8389,"comment_status":"closed","ping_status":"open","sticky":false,"template":"","format":"standard","meta":{"ngg_post_thumbnail":0,"footnotes":""},"categories":[115,107],"tags":[],"class_list":["post-8735","post","type-post","status-publish","format-standard","has-post-thumbnail","hentry","category-a-tym","category-fotbal"],"_links":{"self":[{"href":"https:\/\/tjsokolkoberice.cz\/index.php?rest_route=\/wp\/v2\/posts\/8735","targetHints":{"allow":["GET"]}}],"collection":[{"href":"https:\/\/tjsokolkoberice.cz\/index.php?rest_route=\/wp\/v2\/posts"}],"about":[{"href":"https:\/\/tjsokolkoberice.cz\/index.php?rest_route=\/wp\/v2\/types\/post"}],"author":[{"embeddable":true,"href":"https:\/\/tjsokolkoberice.cz\/index.php?rest_route=\/wp\/v2\/users\/3"}],"replies":[{"embeddable":true,"href":"https:\/\/tjsokolkoberice.cz\/index.php?rest_route=%2Fwp%2Fv2%2Fcomments&post=8735"}],"version-history":[{"count":1,"href":"https:\/\/tjsokolkoberice.cz\/index.php?rest_route=\/wp\/v2\/posts\/8735\/revisions"}],"predecessor-version":[{"id":8739,"href":"https:\/\/tjsokolkoberice.cz\/index.php?rest_route=\/wp\/v2\/posts\/8735\/revisions\/8739"}],"wp:featuredmedia":[{"embeddable":true,"href":"https:\/\/tjsokolkoberice.cz\/index.php?rest_route=\/wp\/v2\/media\/8389"}],"wp:attachment":[{"href":"https:\/\/tjsokolkoberice.cz\/index.php?rest_route=%2Fwp%2Fv2%2Fmedia&parent=8735"}],"wp:term":[{"taxonomy":"category","embeddable":true,"href":"https:\/\/tjsokolkoberice.cz\/index.php?rest_route=%2Fwp%2Fv2%2Fcategories&post=8735"},{"taxonomy":"post_tag","embeddable":true,"href":"https:\/\/tjsokolkoberice.cz\/index.php?rest_route=%2Fwp%2Fv2%2Ftags&post=8735"}],"curies":[{"name":"wp","href":"https:\/\/api.w.org\/{rel}","templated":true}]}}