{"id":8764,"date":"2025-08-22T11:42:52","date_gmt":"2025-08-22T10:42:52","guid":{"rendered":"https:\/\/tjsokolkoberice.cz\/?p=8764"},"modified":"2025-10-14T11:46:24","modified_gmt":"2025-10-14T10:46:24","slug":"vysledky-minuleho-tydne-32","status":"publish","type":"post","link":"https:\/\/tjsokolkoberice.cz\/?p=8764","title":{"rendered":"V\u00fdsledky minul\u00e9ho t\u00fddne"},"content":{"rendered":"<p style=\"text-align: justify;\"><span style=\"font-family: helvetica, arial, sans-serif; font-size: 12pt;\">Sobota 16.8.2025<\/span><\/p>\n<p style=\"text-align: justify;\"><span style=\"font-family: helvetica, arial, sans-serif; font-size: 12pt;\"><strong>V\u0159esina \u2013 Kobe\u0159ice 1:0 (0:0)<\/strong><\/span><\/p>\n<p style=\"text-align: justify;\"><span style=\"font-family: helvetica, arial, sans-serif; font-size: 12pt;\">Kobe\u0159ice vkro\u010dily do dal\u0161\u00ed sezony dom\u00e1c\u00ed v\u00fdhrou nad Darkovi\u010dkami, na kterou se sna\u017eily nav\u00e1zat i na p\u016fd\u011b ostravsk\u00e9 V\u0159esiny. Pod veden\u00edm kou\u010de Ond\u0159eje Ficka v\u0161ak host\u00e9 podali velice nev\u00fdrazn\u00fd v\u00fdkon, tak\u017ee jim body tentokr\u00e1t unikly. O v\u00fdsledku rozhodla jedin\u00e1 trefa dom\u00e1c\u00edho Renty.<\/span><\/p>\n<p style=\"text-align: justify;\"><span style=\"font-family: helvetica, arial, sans-serif; font-size: 12pt;\">Prvn\u00ed polo\u010das moc fotbalov\u00e9 kr\u00e1sy nepobral. Kobe\u0159ice si jedinou v\u00e1\u017en\u011bj\u0161\u00ed p\u0159\u00edle\u017eitost vypracovaly ji\u017e v 9. minut\u011b, jen\u017ee jejich kapit\u00e1na \u0160ime\u010dka bravurn\u011b vychytal brank\u00e1\u0159 Simkani\u010d. Ostravsk\u00e1 V\u0159esina nevymyslela zhola nic, tak\u017ee se fanou\u0161ci g\u00f3l\u016f nedo\u010dkali. S rem\u00edzou se ov\u0161em nespokojil dom\u00e1c\u00ed Renta, kter\u00fd na sebe v\u00fdrazn\u011b upozornil v 59. minut\u011b. Hostuj\u00edc\u00ed defenziva odklidila balon jen p\u0159ed \u0161estn\u00e1ctku, kde se do m\u00ed\u010de op\u0159el zmi\u0148ovan\u00fd Renta a prop\u00e1lil v\u0161e, co mu st\u00e1lo v cest\u011b &#8211; 1:0.<\/span><\/p>\n<p style=\"text-align: justify;\"><span style=\"font-family: helvetica, arial, sans-serif; font-size: 12pt;\">Kobe\u0159ice se samoz\u0159ejm\u011b nevzd\u00e1valy, ale v sobotn\u00edm odpoledni jim prost\u011b nebylo p\u0159\u00e1no. Ve velice slibn\u00fdch situac\u00edch se objevili p\u0159edev\u0161\u00edm Nov\u00e1\u010dek s \u0160ime\u010dkem, jen\u017ee fin\u00e1ln\u00ed f\u00e1zi pokazili, tak \u017ee m\u00edsto bod\u016f z\u016fstaly host\u016fm jen o\u010di pro pl\u00e1\u010d.<\/span><\/p>\n<p style=\"text-align: justify;\"><span style=\"font-family: helvetica, arial, sans-serif; font-size: 12pt;\">\u201eSice jsme p\u016fsobili nebezpe\u010dn\u011bj\u0161\u00edm dojmem, ale V\u0159esina si zaslou\u017eila vyhr\u00e1t, proto\u017ee \u0161la za v\u00edt\u011bzstv\u00edm mnohem hladov\u011bji ne\u017e my. V\u011bd\u011bli jsme, \u017ee n\u00e1s ne\u010dek\u00e1 nic jednoduch\u00e9ho, ale prost\u011b jsme to nezvl\u00e1dli. Jsem velmi zklaman\u00fd,&#8220; p\u0159iznal kobe\u0159ick\u00fd strat\u00e9g Ond\u0159ej Ficek. (zdroj Region opavsko)&nbsp;<\/span><\/p>\n<p style=\"text-align: justify;\"><span style=\"font-family: helvetica, arial, sans-serif; font-size: 12pt;\"><strong>Branky:<\/strong>&nbsp;59. Renta.<\/span><\/p>\n<p style=\"text-align: justify;\"><span style=\"font-family: helvetica, arial, sans-serif; font-size: 12pt;\"><strong>\u017dK:<\/strong> Kalafut, Hruz\u00edk &#8211; Nov\u00e1\u010dek<\/span><\/p>\n<p style=\"text-align: justify;\"><span style=\"font-family: helvetica, arial, sans-serif; font-size: 12pt;\"><strong>Rozhod\u010d\u00ed:<\/strong>&nbsp; Vi\u0161\u010dor \u2013 Handl\u00ed\u0159, Ki\u0161ka<\/span><\/p>\n<p style=\"text-align: justify;\"><span style=\"font-family: helvetica, arial, sans-serif; font-size: 12pt;\"><strong>Div\u00e1ci:<\/strong>&nbsp;150<\/span><\/p>\n<p style=\"text-align: justify;\"><span style=\"font-family: helvetica, arial, sans-serif; font-size: 12pt;\"><strong>Kobe\u0159ice:<\/strong>&nbsp;\u0160tencel \u2013 Ve\u010derek, \u0160evior, Kry\u0161tof (69. Stare\u010dek) &#8211; Wirth, Ka\u0161n\u00fd &#8211; \u0160. St\u0159\u00edbn\u00fd (46. Schlischka), Kraut (46. Petzuch), Slanina (69. Kubn\u00fd) Stuchl\u00edk (46. Nov\u00e1\u010dek), \u0160ime\u010dek. Tren\u00e9r: Ond\u0159ej Ficek.<\/span><\/p>\n<p style=\"text-align: justify;\">&nbsp;<\/p>\n<p style=\"text-align: justify;\"><span style=\"font-family: helvetica, arial, sans-serif; font-size: 12pt;\">Sobota 16.8.2025<\/span><\/p>\n<p style=\"text-align: justify;\"><span style=\"font-family: helvetica, arial, sans-serif; font-size: 12pt;\"><strong>Bolatice B \u2013 B mu\u017ei 5:5 (1:1) <\/strong><\/span><\/p>\n<p style=\"text-align: justify;\"><span style=\"font-family: helvetica, arial, sans-serif; font-size: 12pt;\"><strong>Branky: <\/strong>23., 51. D. Kubn\u00fd, 63. M. Kubn\u00fd, 75. Slanina, 84. Stuchl\u00edk<\/span><\/p>\n<p style=\"text-align: justify;\"><span style=\"font-family: helvetica, arial, sans-serif; font-size: 12pt;\"><strong>Sestava: <\/strong>Schlischka, Krettek, Halfar, Christoph, Kubn\u00fd M., Li\u0161ka, Kubn\u00fd D., Kupka, \u0160van\u010dar, Stuchl\u00edk, Jur\u010dek<\/span><\/p>\n<p style=\"text-align: justify;\"><span style=\"font-family: helvetica, arial, sans-serif; font-size: 12pt;\"><strong>St\u0159\u00eddali:<\/strong> Pa\u0161ek, Oberherr, Hahn, Slanina, Besta<\/span><\/p>\n<p style=\"text-align: justify;\"><span style=\"font-family: helvetica, arial, sans-serif; font-size: 12pt;\"><strong>&nbsp;<\/strong><\/span><\/p>\n<p style=\"text-align: justify;\"><span style=\"font-family: helvetica, arial, sans-serif; font-size: 12pt;\">St\u0159eda 20.8.2025<\/span><\/p>\n<p style=\"text-align: justify;\"><span style=\"font-family: helvetica, arial, sans-serif; font-size: 12pt;\"><strong>Poh\u00e1rov\u00e9 utk\u00e1n\u00ed<\/strong><\/span><\/p>\n<p style=\"text-align: justify;\"><span style=\"font-family: helvetica, arial, sans-serif; font-size: 12pt;\"><strong>Dorost \u2013 Chval\u00edkovice 0:3 (0:2)<\/strong><\/span><\/p>\n<p style=\"text-align: justify;\"><span style=\"font-family: helvetica, arial, sans-serif; font-size: 12pt;\"><strong>Sestava: <\/strong>Herich, Mrva, \u010cern\u00fd, Wr\u00f3blewski, St\u0159\u00edbn\u00fd V., St\u0159\u00edbn\u00fd V., Litzka, Grigar\u010d\u00edk, Hanzl\u00edk, Poni\u0161t, Pa\u0161ek<\/span><\/p>\n<p style=\"text-align: justify;\"><span style=\"font-family: helvetica, arial, sans-serif; font-size: 12pt;\"><strong>St\u0159\u00eddali:<\/strong> Herudek, Hartmann, Pla\u010dek, Mrovec, Kry\u0161tof, Lipnick\u00fd<\/span><\/p>\n","protected":false},"excerpt":{"rendered":"<p>Sobota 16.8.2025 V\u0159esina \u2013 Kobe\u0159ice 1:0 (0:0) Kobe\u0159ice vkro\u010dily do dal\u0161\u00ed sezony dom\u00e1c\u00ed v\u00fdhrou nad Darkovi\u010dkami, na kterou se sna\u017eily nav\u00e1zat i na p\u016fd\u011b ostravsk\u00e9 V\u0159esiny.<span class=\"excerpt-hellip\"> [\u2026]<\/span><\/p>\n","protected":false},"author":3,"featured_media":8389,"comment_status":"closed","ping_status":"open","sticky":false,"template":"","format":"standard","meta":{"ngg_post_thumbnail":0,"footnotes":""},"categories":[115,112,107],"tags":[],"class_list":["post-8764","post","type-post","status-publish","format-standard","has-post-thumbnail","hentry","category-a-tym","category-b-tym","category-fotbal"],"_links":{"self":[{"href":"https:\/\/tjsokolkoberice.cz\/index.php?rest_route=\/wp\/v2\/posts\/8764","targetHints":{"allow":["GET"]}}],"collection":[{"href":"https:\/\/tjsokolkoberice.cz\/index.php?rest_route=\/wp\/v2\/posts"}],"about":[{"href":"https:\/\/tjsokolkoberice.cz\/index.php?rest_route=\/wp\/v2\/types\/post"}],"author":[{"embeddable":true,"href":"https:\/\/tjsokolkoberice.cz\/index.php?rest_route=\/wp\/v2\/users\/3"}],"replies":[{"embeddable":true,"href":"https:\/\/tjsokolkoberice.cz\/index.php?rest_route=%2Fwp%2Fv2%2Fcomments&post=8764"}],"version-history":[{"count":1,"href":"https:\/\/tjsokolkoberice.cz\/index.php?rest_route=\/wp\/v2\/posts\/8764\/revisions"}],"predecessor-version":[{"id":8930,"href":"https:\/\/tjsokolkoberice.cz\/index.php?rest_route=\/wp\/v2\/posts\/8764\/revisions\/8930"}],"wp:featuredmedia":[{"embeddable":true,"href":"https:\/\/tjsokolkoberice.cz\/index.php?rest_route=\/wp\/v2\/media\/8389"}],"wp:attachment":[{"href":"https:\/\/tjsokolkoberice.cz\/index.php?rest_route=%2Fwp%2Fv2%2Fmedia&parent=8764"}],"wp:term":[{"taxonomy":"category","embeddable":true,"href":"https:\/\/tjsokolkoberice.cz\/index.php?rest_route=%2Fwp%2Fv2%2Fcategories&post=8764"},{"taxonomy":"post_tag","embeddable":true,"href":"https:\/\/tjsokolkoberice.cz\/index.php?rest_route=%2Fwp%2Fv2%2Ftags&post=8764"}],"curies":[{"name":"wp","href":"https:\/\/api.w.org\/{rel}","templated":true}]}}