{"id":8887,"date":"2025-08-28T11:02:14","date_gmt":"2025-08-28T10:02:14","guid":{"rendered":"https:\/\/tjsokolkoberice.cz\/?p=8767"},"modified":"2025-10-14T11:46:24","modified_gmt":"2025-10-14T10:46:24","slug":"kobericim-stacil-polocas","status":"publish","type":"post","link":"https:\/\/tjsokolkoberice.cz\/?p=8887","title":{"rendered":"Kobe\u0159ic\u00edm sta\u010dil polo\u010das"},"content":{"rendered":"<p><strong>Kobe\u0159ic\u00edm sta\u010dil polo\u010das<\/strong><\/p>\n<p>Ned\u011ble 24.8.2025<\/p>\n<p><strong>Fren\u0161t\u00e1t p. R. &#8211; Kobe\u0159ice 1:4 (1:4)<\/strong><\/p>\n<p>Fotbalist\u00e9 Kobe\u0159ic podruh\u00e9 za sebou nastoupili venku. Z ostravsk\u00e9 V\u0159esiny se vraceli s pr\u00e1zdnou, tak\u017ee ve Fren\u0161t\u00e1tu pod Radho\u0161t\u011bm usilovali o v\u00fdsledkov\u00fd repar\u00e1t. Host\u00e9 sice hned v \u00favodu inkasovali, ale ve zbytku prvn\u00edho polo\u010dasu vst\u0159elili \u010dty\u0159i g\u00f3ly, tak\u017ee druh\u00e1 p\u016fle u\u017e prob\u00edhala pouze z povinnosti. Hattrickem se bl\u00fdskl \u0160ime\u010dek.<\/p>\n<p>Dom\u00e1c\u00ed fanou\u0161ky rozhodn\u011b pot\u011b\u0161ila 2. minuta. Po faulu \u0160eviora se p\u00edskala penalta, kterou nadvakr\u00e1t prom\u011bnil Bzirsk\u00fd &#8211; 1:0. Kobe\u0159ice na\u0161t\u011bst\u00ed neskl\u00e1daly zbran\u011b. Hned vz\u00e1p\u011bt\u00ed vymyslel Kolar\u010d\u00edk pr\u016fnikov\u00fd pas na \u0160ime\u010dka, kter\u00fd rozjel sv\u00e9 ned\u011bl n\u00ed galap\u0159edstaven\u00ed \u2013 1:1. Po p\u0159\u00edm\u00e1ku Ka\u0161n\u00e9ho n\u00e1sledn\u011b hostuj\u00edc\u00ed Wirth hlavi\u010dkoval do ty\u010dky. V\u00fdsledkov\u00fd obrat tak nad\u00e1le re\u017e\u00edroval \u0160ime\u010dek, kdy\u017e tentokr\u00e1t sk\u00f3roval po p\u011bkn\u00e9 kombinaci Kolar\u010d\u00edka se Slaninou 1:2. \u010cist\u00e9ho hattricku \u0160ime\u010dek dos\u00e1hl ve 32. minut\u011b. Stuchl\u00edk vyslal \u0160ime\u010dka do nad\u011bjn\u00e9ho \u00faniku, kter\u00fdm kobe\u0159ick\u00fd kapit\u00e1n nepohrdl &#8211; 1:3. Na opa\u010dn\u00e9 stran\u011b se zaskv\u011bl hostuj\u00edc\u00ed brank\u00e1\u0159 \u0160tencel, proto\u017ee zlikvidoval t\u0159i tutovky soupe\u0159e. Host\u00e9 naopak p\u00e1lili ostr\u00fdmi n\u00e1boji. Kr\u00e1tce p\u0159ed p\u0159est\u00e1vkou \u0160ime\u010dek znovu nabral neskute\u010dnou rychlost a nesobecky vyb\u00eddl k \u010dtvrt\u00e9 tref\u00e9 Stuchl\u00edka &#8211; 1:4. Ve druh\u00e9 p\u016fli u\u017e se nic podstatn\u00e9ho nestalo.&nbsp;<\/p>\n<p>\u201e\u00davodn\u00edch p\u011bt minut bylo z na\u0161\u00ed strany \u0161patn\u00fdch, ale na vedouc\u00ed g\u00f3l Fren\u0161t\u00e1tu jsme na\u0161t\u011bst\u00ed okam\u017eit\u011b odpov\u011bd\u011bli. Je\u0161t\u011b do p\u0159est\u00e1vky jsme odsko\u010dili a pak jsme to kontrolovali. Jsem r\u00e1d, \u017ee jsme po\u0161et\u0159ili s\u00edly, proto\u017ee n\u00e1s \u010dek\u00e1 n\u00e1ro\u010dn\u00fd program,\u201c liboval si kobe\u0159ick\u00fd strat\u00e9g Ond\u0159ej Ficek. (zdroj Region opavsko)<\/p>\n<p><strong>Branky:<\/strong>&nbsp;2. Bzirsk\u00fd \u2013 4., 16. a 32. \u0160ime\u010dek, 41. Stuchl\u00edk.<\/p>\n<p><strong>Rozhod\u010d\u00ed:<\/strong>&nbsp; Revaj \u2013 Bolec, M\u011bk\u00fd\u0161<\/p>\n<p><strong>\u017dK:<\/strong> Bezloja \u2013 St\u0159\u00edbn\u00fd<\/p>\n<p><strong>Div\u00e1ci:<\/strong>&nbsp;193<\/p>\n<p><strong>Kobe\u0159ice:<\/strong>&nbsp;\u0160tencel \u2013 Schlischka (59. Kry\u0161tof), \u0160evior, Ve\u010derek \u2013 Slanina (59. \u0160. St\u0159\u00edbn\u00fd, 74. V. St\u0159\u00edbn\u00fd), Ka\u0161n\u00fd (59. Kubn\u00fd), Wirth, Kolar\u010d\u00edk, Nov\u00e1\u010dek &#8211; Stuchl\u00edk, \u0160ime\u010dek (59. Kraut). Tren\u00e9r: Ond\u0159ej&nbsp;Ficek.<\/p>\n<p>&nbsp;<\/p>\n<p>Sobota 23.8. 2025<\/p>\n<h4><strong>B mu\u017ei\u2013 Chval\u00edkovice 3:3 (1:1)<\/strong><\/h4>\n<h4>Branky: 37. \u010cujek, 56. Seidler, 79.(p) Stuchl\u00edk<\/h4>\n<p><strong>Sestava<\/strong>: Hartmann O., Kretek, Halfar, Christoph, \u010cujek, Li\u0161ka, Kupka, Stuchl\u00edk, Jur\u010dek, Kubn\u00fd D., Hahn<\/p>\n<p><strong>St\u0159\u00eddali<\/strong>: Seidler, Kov\u00e1\u0159, Oberherr, Besta, Slanina O.<\/p>\n<p>&nbsp;<\/p>\n<p>St\u0159eda 20.8. 2025<\/p>\n<h4><strong>Dorost \u2013 Chval\u00edkovice 0:3 (0:2)<\/strong><\/h4>\n<p><strong>Sestava<\/strong>: Herich, Mrva, Grigar\u010d\u00edk, Litzka, Pa\u0161ek, St\u0159\u00edbn\u00fd, St\u0159\u00edbn\u00fd, Schweidler, Poni\u0161t, \u010cern\u00fd, Wr\u00f3blewski<\/p>\n<p><strong>St\u0159\u00eddali<\/strong>: Kry\u0161tof, Herudek, Mrovec, Pla\u010dek, Hartmann, Lipnick\u00fd<\/p>\n<p>Sobota 23.8. 2025<\/p>\n<h4><strong>Velk\u00e1 Polom \u2013 St. \u017e\u00e1ci 2:1 (1:1)<\/strong><\/h4>\n<h4><strong>Branky:<\/strong> 20. Juchelka<\/h4>\n<p><strong>Sestava<\/strong>: Malch\u00e1rek, Schweidler, Krettek, Sitta, Meleck\u00fd D., Meleck\u00fd M., Letzi\u00e1n, Juchelka, Kone\u010dn\u00fd, Valer, St\u0159\u00edbn\u00fd<\/p>\n<p><strong>St\u0159\u00eddali<\/strong>: Balarin<\/p>\n<p>&nbsp;<\/p>\n<h4><strong>Velk\u00e1 Polom \u2013 Ml. \u017e\u00e1ci 3:2 (3:1)<\/strong><\/h4>\n<h4><strong>Branky:<\/strong> 8. Vidl\u00e1k J., 65. Baranec<\/h4>\n<p><strong>Sestava<\/strong>: Balarin, St\u0159\u00edbn\u00fd, Vyb\u00edral, Bialas, Jadrn\u00e1, Letzi\u00e1n, Valer, Vidl\u00e1kov\u00e1, Vidl\u00e1k J., Vidl\u00e1k M., Baranec<\/p>\n<p>&nbsp;<br \/>\nTABULKY<br \/>\n[cs_button button_size=&#8220;btn-lg&#8220; button_title=&#8220;Mu\u017ei A&#8220; button_link=&#8220;https:\/\/www.fotbal.cz\/souteze\/turnaje\/hlavni\/e62826bf-ed9a-488f-8aab-a6d4d6113506&#8243; button_border=&#8220;yes&#8220; =&#8220;null&#8220; button_icon=&#8220;icon-th&#8220; button_icon_position=&#8220;left&#8220; button_type=&#8220;rectangle&#8220; button_target=&#8220;_blank&#8220;][cs_button button_size=&#8220;btn-lg&#8220; button_title=&#8220;Mu\u017ei B&#8220; button_link=&#8220;https:\/\/www.fotbal.cz\/souteze\/turnaje\/hlavni\/d6fc7cea-c8db-469e-94c1-bd6e1ff5aad8&#8243; button_border=&#8220;yes&#8220; =&#8220;null&#8220; button_icon=&#8220;icon-th&#8220; button_icon_position=&#8220;left&#8220; button_type=&#8220;rectangle&#8220; button_target=&#8220;_blank&#8220;][cs_button button_size=&#8220;btn-lg&#8220; button_title=&#8220;Dorost&#8220; button_link=&#8220;https:\/\/www.fotbal.cz\/souteze\/turnaje\/hlavni\/daef9305-625b-44ff-95ce-73052a58f56a&#8220; button_border=&#8220;yes&#8220; =&#8220;null&#8220; button_icon=&#8220;icon-th&#8220; button_icon_position=&#8220;left&#8220; button_type=&#8220;rectangle&#8220; button_target=&#8220;_blank&#8220;][cs_button button_size=&#8220;btn-lg&#8220; button_title=&#8220;Star\u0161\u00ed \u017e\u00e1ci&#8220; button_link=&#8220;https:\/\/www.fotbal.cz\/souteze\/turnaje\/hlavni\/f69032eb-36bf-4e80-a8e4-348921684309&#8243; button_border=&#8220;yes&#8220; =&#8220;null&#8220; button_icon=&#8220;icon-th&#8220; button_icon_position=&#8220;left&#8220; button_type=&#8220;rectangle&#8220; button_target=&#8220;_blank&#8220;][cs_button button_size=&#8220;btn-lg&#8220; button_title=&#8220;Mlad\u0161\u00ed \u017e\u00e1ci&#8220; button_link=&#8220;https:\/\/www.fotbal.cz\/souteze\/turnaje\/hlavni\/7880daba-a312-44d1-acc3-4774320a130b&#8220; button_border=&#8220;yes&#8220; =&#8220;null&#8220; button_icon=&#8220;icon-th&#8220; button_icon_position=&#8220;left&#8220; button_type=&#8220;rectangle&#8220; button_target=&#8220;_blank&#8220;][cs_button button_size=&#8220;btn-lg&#8220; button_title=&#8220;St. p\u0159\u00edpravka&#8220; button_link=&#8220;https:\/\/www.fotbal.cz\/souteze\/turnaje\/hlavni\/f9fd4d80-ae23-46e3-b743-0109b37c18a5&#8243; button_border=&#8220;yes&#8220; =&#8220;null&#8220; button_icon=&#8220;icon-th&#8220; button_icon_position=&#8220;left&#8220; button_type=&#8220;rectangle&#8220; button_target=&#8220;_blank&#8220;][cs_button button_size=&#8220;btn-lg&#8220; button_title=&#8220;Ml. p\u0159\u00edpravka&#8220; button_link=&#8220;https:\/\/www.fotbal.cz\/souteze\/turnaje\/hlavni\/a514e591-3dac-4350-af0a-f655e3d4f268&#8243; button_border=&#8220;yes&#8220; =&#8220;null&#8220; button_icon=&#8220;icon-th&#8220; button_icon_position=&#8220;left&#8220; button_type=&#8220;rectangle&#8220; button_target=&#8220;_blank&#8220;]<br \/>\n&nbsp;<\/p>\n","protected":false},"excerpt":{"rendered":"<p>Kobe\u0159ic\u00edm sta\u010dil polo\u010das Ned\u011ble 24.8.2025 Fren\u0161t\u00e1t p. R. &#8211; Kobe\u0159ice 1:4 (1:4) Fotbalist\u00e9 Kobe\u0159ic podruh\u00e9 za sebou nastoupili venku. Z ostravsk\u00e9 V\u0159esiny se vraceli s pr\u00e1zdnou,<span class=\"excerpt-hellip\"> [\u2026]<\/span><\/p>\n","protected":false},"author":3,"featured_media":8005,"comment_status":"closed","ping_status":"open","sticky":false,"template":"","format":"standard","meta":{"ngg_post_thumbnail":0,"footnotes":""},"categories":[115,112,110,107,117,111],"tags":[],"class_list":["post-8887","post","type-post","status-publish","format-standard","has-post-thumbnail","hentry","category-a-tym","category-b-tym","category-dorost","category-fotbal","category-mladsi-zaci","category-starsi-zaci"],"_links":{"self":[{"href":"https:\/\/tjsokolkoberice.cz\/index.php?rest_route=\/wp\/v2\/posts\/8887","targetHints":{"allow":["GET"]}}],"collection":[{"href":"https:\/\/tjsokolkoberice.cz\/index.php?rest_route=\/wp\/v2\/posts"}],"about":[{"href":"https:\/\/tjsokolkoberice.cz\/index.php?rest_route=\/wp\/v2\/types\/post"}],"author":[{"embeddable":true,"href":"https:\/\/tjsokolkoberice.cz\/index.php?rest_route=\/wp\/v2\/users\/3"}],"replies":[{"embeddable":true,"href":"https:\/\/tjsokolkoberice.cz\/index.php?rest_route=%2Fwp%2Fv2%2Fcomments&post=8887"}],"version-history":[{"count":1,"href":"https:\/\/tjsokolkoberice.cz\/index.php?rest_route=\/wp\/v2\/posts\/8887\/revisions"}],"predecessor-version":[{"id":8929,"href":"https:\/\/tjsokolkoberice.cz\/index.php?rest_route=\/wp\/v2\/posts\/8887\/revisions\/8929"}],"wp:featuredmedia":[{"embeddable":true,"href":"https:\/\/tjsokolkoberice.cz\/index.php?rest_route=\/wp\/v2\/media\/8005"}],"wp:attachment":[{"href":"https:\/\/tjsokolkoberice.cz\/index.php?rest_route=%2Fwp%2Fv2%2Fmedia&parent=8887"}],"wp:term":[{"taxonomy":"category","embeddable":true,"href":"https:\/\/tjsokolkoberice.cz\/index.php?rest_route=%2Fwp%2Fv2%2Fcategories&post=8887"},{"taxonomy":"post_tag","embeddable":true,"href":"https:\/\/tjsokolkoberice.cz\/index.php?rest_route=%2Fwp%2Fv2%2Ftags&post=8887"}],"curies":[{"name":"wp","href":"https:\/\/api.w.org\/{rel}","templated":true}]}}